{"id":35681,"date":"2023-10-06T14:40:37","date_gmt":"2023-10-06T17:40:37","guid":{"rendered":"https:\/\/radiorevelacionfm.cl\/?p=35681"},"modified":"2023-10-06T14:40:37","modified_gmt":"2023-10-06T17:40:37","slug":"tras-reunion-alcalde-y-director-nacional-del-sag-avanza-proyecto-del-complejo-atletico-para-aysen","status":"publish","type":"post","link":"https:\/\/radiorevelacionfm.cl\/?p=35681","title":{"rendered":"Tras reuni\u00f3n Alcalde y Director Nacional del SAG avanza proyecto del Complejo Atl\u00e9tico para Ays\u00e9n"},"content":{"rendered":"<div class=\"flex_column av_one_full  flex_column_div av-zero-column-padding first  avia-builder-el-0  el_before_av_one_full  avia-builder-el-first  \" style='border-radius:0px; '><div  class='avia-image-container  av-styling-    avia-builder-el-1  avia-builder-el-no-sibling  avia-align-center '  itemprop=\"image\" itemscope=\"itemscope\" itemtype=\"https:\/\/schema.org\/ImageObject\"  ><div class='avia-image-container-inner'><div class='avia-image-overlay-wrap'><img decoding=\"async\" class='wp-image-35682 avia-img-lazy-loading-not-35682 avia_image' src=\"https:\/\/radiorevelacionfm.cl\/wp-content\/uploads\/2023\/10\/DIRECTOR-SAG-1-1-1.jpeg\" alt='' title='DIRECTOR SAG 1 (1) (1)' height=\"600\" width=\"800\"  itemprop=\"thumbnailUrl\" srcset=\"https:\/\/radiorevelacionfm.cl\/wp-content\/uploads\/2023\/10\/DIRECTOR-SAG-1-1-1.jpeg 800w, https:\/\/radiorevelacionfm.cl\/wp-content\/uploads\/2023\/10\/DIRECTOR-SAG-1-1-1-300x225.jpeg 300w, https:\/\/radiorevelacionfm.cl\/wp-content\/uploads\/2023\/10\/DIRECTOR-SAG-1-1-1-768x576.jpeg 768w, https:\/\/radiorevelacionfm.cl\/wp-content\/uploads\/2023\/10\/DIRECTOR-SAG-1-1-1-705x529.jpeg 705w, https:\/\/radiorevelacionfm.cl\/wp-content\/uploads\/2023\/10\/DIRECTOR-SAG-1-1-1-450x338.jpeg 450w, https:\/\/radiorevelacionfm.cl\/wp-content\/uploads\/2023\/10\/DIRECTOR-SAG-1-1-1-600x450.jpeg 600w\" sizes=\"(max-width: 800px) 100vw, 800px\" \/><\/div><\/div><\/div><\/div><div class=\"flex_column av_one_full  flex_column_div av-zero-column-padding first  avia-builder-el-2  el_after_av_one_full  el_before_av_one_full  column-top-margin\" style='border-radius:0px; '><section class=\"av_textblock_section \"  itemscope=\"itemscope\" itemtype=\"https:\/\/schema.org\/BlogPosting\" itemprop=\"blogPost\" ><div class='avia_textblock  '   itemprop=\"text\" ><p style=\"text-align: center;\"><strong><span style=\"font-size: 18pt;\">Tras reuni\u00f3n Alcalde y Director Nacional del SAG avanza proyecto del Complejo Atl\u00e9tico para Ays\u00e9n<\/span><\/strong><\/p>\n<div id=\"gtx-trans\" style=\"position: absolute; left: -50px; top: 4.31534px;\">\n<div class=\"gtx-trans-icon\"><\/div>\n<\/div>\n<\/div><\/section><\/div><div class=\"flex_column av_one_full  flex_column_div av-zero-column-padding first  avia-builder-el-4  el_after_av_one_full  el_before_av_hr  column-top-margin\" style='border-radius:0px; '><section class=\"av_textblock_section \"  itemscope=\"itemscope\" itemtype=\"https:\/\/schema.org\/BlogPosting\" itemprop=\"blogPost\" ><div class='avia_textblock  '   itemprop=\"text\" ><p style=\"text-align: justify;\">En su reciente viaje a la capital del pa\u00eds, el Alcalde de la comuna de Ays\u00e9n, Julio Uribe, entre otras actividades, pudo reunirse con el Director Nacional del SAG, Jos\u00e9 Guajardo, quien estableci\u00f3 llevar adelante un trabajo coordinado en diversas materias, pero en esta oportunidad, lo fundamental fue abordar la posibilidad de que el Servicio Agr\u00edcola y Ganadero pueda entregar una franja de terreno en Ays\u00e9n, la que permitir\u00e1 desarrollar el proyecto de un complejo Atl\u00e9tico.<\/p>\n<p style=\"text-align: justify;\">Esto debido a que, las instalaciones del SAG en Puerto Ays\u00e9n colindan con el terreno donde se pretende construir el recinto destinado al atletismo. En esa l\u00ednea y desde el primer minuto, la autoridad del nivel central mostr\u00f3 la voluntad para avanzar en esta importante iniciativa deportiva. As\u00ed lo resalt\u00f3 el Alcalde, Julio Uribe.<\/p>\n<p style=\"text-align: justify;\">\u201cMuy contentos, estuvimos con Jos\u00e9 Guajardo, quien es el director nacional de Servicio Agr\u00edcola y Ganadero, el cual, nos dio su apoyo para poder seguir avanzando en el proyecto de la pista atl\u00e9tica. Recordar que, tenemos un terreno, pero que tiene el espacio para todos los carriles, por lo tanto, estamos haciendo las gestiones a nivel nacional para conseguir estos metros que faltan y el director ha manifestado la voluntad de poder ayudarnos. As\u00ed es que, ya vamos a trabajar en la parte m\u00e1s t\u00e9cnica, para seguir avanzando en este gran proyecto para Ays\u00e9n\u201d.<\/p>\n<p style=\"text-align: justify;\">En tanto, el Director Nacional del SAG, Jos\u00e9 Guajardo, valor\u00f3 que una autoridad comunal llegue de tan lejos para buscar soluci\u00f3n a iniciativas importantes para la comunidad, por ello, comprometi\u00f3 trabajar en conjunto.<\/p>\n<p style=\"text-align: justify;\">\u201cHa sido muy grata la reuni\u00f3n con el Alcalde, Julio Uribe, ver a nuestra autoridad de lugares tan extremos de nuestro pa\u00eds llegar ac\u00e1 a Santiago, buscando solucionar las necesidades que tiene la comunidad, para nosotros es muy grato y obviamente nos obliga a entregar todo nuestro tiempo, nuestros recursos y nuestros apoyos para que as\u00ed sea. Estamos ahora viendo un tema de un terreno para un espacio deportivo, para los ni\u00f1os de Ays\u00e9n, para los grandes competidores de all\u00e1, con mucho gusto estamos viendo todas las posibilidades que tenga el SAG de aportar en eso\u201d.<\/p>\n<p style=\"text-align: justify;\">A ra\u00edz de las reuniones se estableci\u00f3 un trabajo mancomunado entre el SAG y la Municipalidad de Ays\u00e9n para continuar abordando temas medio ambientales y ecol\u00f3gicos, incluyendo una pronta visita a la comuna del director nacional del Servicio Agr\u00edcola y Ganadero.<\/p>\n<\/div><\/section><\/div><div  style='height:50px' class='hr hr-invisible   avia-builder-el-6  el_after_av_one_full  el_before_av_social_share '><span class='hr-inner ' ><span class='hr-inner-style'><\/span><\/span><\/div><\/p>\n<div  class='av-social-sharing-box  avia-builder-el-7  el_after_av_hr  el_before_av_hr  '><div class='av-share-box'><h5 class='av-share-link-description av-no-toc '>Compartir esta noticia<\/h5><ul class='av-share-box-list noLightbox'><li class='av-share-link av-social-link-facebook' ><a target=\"_blank\" aria-label=\"Compartir en Facebook\" href='https:\/\/www.facebook.com\/sharer.php?u=https:\/\/radiorevelacionfm.cl\/?p=35681&#038;t=Tras%20reuni%C3%B3n%20Alcalde%20y%20Director%20Nacional%20del%20SAG%20avanza%20proyecto%20del%20Complejo%20Atl%C3%A9tico%20para%20Ays%C3%A9n' aria-hidden='false' data-av_icon='\ue8f3' data-av_iconfont='entypo-fontello' title='' data-avia-related-tooltip='Compartir en Facebook' rel=\"noopener\"><span class='avia_hidden_link_text'>Compartir en Facebook<\/span><\/a><\/li><li class='av-share-link av-social-link-twitter' ><a target=\"_blank\" aria-label=\"Compartir en Twitter\" href='https:\/\/twitter.com\/share?text=Tras%20reuni%C3%B3n%20Alcalde%20y%20Director%20Nacional%20del%20SAG%20avanza%20proyecto%20del%20Complejo%20Atl%C3%A9tico%20para%20Ays%C3%A9n&#038;url=https:\/\/radiorevelacionfm.cl\/?p=35681' aria-hidden='false' data-av_icon='\ue8f1' data-av_iconfont='entypo-fontello' title='' data-avia-related-tooltip='Compartir en Twitter' rel=\"noopener\"><span class='avia_hidden_link_text'>Compartir en Twitter<\/span><\/a><\/li><li class='av-share-link av-social-link-whatsapp' ><a target=\"_blank\" aria-label=\"Compartir en Whatsapp\" href='https:\/\/api.whatsapp.com\/send?text=https:\/\/radiorevelacionfm.cl\/?p=35681' aria-hidden='false' data-av_icon='\uf232' data-av_iconfont='entypo-fontello' title='' data-avia-related-tooltip='Compartir en Whatsapp' rel=\"noopener\"><span class='avia_hidden_link_text'>Compartir en Whatsapp<\/span><\/a><\/li><li class='av-share-link av-social-link-linkedin' ><a target=\"_blank\" aria-label=\"Compartir en LinkedIn\" href='https:\/\/linkedin.com\/shareArticle?mini=true&#038;title=Tras%20reuni%C3%B3n%20Alcalde%20y%20Director%20Nacional%20del%20SAG%20avanza%20proyecto%20del%20Complejo%20Atl%C3%A9tico%20para%20Ays%C3%A9n&#038;url=https:\/\/radiorevelacionfm.cl\/?p=35681' aria-hidden='false' data-av_icon='\ue8fc' data-av_iconfont='entypo-fontello' title='' data-avia-related-tooltip='Compartir en LinkedIn' rel=\"noopener\"><span class='avia_hidden_link_text'>Compartir en LinkedIn<\/span><\/a><\/li><li class='av-share-link av-social-link-mail' ><a  aria-label=\"Compartir por correo\" href='mailto:?subject=Tras%20reuni%C3%B3n%20Alcalde%20y%20Director%20Nacional%20del%20SAG%20avanza%20proyecto%20del%20Complejo%20Atl%C3%A9tico%20para%20Ays%C3%A9n&#038;body=https:\/\/radiorevelacionfm.cl\/?p=35681' aria-hidden='false' data-av_icon='\ue805' data-av_iconfont='entypo-fontello' title='' data-avia-related-tooltip='Compartir por correo'><span class='avia_hidden_link_text'>Compartir por correo<\/span><\/a><\/li><\/ul><\/div><\/div>\n<div  style='height:50px' class='hr hr-invisible   avia-builder-el-8  el_after_av_social_share  el_before_av_comments_list '><span class='hr-inner ' ><span class='hr-inner-style'><\/span><\/span><\/div>\n<div  class='av-buildercomment  av-blog-meta-html-info-disabled av-blog-meta-tag-disabled  '><\/div>\n","protected":false},"excerpt":{"rendered":"","protected":false},"author":1,"featured_media":35682,"comment_status":"open","ping_status":"open","sticky":false,"template":"","format":"standard","meta":{"footnotes":""},"categories":[38],"tags":[],"class_list":["post-35681","post","type-post","status-publish","format-standard","has-post-thumbnail","hentry","category-regional"],"jetpack_featured_media_url":"https:\/\/radiorevelacionfm.cl\/wp-content\/uploads\/2023\/10\/DIRECTOR-SAG-1-1-1.jpeg","_links":{"self":[{"href":"https:\/\/radiorevelacionfm.cl\/index.php?rest_route=\/wp\/v2\/posts\/35681","targetHints":{"allow":["GET"]}}],"collection":[{"href":"https:\/\/radiorevelacionfm.cl\/index.php?rest_route=\/wp\/v2\/posts"}],"about":[{"href":"https:\/\/radiorevelacionfm.cl\/index.php?rest_route=\/wp\/v2\/types\/post"}],"author":[{"embeddable":true,"href":"https:\/\/radiorevelacionfm.cl\/index.php?rest_route=\/wp\/v2\/users\/1"}],"replies":[{"embeddable":true,"href":"https:\/\/radiorevelacionfm.cl\/index.php?rest_route=%2Fwp%2Fv2%2Fcomments&post=35681"}],"version-history":[{"count":1,"href":"https:\/\/radiorevelacionfm.cl\/index.php?rest_route=\/wp\/v2\/posts\/35681\/revisions"}],"predecessor-version":[{"id":35683,"href":"https:\/\/radiorevelacionfm.cl\/index.php?rest_route=\/wp\/v2\/posts\/35681\/revisions\/35683"}],"wp:featuredmedia":[{"embeddable":true,"href":"https:\/\/radiorevelacionfm.cl\/index.php?rest_route=\/wp\/v2\/media\/35682"}],"wp:attachment":[{"href":"https:\/\/radiorevelacionfm.cl\/index.php?rest_route=%2Fwp%2Fv2%2Fmedia&parent=35681"}],"wp:term":[{"taxonomy":"category","embeddable":true,"href":"https:\/\/radiorevelacionfm.cl\/index.php?rest_route=%2Fwp%2Fv2%2Fcategories&post=35681"},{"taxonomy":"post_tag","embeddable":true,"href":"https:\/\/radiorevelacionfm.cl\/index.php?rest_route=%2Fwp%2Fv2%2Ftags&post=35681"}],"curies":[{"name":"wp","href":"https:\/\/api.w.org\/{rel}","templated":true}]}}