{"id":35678,"date":"2023-10-06T12:39:39","date_gmt":"2023-10-06T15:39:39","guid":{"rendered":"https:\/\/radiorevelacionfm.cl\/?p=35678"},"modified":"2023-10-06T12:39:39","modified_gmt":"2023-10-06T15:39:39","slug":"18-familias-de-coyhaique-implementan-tecnologias-para-el-autoconsumo","status":"publish","type":"post","link":"https:\/\/radiorevelacionfm.cl\/?p=35678","title":{"rendered":"18 familias de Coyhaique implementan tecnolog\u00edas para el autoconsumo"},"content":{"rendered":"<div class=\"flex_column av_one_full  flex_column_div av-zero-column-padding first  avia-builder-el-0  el_before_av_one_full  avia-builder-el-first  \" style='border-radius:0px; '><div  class='avia-image-container  av-styling-    avia-builder-el-1  avia-builder-el-no-sibling  avia-align-center '  itemprop=\"image\" itemscope=\"itemscope\" itemtype=\"https:\/\/schema.org\/ImageObject\"  ><div class='avia-image-container-inner'><div class='avia-image-overlay-wrap'><img decoding=\"async\" class='wp-image-35679 avia-img-lazy-loading-not-35679 avia_image' src=\"https:\/\/radiorevelacionfm.cl\/wp-content\/uploads\/2023\/10\/2SA-1-2.jpeg\" alt='' title='2SA (1) (2)' height=\"600\" width=\"1067\"  itemprop=\"thumbnailUrl\" srcset=\"https:\/\/radiorevelacionfm.cl\/wp-content\/uploads\/2023\/10\/2SA-1-2.jpeg 1067w, https:\/\/radiorevelacionfm.cl\/wp-content\/uploads\/2023\/10\/2SA-1-2-300x169.jpeg 300w, https:\/\/radiorevelacionfm.cl\/wp-content\/uploads\/2023\/10\/2SA-1-2-1030x579.jpeg 1030w, https:\/\/radiorevelacionfm.cl\/wp-content\/uploads\/2023\/10\/2SA-1-2-768x432.jpeg 768w, https:\/\/radiorevelacionfm.cl\/wp-content\/uploads\/2023\/10\/2SA-1-2-705x396.jpeg 705w, https:\/\/radiorevelacionfm.cl\/wp-content\/uploads\/2023\/10\/2SA-1-2-450x253.jpeg 450w, https:\/\/radiorevelacionfm.cl\/wp-content\/uploads\/2023\/10\/2SA-1-2-600x337.jpeg 600w\" sizes=\"(max-width: 1067px) 100vw, 1067px\" \/><\/div><\/div><\/div><\/div><div class=\"flex_column av_one_full  flex_column_div av-zero-column-padding first  avia-builder-el-2  el_after_av_one_full  el_before_av_one_full  column-top-margin\" style='border-radius:0px; '><section class=\"av_textblock_section \"  itemscope=\"itemscope\" itemtype=\"https:\/\/schema.org\/BlogPosting\" itemprop=\"blogPost\" ><div class='avia_textblock  '   itemprop=\"text\" ><p style=\"text-align: center;\"><span style=\"font-size: 18pt;\"><strong>18 familias de Coyhaique implementan tecnolog\u00edas para el autoconsumo<\/strong><\/span><\/p>\n<div id=\"gtx-trans\" style=\"position: absolute; left: -50px; top: 4.31534px;\">\n<div class=\"gtx-trans-icon\"><\/div>\n<\/div>\n<\/div><\/section><\/div><div class=\"flex_column av_one_full  flex_column_div av-zero-column-padding first  avia-builder-el-4  el_after_av_one_full  el_before_av_hr  column-top-margin\" style='border-radius:0px; '><section class=\"av_textblock_section \"  itemscope=\"itemscope\" itemtype=\"https:\/\/schema.org\/BlogPosting\" itemprop=\"blogPost\" ><div class='avia_textblock  '   itemprop=\"text\" ><p style=\"text-align: justify;\">El programa de Apoyo a la Seguridad Alimentaria busca contribuir en aumentar la disponibilidad de alimentos saludables mediante la educaci\u00f3n y la auto-provisi\u00f3n, para as\u00ed complementar necesidades alimentarias y\u00a0mejorar las condiciones de vida de familias vulnerables que participan en los programas Familias, Calle, Camino y V\u00ednculos del Subsistema de Seguridades y Oportunidades.<\/p>\n<p style=\"text-align: justify;\">En las visitas participaron la Seremi de Desarrollo Social y Familia, Karina Acevedo; la Directora Regional del FOSIS, Fernanda Leiva y el Director de la Unidad de Estudios Regionales del Campus Patagonia UACh, Eduardo Aedo; quienes junto a los equipos t\u00e9cnicos de las tres entidades involucradas acompa\u00f1aron las entregas de equipamiento a parte de las 18 familias usuarias de la comuna de Coyhaique.<\/p>\n<p style=\"text-align: justify;\">Carla C\u00e1rcamo, usuaria del programa de Apoyo a la Seguridad Alimentaria en Coyhaique, agradeci\u00f3 el apoyo que le ha brindado el programa para poder instalar un invernadero que se ajusta a sus necesidades. \u201cLo est\u00e1bamos esperando con hartas ganas para instalarlo y planta todas las cositas que uno quiere. El hecho de poder tener un invernadero compacto para el espacio que tenemos es algo bueno para nosotros y seguir con lo que hac\u00eda mi mam\u00e1 de plantar y todas esas cositas que queremos hacer. Con la ayuda de la Universidad y las capacitaciones que nos van a hacer para aprender m\u00e1s porque yo no s\u00e9 mucho de esto y las capacitaciones nos van a servir harto.\u201d<\/p>\n<p style=\"text-align: justify;\">La Seremi de Desarrollo Social y Familia, Karina Acevedo, mencion\u00f3 que \u201cpara nosotros ha sido tremendamente beneficioso tener este convenio con la UACh, para poder entregar todos sus conocimientos y capacidades a nuestras familias que son del Subsistema de Seguridades y Oportunidades. Para nosotros como Gobierno es muy importante constatar que estos apoyos son efectivos, atingentes y dan una respuesta real a las personas. Nuestra usuaria Carla nos ha planteado una propuesta innovadora, de acuerdo a su espacio, para poder tener su invernadero en el hogar y la soluci\u00f3n alimentaria en cuanto a verduras y hortalizas.\u201d<\/p>\n<p style=\"text-align: justify;\">Fernanda Leiva, Directora Regional del FOSIS, recalc\u00f3 que \u201cestamos contentos porque se entregan estas herramientas e insumos para que las familias tengan acceso a plantar sus propios productos y a mejorar su dieta, adem\u00e1s de todos los procesos de talleres y nuevos conocimientos que se van adquiriendo y entregando a las familias en sus propios hogares. Nuestros profesionales han estado acompa\u00f1ando todo este proceso y nos queda una parte para finalizar. Estamos felices por la entrega de este invernadero que es muy innovador, especialmente dise\u00f1ado para espacios peque\u00f1os, como es el caso de las familias que son parte del Subsistema y que responde a la realidad de la comuna de Coyhaique\u201d.<\/p>\n<p style=\"text-align: justify;\">Eduardo Aedo, Director de la Unidad de Estudios Regionales del Campus Patagonia UACh, destac\u00f3 que \u201ces un programa que nos llam\u00f3 la atenci\u00f3n desde un comienzo, ya que cumple varios objetivos que persigue la Universidad, como por ejemplo la formaci\u00f3n de estudiantes, ya que en este programa est\u00e1n participando estudiantes de nuestra carrera T\u00e9cnico en Producci\u00f3n Agropecuaria, por lo tanto se transforma en una experiencia de aprendizaje para ellos, que permite la interacci\u00f3n con equipos expertos en producci\u00f3n hort\u00edcola y nos ayuda a cumplir nuestra misi\u00f3n con acciones efectivas, a trav\u00e9s de la formaci\u00f3n, investigaci\u00f3n y estos proyectos de desarrollo que impactan directamente a la comunidad\u201d.<\/p>\n<p style=\"text-align: justify;\">El programa de Apoyo a la Seguridad Alimentaria trabaja principalmente en la implementaci\u00f3n de tecnolog\u00edas como huertos al aire libre, invernaderos, camas altas, gallineros, hornos de barro, cierre perimetral y conservaci\u00f3n de alimentos.<\/p>\n<p style=\"text-align: justify;\">La cobertura 2022 que se encuentra en etapa de implementaci\u00f3n y cierre contempla a las comunas de Coyhaique, Guaitecas, Chile Chico y Cochrane; donde se interviene a un total de 57 familias.<\/p>\n<\/div><\/section><\/div><div  style='height:50px' class='hr hr-invisible   avia-builder-el-6  el_after_av_one_full  el_before_av_social_share '><span class='hr-inner ' ><span class='hr-inner-style'><\/span><\/span><\/div><\/p>\n<div  class='av-social-sharing-box  avia-builder-el-7  el_after_av_hr  el_before_av_hr  '><div class='av-share-box'><h5 class='av-share-link-description av-no-toc '>Compartir esta noticia<\/h5><ul class='av-share-box-list noLightbox'><li class='av-share-link av-social-link-facebook' ><a target=\"_blank\" aria-label=\"Compartir en Facebook\" href='https:\/\/www.facebook.com\/sharer.php?u=https:\/\/radiorevelacionfm.cl\/?p=35678&#038;t=18%20familias%20de%20Coyhaique%20implementan%20tecnolog%C3%ADas%20para%20el%20autoconsumo' aria-hidden='false' data-av_icon='\ue8f3' data-av_iconfont='entypo-fontello' title='' data-avia-related-tooltip='Compartir en Facebook' rel=\"noopener\"><span class='avia_hidden_link_text'>Compartir en Facebook<\/span><\/a><\/li><li class='av-share-link av-social-link-twitter' ><a target=\"_blank\" aria-label=\"Compartir en Twitter\" href='https:\/\/twitter.com\/share?text=18%20familias%20de%20Coyhaique%20implementan%20tecnolog%C3%ADas%20para%20el%20autoconsumo&#038;url=https:\/\/radiorevelacionfm.cl\/?p=35678' aria-hidden='false' data-av_icon='\ue8f1' data-av_iconfont='entypo-fontello' title='' data-avia-related-tooltip='Compartir en Twitter' rel=\"noopener\"><span class='avia_hidden_link_text'>Compartir en Twitter<\/span><\/a><\/li><li class='av-share-link av-social-link-whatsapp' ><a target=\"_blank\" aria-label=\"Compartir en Whatsapp\" href='https:\/\/api.whatsapp.com\/send?text=https:\/\/radiorevelacionfm.cl\/?p=35678' aria-hidden='false' data-av_icon='\uf232' data-av_iconfont='entypo-fontello' title='' data-avia-related-tooltip='Compartir en Whatsapp' rel=\"noopener\"><span class='avia_hidden_link_text'>Compartir en Whatsapp<\/span><\/a><\/li><li class='av-share-link av-social-link-linkedin' ><a target=\"_blank\" aria-label=\"Compartir en LinkedIn\" href='https:\/\/linkedin.com\/shareArticle?mini=true&#038;title=18%20familias%20de%20Coyhaique%20implementan%20tecnolog%C3%ADas%20para%20el%20autoconsumo&#038;url=https:\/\/radiorevelacionfm.cl\/?p=35678' aria-hidden='false' data-av_icon='\ue8fc' data-av_iconfont='entypo-fontello' title='' data-avia-related-tooltip='Compartir en LinkedIn' rel=\"noopener\"><span class='avia_hidden_link_text'>Compartir en LinkedIn<\/span><\/a><\/li><li class='av-share-link av-social-link-mail' ><a  aria-label=\"Compartir por correo\" href='mailto:?subject=18%20familias%20de%20Coyhaique%20implementan%20tecnolog%C3%ADas%20para%20el%20autoconsumo&#038;body=https:\/\/radiorevelacionfm.cl\/?p=35678' aria-hidden='false' data-av_icon='\ue805' data-av_iconfont='entypo-fontello' title='' data-avia-related-tooltip='Compartir por correo'><span class='avia_hidden_link_text'>Compartir por correo<\/span><\/a><\/li><\/ul><\/div><\/div>\n<div  style='height:50px' class='hr hr-invisible   avia-builder-el-8  el_after_av_social_share  el_before_av_comments_list '><span class='hr-inner ' ><span class='hr-inner-style'><\/span><\/span><\/div>\n<div  class='av-buildercomment  av-blog-meta-html-info-disabled av-blog-meta-tag-disabled  '><\/div>\n","protected":false},"excerpt":{"rendered":"","protected":false},"author":1,"featured_media":35679,"comment_status":"open","ping_status":"open","sticky":false,"template":"","format":"standard","meta":{"footnotes":""},"categories":[1],"tags":[],"class_list":["post-35678","post","type-post","status-publish","format-standard","has-post-thumbnail","hentry","category-sin-categoria"],"jetpack_featured_media_url":"https:\/\/radiorevelacionfm.cl\/wp-content\/uploads\/2023\/10\/2SA-1-2.jpeg","_links":{"self":[{"href":"https:\/\/radiorevelacionfm.cl\/index.php?rest_route=\/wp\/v2\/posts\/35678","targetHints":{"allow":["GET"]}}],"collection":[{"href":"https:\/\/radiorevelacionfm.cl\/index.php?rest_route=\/wp\/v2\/posts"}],"about":[{"href":"https:\/\/radiorevelacionfm.cl\/index.php?rest_route=\/wp\/v2\/types\/post"}],"author":[{"embeddable":true,"href":"https:\/\/radiorevelacionfm.cl\/index.php?rest_route=\/wp\/v2\/users\/1"}],"replies":[{"embeddable":true,"href":"https:\/\/radiorevelacionfm.cl\/index.php?rest_route=%2Fwp%2Fv2%2Fcomments&post=35678"}],"version-history":[{"count":1,"href":"https:\/\/radiorevelacionfm.cl\/index.php?rest_route=\/wp\/v2\/posts\/35678\/revisions"}],"predecessor-version":[{"id":35680,"href":"https:\/\/radiorevelacionfm.cl\/index.php?rest_route=\/wp\/v2\/posts\/35678\/revisions\/35680"}],"wp:featuredmedia":[{"embeddable":true,"href":"https:\/\/radiorevelacionfm.cl\/index.php?rest_route=\/wp\/v2\/media\/35679"}],"wp:attachment":[{"href":"https:\/\/radiorevelacionfm.cl\/index.php?rest_route=%2Fwp%2Fv2%2Fmedia&parent=35678"}],"wp:term":[{"taxonomy":"category","embeddable":true,"href":"https:\/\/radiorevelacionfm.cl\/index.php?rest_route=%2Fwp%2Fv2%2Fcategories&post=35678"},{"taxonomy":"post_tag","embeddable":true,"href":"https:\/\/radiorevelacionfm.cl\/index.php?rest_route=%2Fwp%2Fv2%2Ftags&post=35678"}],"curies":[{"name":"wp","href":"https:\/\/api.w.org\/{rel}","templated":true}]}}