{"id":35675,"date":"2023-10-06T12:14:24","date_gmt":"2023-10-06T15:14:24","guid":{"rendered":"https:\/\/radiorevelacionfm.cl\/?p=35675"},"modified":"2023-10-06T12:14:24","modified_gmt":"2023-10-06T15:14:24","slug":"minvu-municipio-y-vecinos-comprometen-trabajo-conjunto-para-impulsar-el-desarrollo-de-puerto-sanchez","status":"publish","type":"post","link":"https:\/\/radiorevelacionfm.cl\/?p=35675","title":{"rendered":"Minvu, Municipio y vecinos comprometen trabajo conjunto para impulsar el desarrollo de Puerto S\u00e1nchez"},"content":{"rendered":"<div class=\"flex_column av_one_full  flex_column_div av-zero-column-padding first  avia-builder-el-0  el_before_av_one_full  avia-builder-el-first  \" style='border-radius:0px; '><div  class='avia-image-container  av-styling-    avia-builder-el-1  avia-builder-el-no-sibling  avia-align-center '  itemprop=\"image\" itemscope=\"itemscope\" itemtype=\"https:\/\/schema.org\/ImageObject\"  ><div class='avia-image-container-inner'><div class='avia-image-overlay-wrap'><img decoding=\"async\" class='wp-image-35676 avia-img-lazy-loading-not-35676 avia_image' src=\"https:\/\/radiorevelacionfm.cl\/wp-content\/uploads\/2023\/10\/Municipio-Minvu-y-vecinos-en-reunion-realizada-en-Puerto-Sanchez-1-1.jpg\" alt='' title='Municipio, Minvu y vecinos en reuni\u00f3n realizada en Puerto S\u00e1nchez (1) (1)' height=\"600\" width=\"900\"  itemprop=\"thumbnailUrl\" srcset=\"https:\/\/radiorevelacionfm.cl\/wp-content\/uploads\/2023\/10\/Municipio-Minvu-y-vecinos-en-reunion-realizada-en-Puerto-Sanchez-1-1.jpg 900w, https:\/\/radiorevelacionfm.cl\/wp-content\/uploads\/2023\/10\/Municipio-Minvu-y-vecinos-en-reunion-realizada-en-Puerto-Sanchez-1-1-300x200.jpg 300w, https:\/\/radiorevelacionfm.cl\/wp-content\/uploads\/2023\/10\/Municipio-Minvu-y-vecinos-en-reunion-realizada-en-Puerto-Sanchez-1-1-768x512.jpg 768w, https:\/\/radiorevelacionfm.cl\/wp-content\/uploads\/2023\/10\/Municipio-Minvu-y-vecinos-en-reunion-realizada-en-Puerto-Sanchez-1-1-705x470.jpg 705w, https:\/\/radiorevelacionfm.cl\/wp-content\/uploads\/2023\/10\/Municipio-Minvu-y-vecinos-en-reunion-realizada-en-Puerto-Sanchez-1-1-450x300.jpg 450w, https:\/\/radiorevelacionfm.cl\/wp-content\/uploads\/2023\/10\/Municipio-Minvu-y-vecinos-en-reunion-realizada-en-Puerto-Sanchez-1-1-600x400.jpg 600w\" sizes=\"(max-width: 900px) 100vw, 900px\" \/><\/div><\/div><\/div><\/div><div class=\"flex_column av_one_full  flex_column_div av-zero-column-padding first  avia-builder-el-2  el_after_av_one_full  el_before_av_one_full  column-top-margin\" style='border-radius:0px; '><section class=\"av_textblock_section \"  itemscope=\"itemscope\" itemtype=\"https:\/\/schema.org\/BlogPosting\" itemprop=\"blogPost\" ><div class='avia_textblock  '   itemprop=\"text\" ><p style=\"text-align: center;\"><span style=\"font-size: 18pt;\"><strong>Minvu, Municipio y vecinos comprometen trabajo conjunto para impulsar el desarrollo de Puerto S\u00e1nchez<\/strong><\/span><\/p>\n<div id=\"gtx-trans\" style=\"position: absolute; left: -50px; top: 4.31534px;\">\n<div class=\"gtx-trans-icon\"><\/div>\n<\/div>\n<\/div><\/section><\/div><div class=\"flex_column av_one_full  flex_column_div av-zero-column-padding first  avia-builder-el-4  el_after_av_one_full  el_before_av_hr  column-top-margin\" style='border-radius:0px; '><section class=\"av_textblock_section \"  itemscope=\"itemscope\" itemtype=\"https:\/\/schema.org\/BlogPosting\" itemprop=\"blogPost\" ><div class='avia_textblock  '   itemprop=\"text\" ><p style=\"text-align: justify;\">Como un encuentro \u201cmuy positivo y necesario\u201d calificaron los dirigentes de Puerto S\u00e1nchez la reuni\u00f3n que sostuvieron recientemente con las autoridades y funcionarios del municipio local y el Ministerio de Vivienda y Urbanismo, adem\u00e1s de los vecinos de la localidad ubicada en las riberas del Lago General Carrera.<\/p>\n<p style=\"text-align: justify;\">El encuentro se desarroll\u00f3 en la sede comunitaria del lugar, ocasi\u00f3n en que se abordaron diversos temas de inter\u00e9s local, como el trabajo que se requiere para lograr la construcci\u00f3n de nuevas viviendas, la necesidad de avanzar en la urbanizaci\u00f3n del pueblo y las gestiones que se deben hacer a diferentes niveles para regularizar y obtener adelantos para los vecinos que proyectan su futuro en esa hermosa pero alejada zona de la regi\u00f3n de Ays\u00e9n.<\/p>\n<p style=\"text-align: justify;\">Tal como explic\u00f3 la Seremi de Vivienda, Paulina Ruz Delf\u00edn, existe el mandato presidencial y ministerial de poder llegar con soluciones y garantizar el derecho a la vivienda digna a los habitantes de todo el pa\u00eds, lo que implica no solo las ciudades grandes, sino que tambi\u00e9n lugares m\u00e1s apartados, zonas rurales y tambi\u00e9n localidades peque\u00f1as como Puerto S\u00e1nchez. \u201cAc\u00e1 ya se hicieron viviendas sociales a\u00f1os atr\u00e1s, pero el lugar crece y con ello la necesidad de vivienda, que tambi\u00e9n es un signo de progreso, donde el puntapi\u00e9 inicial es poder garantizar sus viviendas a las familias. Si bien hoy trazamos una hoja de ruta, en eso estamos trabajando con el Municipio de R\u00edo Ib\u00e1\u00f1ez como Entidad Patrocinante, manifestamos todo nuestro compromiso y todo el apoyo para poder sacar adelante estos procesos con todo lo que conlleva administrativamente para garantizar a las familias que despu\u00e9s van a tener un lugar que efectiva y legalmente sea su casa propia\u201d, precis\u00f3.<\/p>\n<p style=\"text-align: justify;\">Al finalizar la reuni\u00f3n, la Presidenta del Comit\u00e9 \u201cMaravilla Escondida\u201d de Puerto S\u00e1nchez, Raquel Garrido Maldonado, agradeci\u00f3 la presencia de las autoridades y valor\u00f3 el plan de trabajo acordado con la comunidad. \u201cLa conclusi\u00f3n a la que llegamos en esta reuni\u00f3n con la Seremi y con el Alcalde de la comuna de R\u00edo Ib\u00e1\u00f1ez es que se nos viene un trabajo arduo, pesado, pero que de todas maneras hay que hacerlo, aunque sea lento, para que futuro no tengamos inconvenientes y el d\u00eda de ma\u00f1ana podamos cumplir nuestro anhelado sue\u00f1o que es tener la casa propia. El municipio debe hacer harta gesti\u00f3n en temas de papeles, burocracia, regular ciertas situaciones que hay en este momento y por parte de la Seremi, cuando le toque en su momento, aprobar la solicitud que se le va a enviar por parte del alcalde, ya que han comprometido toda su disposici\u00f3n para apoyarnos en este proceso\u201d, manifest\u00f3.<\/p>\n<p style=\"text-align: justify;\">Tambi\u00e9n el Alcalde de la comuna de Ib\u00e1\u00f1ez, Marcelo Santana, destac\u00f3 la disposici\u00f3n de trabajar en conjunto para atender las demandas de los vecinos de sectores m\u00e1s alejados de la comuna y de la regi\u00f3n. \u201cJunto a la Seremi de Vivienda estamos tratando de colaborar con el trabajo que est\u00e1 haciendo este comit\u00e9 junto a la Oficina de Vivienda del municipio para optar a la construcci\u00f3n de diez casas, pero paralelamente tambi\u00e9n ha surgido la necesidad de poder avanzar en regularizar calles, veredas y todos los bienes nacionales de uso p\u00fablico de Puerto S\u00e1nchez, que como se sabe fue un campamento minero que necesita esa urbanizaci\u00f3n. Por lo tanto, en estos dos frentes vamos a trabajar, ya hoy logramos algunos acuerdos en esta reuni\u00f3n y volveremos en unos dos meses m\u00e1s para poder dar cuenta a la comunidad de lo que han sido las gestiones que nos hemos comprometido hacer durante los pr\u00f3ximos sesenta d\u00edas\u201d, afirm\u00f3.<\/p>\n<p style=\"text-align: justify;\">Tras el encuentro, autoridades y pobladores hicieron un recorrido por la localidad para constatar algunas necesidades b\u00e1sicas de la poblaci\u00f3n y una visita a los terrenos donde se podr\u00eda construir en el futuro las viviendas sociales, asumiendo desde ya el acuerdo de sostener una nueva reuni\u00f3n en noviembre para analizar los avances que se vayan logrando.<\/p>\n<\/div><\/section><\/div><div  style='height:50px' class='hr hr-invisible   avia-builder-el-6  el_after_av_one_full  el_before_av_social_share '><span class='hr-inner ' ><span class='hr-inner-style'><\/span><\/span><\/div><\/p>\n<div  class='av-social-sharing-box  avia-builder-el-7  el_after_av_hr  el_before_av_hr  '><div class='av-share-box'><h5 class='av-share-link-description av-no-toc '>Compartir esta noticia<\/h5><ul class='av-share-box-list noLightbox'><li class='av-share-link av-social-link-facebook' ><a target=\"_blank\" aria-label=\"Compartir en Facebook\" href='https:\/\/www.facebook.com\/sharer.php?u=https:\/\/radiorevelacionfm.cl\/?p=35675&#038;t=Minvu%2C%20Municipio%20y%20vecinos%20comprometen%20trabajo%20conjunto%20para%20impulsar%20el%20desarrollo%20de%20Puerto%20S%C3%A1nchez' aria-hidden='false' data-av_icon='\ue8f3' data-av_iconfont='entypo-fontello' title='' data-avia-related-tooltip='Compartir en Facebook' rel=\"noopener\"><span class='avia_hidden_link_text'>Compartir en Facebook<\/span><\/a><\/li><li class='av-share-link av-social-link-twitter' ><a target=\"_blank\" aria-label=\"Compartir en Twitter\" href='https:\/\/twitter.com\/share?text=Minvu%2C%20Municipio%20y%20vecinos%20comprometen%20trabajo%20conjunto%20para%20impulsar%20el%20desarrollo%20de%20Puerto%20S%C3%A1nchez&#038;url=https:\/\/radiorevelacionfm.cl\/?p=35675' aria-hidden='false' data-av_icon='\ue8f1' data-av_iconfont='entypo-fontello' title='' data-avia-related-tooltip='Compartir en Twitter' rel=\"noopener\"><span class='avia_hidden_link_text'>Compartir en Twitter<\/span><\/a><\/li><li class='av-share-link av-social-link-whatsapp' ><a target=\"_blank\" aria-label=\"Compartir en Whatsapp\" href='https:\/\/api.whatsapp.com\/send?text=https:\/\/radiorevelacionfm.cl\/?p=35675' aria-hidden='false' data-av_icon='\uf232' data-av_iconfont='entypo-fontello' title='' data-avia-related-tooltip='Compartir en Whatsapp' rel=\"noopener\"><span class='avia_hidden_link_text'>Compartir en Whatsapp<\/span><\/a><\/li><li class='av-share-link av-social-link-linkedin' ><a target=\"_blank\" aria-label=\"Compartir en LinkedIn\" href='https:\/\/linkedin.com\/shareArticle?mini=true&#038;title=Minvu%2C%20Municipio%20y%20vecinos%20comprometen%20trabajo%20conjunto%20para%20impulsar%20el%20desarrollo%20de%20Puerto%20S%C3%A1nchez&#038;url=https:\/\/radiorevelacionfm.cl\/?p=35675' aria-hidden='false' data-av_icon='\ue8fc' data-av_iconfont='entypo-fontello' title='' data-avia-related-tooltip='Compartir en LinkedIn' rel=\"noopener\"><span class='avia_hidden_link_text'>Compartir en LinkedIn<\/span><\/a><\/li><li class='av-share-link av-social-link-mail' ><a  aria-label=\"Compartir por correo\" href='mailto:?subject=Minvu%2C%20Municipio%20y%20vecinos%20comprometen%20trabajo%20conjunto%20para%20impulsar%20el%20desarrollo%20de%20Puerto%20S%C3%A1nchez&#038;body=https:\/\/radiorevelacionfm.cl\/?p=35675' aria-hidden='false' data-av_icon='\ue805' data-av_iconfont='entypo-fontello' title='' data-avia-related-tooltip='Compartir por correo'><span class='avia_hidden_link_text'>Compartir por correo<\/span><\/a><\/li><\/ul><\/div><\/div>\n<div  style='height:50px' class='hr hr-invisible   avia-builder-el-8  el_after_av_social_share  el_before_av_comments_list '><span class='hr-inner ' ><span class='hr-inner-style'><\/span><\/span><\/div>\n<div  class='av-buildercomment  av-blog-meta-html-info-disabled av-blog-meta-tag-disabled  '><\/div>\n","protected":false},"excerpt":{"rendered":"","protected":false},"author":1,"featured_media":35676,"comment_status":"open","ping_status":"open","sticky":false,"template":"","format":"standard","meta":{"footnotes":""},"categories":[38],"tags":[],"class_list":["post-35675","post","type-post","status-publish","format-standard","has-post-thumbnail","hentry","category-regional"],"jetpack_featured_media_url":"https:\/\/radiorevelacionfm.cl\/wp-content\/uploads\/2023\/10\/Municipio-Minvu-y-vecinos-en-reunion-realizada-en-Puerto-Sanchez-1-1.jpg","_links":{"self":[{"href":"https:\/\/radiorevelacionfm.cl\/index.php?rest_route=\/wp\/v2\/posts\/35675","targetHints":{"allow":["GET"]}}],"collection":[{"href":"https:\/\/radiorevelacionfm.cl\/index.php?rest_route=\/wp\/v2\/posts"}],"about":[{"href":"https:\/\/radiorevelacionfm.cl\/index.php?rest_route=\/wp\/v2\/types\/post"}],"author":[{"embeddable":true,"href":"https:\/\/radiorevelacionfm.cl\/index.php?rest_route=\/wp\/v2\/users\/1"}],"replies":[{"embeddable":true,"href":"https:\/\/radiorevelacionfm.cl\/index.php?rest_route=%2Fwp%2Fv2%2Fcomments&post=35675"}],"version-history":[{"count":1,"href":"https:\/\/radiorevelacionfm.cl\/index.php?rest_route=\/wp\/v2\/posts\/35675\/revisions"}],"predecessor-version":[{"id":35677,"href":"https:\/\/radiorevelacionfm.cl\/index.php?rest_route=\/wp\/v2\/posts\/35675\/revisions\/35677"}],"wp:featuredmedia":[{"embeddable":true,"href":"https:\/\/radiorevelacionfm.cl\/index.php?rest_route=\/wp\/v2\/media\/35676"}],"wp:attachment":[{"href":"https:\/\/radiorevelacionfm.cl\/index.php?rest_route=%2Fwp%2Fv2%2Fmedia&parent=35675"}],"wp:term":[{"taxonomy":"category","embeddable":true,"href":"https:\/\/radiorevelacionfm.cl\/index.php?rest_route=%2Fwp%2Fv2%2Fcategories&post=35675"},{"taxonomy":"post_tag","embeddable":true,"href":"https:\/\/radiorevelacionfm.cl\/index.php?rest_route=%2Fwp%2Fv2%2Ftags&post=35675"}],"curies":[{"name":"wp","href":"https:\/\/api.w.org\/{rel}","templated":true}]}}