{"id":35664,"date":"2023-10-05T12:30:11","date_gmt":"2023-10-05T15:30:11","guid":{"rendered":"https:\/\/radiorevelacionfm.cl\/?p=35664"},"modified":"2023-10-05T12:30:11","modified_gmt":"2023-10-05T15:30:11","slug":"hospital-de-puerto-cisnes-recibe-equipo-dental-movil-que-reforzara-las-rondas-medicas-en-postas-del-litoral","status":"publish","type":"post","link":"https:\/\/radiorevelacionfm.cl\/?p=35664","title":{"rendered":"Hospital de Puerto Cisnes recibe equipo dental m\u00f3vil que reforzar\u00e1 las rondas m\u00e9dicas en postas del Litoral"},"content":{"rendered":"<div class=\"flex_column av_one_full  flex_column_div av-zero-column-padding first  avia-builder-el-0  el_before_av_one_full  avia-builder-el-first  \" style='border-radius:0px; '><div  class='avia-image-container  av-styling-    avia-builder-el-1  avia-builder-el-no-sibling  avia-align-center '  itemprop=\"image\" itemscope=\"itemscope\" itemtype=\"https:\/\/schema.org\/ImageObject\"  ><div class='avia-image-container-inner'><div class='avia-image-overlay-wrap'><img decoding=\"async\" class='wp-image-35665 avia-img-lazy-loading-not-35665 avia_image' src=\"https:\/\/radiorevelacionfm.cl\/wp-content\/uploads\/2023\/10\/PUERTO-CISNES-OK-2-1.jpeg\" alt='' title='PUERTO CISNES OK (2) (1)' height=\"675\" width=\"900\"  itemprop=\"thumbnailUrl\" srcset=\"https:\/\/radiorevelacionfm.cl\/wp-content\/uploads\/2023\/10\/PUERTO-CISNES-OK-2-1.jpeg 900w, https:\/\/radiorevelacionfm.cl\/wp-content\/uploads\/2023\/10\/PUERTO-CISNES-OK-2-1-300x225.jpeg 300w, https:\/\/radiorevelacionfm.cl\/wp-content\/uploads\/2023\/10\/PUERTO-CISNES-OK-2-1-768x576.jpeg 768w, https:\/\/radiorevelacionfm.cl\/wp-content\/uploads\/2023\/10\/PUERTO-CISNES-OK-2-1-705x529.jpeg 705w, https:\/\/radiorevelacionfm.cl\/wp-content\/uploads\/2023\/10\/PUERTO-CISNES-OK-2-1-450x338.jpeg 450w, https:\/\/radiorevelacionfm.cl\/wp-content\/uploads\/2023\/10\/PUERTO-CISNES-OK-2-1-600x450.jpeg 600w\" sizes=\"(max-width: 900px) 100vw, 900px\" \/><\/div><\/div><\/div><\/div><div class=\"flex_column av_one_full  flex_column_div av-zero-column-padding first  avia-builder-el-2  el_after_av_one_full  el_before_av_one_full  column-top-margin\" style='border-radius:0px; '><section class=\"av_textblock_section \"  itemscope=\"itemscope\" itemtype=\"https:\/\/schema.org\/BlogPosting\" itemprop=\"blogPost\" ><div class='avia_textblock  '   itemprop=\"text\" ><p style=\"font-weight: 400; text-align: center;\"><span style=\"font-size: 18pt;\"><strong>Hospital de Puerto Cisnes recibe equipo dental m\u00f3vil que reforzar\u00e1 las rondas m\u00e9dicas en postas del Litoral<\/strong><\/span><\/p>\n<p style=\"font-weight: 400;\"><strong>\u00a0<\/strong><\/p>\n<div id=\"gtx-trans\" style=\"position: absolute; left: -50px; top: 4.31534px;\">\n<div class=\"gtx-trans-icon\"><\/div>\n<\/div>\n<\/div><\/section><\/div><div class=\"flex_column av_one_full  flex_column_div av-zero-column-padding first  avia-builder-el-4  el_after_av_one_full  el_before_av_hr  column-top-margin\" style='border-radius:0px; '><section class=\"av_textblock_section \"  itemscope=\"itemscope\" itemtype=\"https:\/\/schema.org\/BlogPosting\" itemprop=\"blogPost\" ><div class='avia_textblock  '   itemprop=\"text\" ><p style=\"font-weight: 400; text-align: justify;\">Con el objetivo de llevar la salud oral a todas las personas de la comuna de Cisnes, el Hospital Jorge Ibar Bruce, recibe un equipo dental port\u00e1til\u00a0que permitir\u00e1 reducir la lista de espera que tiene el centro m\u00e9dico comunitario en esta \u00e1rea.<\/p>\n<p style=\"font-weight: 400; text-align: justify;\">\u201cHemos obtenido un importante equipo dental m\u00f3vil que va a permitir abordar la demanda que tenemos en el servicio y en el Litoral, se va a poder incorporar a las rondas de las postas, esto nos tiene s\u00faper contentos, porque pudimos hacer entrega de este equipo al servicio y tambi\u00e9n comentar algunas iniciativas que estamos trabajando\u201d, expres\u00f3 Gloria Cadag\u00e1n, presidenta del Consejo de Desarrollo del Hospital Puerto Cisnes.<\/p>\n<p style=\"font-weight: 400; text-align: justify;\">En esa misma l\u00ednea, Mauricio Cort\u00e9s Molina, director (S) del Servicio de Salud Ays\u00e9n manifest\u00f3, que se trata de \u201cun producto concreto gracias al trabajo colaborativo entre Salud, el Consejo Consultivo y el sector privado, se cuenta con sill\u00f3n dental que va a permitir que nuestros m\u00e9dicos del \u00e1rea de la odontolog\u00eda puedan salir a terreno y tener mayor cercan\u00eda con la poblaci\u00f3n\u201d.<\/p>\n<p style=\"font-weight: 400; text-align: justify;\">Este tipo de equipamiento permite la realizaci\u00f3n de limpiezas, curaciones dentales, extracciones y otras intervenciones para ni\u00f1as, ni\u00f1os, adultos y personas mayores.<\/p>\n<p style=\"font-weight: 400; text-align: justify;\">\u201cEs un sill\u00f3n port\u00e1til con su compresor, pr\u00e1cticamente es tener un sill\u00f3n dental m\u00f3vil tal como dice su nombre, el cual nos permite a nosotros realizar prestaciones que no se pueden hacer de manera manual como: limpiezas, tapaduras y extracciones m\u00e1s complejas(\u2026) el equipo llega a solventar muchas falencias que nosotros hab\u00edamos encontrado como servicio, en pacientes con dependencia severa como en general a la poblaci\u00f3n del Litoral\u201d, expres\u00f3 el doctor, Johanny Seguel, cirujano dentista del Hospital de Puerto Cisnes.<\/p>\n<p style=\"font-weight: 400; text-align: justify;\">\u201cLas prestaciones van a aumentar, la calidad va a mejorar much\u00edsimo y eso va a tener la consecuencia de mejorar la salud oral de las personas que lamentablemente no tienen acceso a un sill\u00f3n dental en el d\u00eda a d\u00eda\u201d, enfatiz\u00f3 Seguel.<\/p>\n<p style=\"font-weight: 400; text-align: justify;\">Desde el sector privado manifestaron que con este aporte los profesionales del \u00e1rea podr\u00e1n trasladarse hasta las localidades que se encuentran en el sector insular de la regi\u00f3n.<\/p>\n<p style=\"font-weight: 400; text-align: justify;\">\u201cEsta iniciativa nace por una necesidad de la comuna que es poder llegar desde el \u00e1rea de la odontolog\u00eda a diferentes partes, por ejemplo, con esto se podr\u00eda llegar a localidades que antes no se podr\u00eda por la distancia que existe hacia el hospital y tambi\u00e9n que est\u00e1n fuera del continente, vengan a ser lugares del Litoral, lo que viene a ser: Gaviota, Gala y Melimoyu\u201d, dijo Abraham Pich\u00fan, encargado de comunidades Aquachile.<\/p>\n<p style=\"font-weight: 400; text-align: justify;\"><strong>Licitaci\u00f3n para obras y ambulancias<\/strong><\/p>\n<p style=\"font-weight: 400; text-align: justify;\">Por otra parte, el director (s) del Servicio de Salud Ays\u00e9n, profundiz\u00f3 en otros temas de inter\u00e9s para la comuna de Cisnes.<\/p>\n<p style=\"font-weight: 400; text-align: justify;\">\u201cEsperamos llegar a marzo del pr\u00f3ximo a\u00f1o con algunos antecedentes que nos pidi\u00f3 el Ministerio para poder aumentar la dotaci\u00f3n que nos falta en este hospital de Cisnes, como contar con un organigrama, un modelo de gesti\u00f3n y cartera de prestaciones actualizada, lo segundo seguir avanzando en la conservaci\u00f3n de este edificio, estamos ad portas de una licitaci\u00f3n por un monto de 384 millones que va a cambiar la cara, la techumbre y algunas estructuras internas, asimismo informamos que el a\u00f1o siguiente continuamos con una conservaci\u00f3n 2.0\u201d<\/p>\n<p style=\"font-weight: 400; text-align: justify;\">\u201cTambi\u00e9n comentamos de las ambulancias que est\u00e1n pr\u00f3ximas adquirirse y que est\u00e1n en proceso de licitaci\u00f3n, una que se va a reponer y que llegar\u00e1 en el 2024 y otra que est\u00e1 en cartera para que llegue en el 2025 (\u2026) a su vez, comunicamos que estamos ad portas de licitar un proyecto que va a dotar de internet satelital a 20 postas de salud rural y por \u00faltimos nos vamos con la tarea de informar en que est\u00e1 el proyecto de una posta en Gaviota y estamos viendo de qu\u00e9 manera tambi\u00e9n junto al municipio de ac\u00e1 podemos mejorar y conservar el actual recinto que tiene esta localidad\u201d, agreg\u00f3 el director.<\/p>\n<p style=\"font-weight: 400; text-align: justify;\">Por \u00faltimo, desde la Direcci\u00f3n del Servicio de Salud Ays\u00e9n, agradecieron y valoraron el trabajo del Consejo de Desarrollo del Hospital, por su empe\u00f1o y compromiso con la salud de los habitantes de Cisnes.<\/p>\n<\/div><\/section><\/div><div  style='height:50px' class='hr hr-invisible   avia-builder-el-6  el_after_av_one_full  el_before_av_social_share '><span class='hr-inner ' ><span class='hr-inner-style'><\/span><\/span><\/div><\/p>\n<div  class='av-social-sharing-box  avia-builder-el-7  el_after_av_hr  el_before_av_hr  '><div class='av-share-box'><h5 class='av-share-link-description av-no-toc '>Compartir esta noticia<\/h5><ul class='av-share-box-list noLightbox'><li class='av-share-link av-social-link-facebook' ><a target=\"_blank\" aria-label=\"Compartir en Facebook\" href='https:\/\/www.facebook.com\/sharer.php?u=https:\/\/radiorevelacionfm.cl\/?p=35664&#038;t=Hospital%20de%20Puerto%20Cisnes%20recibe%20equipo%20dental%20m%C3%B3vil%20que%20reforzar%C3%A1%20las%20rondas%20m%C3%A9dicas%20en%20postas%20del%20Litoral' aria-hidden='false' data-av_icon='\ue8f3' data-av_iconfont='entypo-fontello' title='' data-avia-related-tooltip='Compartir en Facebook' rel=\"noopener\"><span class='avia_hidden_link_text'>Compartir en Facebook<\/span><\/a><\/li><li class='av-share-link av-social-link-twitter' ><a target=\"_blank\" aria-label=\"Compartir en Twitter\" href='https:\/\/twitter.com\/share?text=Hospital%20de%20Puerto%20Cisnes%20recibe%20equipo%20dental%20m%C3%B3vil%20que%20reforzar%C3%A1%20las%20rondas%20m%C3%A9dicas%20en%20postas%20del%20Litoral&#038;url=https:\/\/radiorevelacionfm.cl\/?p=35664' aria-hidden='false' data-av_icon='\ue8f1' data-av_iconfont='entypo-fontello' title='' data-avia-related-tooltip='Compartir en Twitter' rel=\"noopener\"><span class='avia_hidden_link_text'>Compartir en Twitter<\/span><\/a><\/li><li class='av-share-link av-social-link-whatsapp' ><a target=\"_blank\" aria-label=\"Compartir en Whatsapp\" href='https:\/\/api.whatsapp.com\/send?text=https:\/\/radiorevelacionfm.cl\/?p=35664' aria-hidden='false' data-av_icon='\uf232' data-av_iconfont='entypo-fontello' title='' data-avia-related-tooltip='Compartir en Whatsapp' rel=\"noopener\"><span class='avia_hidden_link_text'>Compartir en Whatsapp<\/span><\/a><\/li><li class='av-share-link av-social-link-linkedin' ><a target=\"_blank\" aria-label=\"Compartir en LinkedIn\" href='https:\/\/linkedin.com\/shareArticle?mini=true&#038;title=Hospital%20de%20Puerto%20Cisnes%20recibe%20equipo%20dental%20m%C3%B3vil%20que%20reforzar%C3%A1%20las%20rondas%20m%C3%A9dicas%20en%20postas%20del%20Litoral&#038;url=https:\/\/radiorevelacionfm.cl\/?p=35664' aria-hidden='false' data-av_icon='\ue8fc' data-av_iconfont='entypo-fontello' title='' data-avia-related-tooltip='Compartir en LinkedIn' rel=\"noopener\"><span class='avia_hidden_link_text'>Compartir en LinkedIn<\/span><\/a><\/li><li class='av-share-link av-social-link-mail' ><a  aria-label=\"Compartir por correo\" href='mailto:?subject=Hospital%20de%20Puerto%20Cisnes%20recibe%20equipo%20dental%20m%C3%B3vil%20que%20reforzar%C3%A1%20las%20rondas%20m%C3%A9dicas%20en%20postas%20del%20Litoral&#038;body=https:\/\/radiorevelacionfm.cl\/?p=35664' aria-hidden='false' data-av_icon='\ue805' data-av_iconfont='entypo-fontello' title='' data-avia-related-tooltip='Compartir por correo'><span class='avia_hidden_link_text'>Compartir por correo<\/span><\/a><\/li><\/ul><\/div><\/div>\n<div  style='height:50px' class='hr hr-invisible   avia-builder-el-8  el_after_av_social_share  el_before_av_comments_list '><span class='hr-inner ' ><span class='hr-inner-style'><\/span><\/span><\/div>\n<div  class='av-buildercomment  av-blog-meta-html-info-disabled av-blog-meta-tag-disabled  '><\/div>\n","protected":false},"excerpt":{"rendered":"","protected":false},"author":1,"featured_media":35665,"comment_status":"open","ping_status":"open","sticky":false,"template":"","format":"standard","meta":{"footnotes":""},"categories":[38],"tags":[],"class_list":["post-35664","post","type-post","status-publish","format-standard","has-post-thumbnail","hentry","category-regional"],"jetpack_featured_media_url":"https:\/\/radiorevelacionfm.cl\/wp-content\/uploads\/2023\/10\/PUERTO-CISNES-OK-2-1.jpeg","_links":{"self":[{"href":"https:\/\/radiorevelacionfm.cl\/index.php?rest_route=\/wp\/v2\/posts\/35664","targetHints":{"allow":["GET"]}}],"collection":[{"href":"https:\/\/radiorevelacionfm.cl\/index.php?rest_route=\/wp\/v2\/posts"}],"about":[{"href":"https:\/\/radiorevelacionfm.cl\/index.php?rest_route=\/wp\/v2\/types\/post"}],"author":[{"embeddable":true,"href":"https:\/\/radiorevelacionfm.cl\/index.php?rest_route=\/wp\/v2\/users\/1"}],"replies":[{"embeddable":true,"href":"https:\/\/radiorevelacionfm.cl\/index.php?rest_route=%2Fwp%2Fv2%2Fcomments&post=35664"}],"version-history":[{"count":1,"href":"https:\/\/radiorevelacionfm.cl\/index.php?rest_route=\/wp\/v2\/posts\/35664\/revisions"}],"predecessor-version":[{"id":35666,"href":"https:\/\/radiorevelacionfm.cl\/index.php?rest_route=\/wp\/v2\/posts\/35664\/revisions\/35666"}],"wp:featuredmedia":[{"embeddable":true,"href":"https:\/\/radiorevelacionfm.cl\/index.php?rest_route=\/wp\/v2\/media\/35665"}],"wp:attachment":[{"href":"https:\/\/radiorevelacionfm.cl\/index.php?rest_route=%2Fwp%2Fv2%2Fmedia&parent=35664"}],"wp:term":[{"taxonomy":"category","embeddable":true,"href":"https:\/\/radiorevelacionfm.cl\/index.php?rest_route=%2Fwp%2Fv2%2Fcategories&post=35664"},{"taxonomy":"post_tag","embeddable":true,"href":"https:\/\/radiorevelacionfm.cl\/index.php?rest_route=%2Fwp%2Fv2%2Ftags&post=35664"}],"curies":[{"name":"wp","href":"https:\/\/api.w.org\/{rel}","templated":true}]}}