{"id":35657,"date":"2023-10-04T17:46:25","date_gmt":"2023-10-04T20:46:25","guid":{"rendered":"https:\/\/radiorevelacionfm.cl\/?p=35657"},"modified":"2023-10-04T17:46:25","modified_gmt":"2023-10-04T20:46:25","slug":"fiscalia-de-chile-chico-logra-12-anos-de-presidio-para-autor-de-robo-con-intimidacion","status":"publish","type":"post","link":"https:\/\/radiorevelacionfm.cl\/?p=35657","title":{"rendered":"Fiscal\u00eda de Chile Chico logra 12 a\u00f1os de presidio para autor de robo con intimidaci\u00f3n"},"content":{"rendered":"<div class=\"flex_column av_one_full  flex_column_div av-zero-column-padding first  avia-builder-el-0  el_before_av_one_full  avia-builder-el-first  \" style='border-radius:0px; '><div  class='avia-image-container  av-styling-    avia-builder-el-1  avia-builder-el-no-sibling  avia-align-center '  itemprop=\"image\" itemscope=\"itemscope\" itemtype=\"https:\/\/schema.org\/ImageObject\"  ><div class='avia-image-container-inner'><div class='avia-image-overlay-wrap'><img decoding=\"async\" class='wp-image-35659 avia-img-lazy-loading-not-35659 avia_image' src=\"https:\/\/radiorevelacionfm.cl\/wp-content\/uploads\/2023\/10\/Fiscalia_Chile_Chico-1-2.jpg\" alt='' title='Fiscalia_Chile_Chico (1) (2)' height=\"600\" width=\"900\"  itemprop=\"thumbnailUrl\" srcset=\"https:\/\/radiorevelacionfm.cl\/wp-content\/uploads\/2023\/10\/Fiscalia_Chile_Chico-1-2.jpg 900w, https:\/\/radiorevelacionfm.cl\/wp-content\/uploads\/2023\/10\/Fiscalia_Chile_Chico-1-2-300x200.jpg 300w, https:\/\/radiorevelacionfm.cl\/wp-content\/uploads\/2023\/10\/Fiscalia_Chile_Chico-1-2-768x512.jpg 768w, https:\/\/radiorevelacionfm.cl\/wp-content\/uploads\/2023\/10\/Fiscalia_Chile_Chico-1-2-705x470.jpg 705w, https:\/\/radiorevelacionfm.cl\/wp-content\/uploads\/2023\/10\/Fiscalia_Chile_Chico-1-2-450x300.jpg 450w, https:\/\/radiorevelacionfm.cl\/wp-content\/uploads\/2023\/10\/Fiscalia_Chile_Chico-1-2-600x400.jpg 600w\" sizes=\"(max-width: 900px) 100vw, 900px\" \/><\/div><\/div><\/div><\/div><div class=\"flex_column av_one_full  flex_column_div av-zero-column-padding first  avia-builder-el-2  el_after_av_one_full  el_before_av_one_full  column-top-margin\" style='border-radius:0px; '><section class=\"av_textblock_section \"  itemscope=\"itemscope\" itemtype=\"https:\/\/schema.org\/BlogPosting\" itemprop=\"blogPost\" ><div class='avia_textblock  '   itemprop=\"text\" ><p style=\"text-align: center;\"><span style=\"font-size: 18pt;\"><b>Fiscal\u00eda de Chile Chico logra 12 a\u00f1os de presidio para autor de robo con intimidaci\u00f3n<\/b><\/span><\/p>\n<div id=\"gtx-trans\" style=\"position: absolute; left: -50px; top: 4.31534px;\">\n<div class=\"gtx-trans-icon\"><\/div>\n<\/div>\n<\/div><\/section><\/div><div class=\"flex_column av_one_full  flex_column_div av-zero-column-padding first  avia-builder-el-4  el_after_av_one_full  el_before_av_hr  column-top-margin\" style='border-radius:0px; '><section class=\"av_textblock_section \"  itemscope=\"itemscope\" itemtype=\"https:\/\/schema.org\/BlogPosting\" itemprop=\"blogPost\" ><div class='avia_textblock  '   itemprop=\"text\" ><p style=\"font-weight: 400; text-align: justify;\">Tras una investigaci\u00f3n dirigida por la Fiscal\u00eda Local de Chile Chico, fue condenado a 12 a\u00f1os de presidio mayor en su grado medio un imputado de 33 a\u00f1os, como autor de robo con intimidaci\u00f3n cometido el 10 de febrero de 2023, en la localidad de Puerto Guadal, comuna de Chile Chico. Las diligencias investigativas de este caso fueron realizadas por la SIP de Carabineros de Chile Chico, funcionarios del Ret\u00e9n de Puerto Guadal y peritos del Labocar de Carabineros.<\/p>\n<p style=\"font-weight: 400; text-align: justify;\">Un segundo sujeto de 27 a\u00f1os, seg\u00fan explic\u00f3 el fiscal Alvaro Sanhueza Tasso, fue condenado a 6 a\u00f1os de presidio mayor en su grado m\u00ednimo y una tercera imputada, de 18 a\u00f1os, fue sentenciada a cinco a\u00f1os y un d\u00eda de presidio. Un cuarto imputado, de 17 a\u00f1os al momento de los hechos, fue condenado a la pena de tres a\u00f1os de libertad asistida especial.<\/p>\n<p style=\"font-weight: 400; text-align: justify;\">ESPECIES<\/p>\n<p style=\"font-weight: 400; text-align: justify;\">En base a las pruebas presentadas por la Fiscal\u00eda de Chile Chico, el Tribunal dio por acreditado que el 10 de febrero de 2023, en horas de la madrugada, la v\u00edctima se encontraba durmiendo al interior de su domicilio en Puerto Guadal, cuando los imputados ingresaron a la vivienda, levant\u00e1ndose el due\u00f1o de casa a verificar qu\u00e9 suced\u00eda.<\/p>\n<p style=\"font-weight: 400; text-align: justify;\">En dichas circunstancias, la v\u00edctima encontr\u00f3 a los 4 imputados en el comedor, lugar en que el imputado de 33 a\u00f1os, lo intimid\u00f3 con un cuchillo movi\u00e9ndolo con su mano en direcci\u00f3n a la v\u00edctima. Paralelamente, los dem\u00e1s acusados registraban la vivienda, tras lo cual se retiraron del lugar, sustrayendo especies entre las que se incluyen dos tel\u00e9fonos celulares y ropa.<\/p>\n<p style=\"font-weight: 400; text-align: justify;\">Las personas afectadas en este delito, fueron asistidas por la Unidad de Atenci\u00f3n a V\u00edctimas y Testigos de la Fiscal\u00eda.<\/p>\n<p style=\"font-weight: 400; text-align: justify;\">La sentencia de este caso investigado por el Ministerio P\u00fablico junto a Carabineros, fue dictada por los jueces Rosal\u00eda Mansilla Quiroz, M\u00f3nica Coloma Pulgar y Pablo Freire Gavil\u00e1n.<\/p>\n<\/div><\/section><\/div><div  style='height:50px' class='hr hr-invisible   avia-builder-el-6  el_after_av_one_full  el_before_av_social_share '><span class='hr-inner ' ><span class='hr-inner-style'><\/span><\/span><\/div><\/p>\n<div  class='av-social-sharing-box  avia-builder-el-7  el_after_av_hr  el_before_av_hr  '><div class='av-share-box'><h5 class='av-share-link-description av-no-toc '>Compartir esta noticia<\/h5><ul class='av-share-box-list noLightbox'><li class='av-share-link av-social-link-facebook' ><a target=\"_blank\" aria-label=\"Compartir en Facebook\" href='https:\/\/www.facebook.com\/sharer.php?u=https:\/\/radiorevelacionfm.cl\/?p=35657&#038;t=Fiscal%C3%ADa%20de%20Chile%20Chico%20logra%2012%20a%C3%B1os%20de%20presidio%20para%20autor%20de%20robo%20con%20intimidaci%C3%B3n' aria-hidden='false' data-av_icon='\ue8f3' data-av_iconfont='entypo-fontello' title='' data-avia-related-tooltip='Compartir en Facebook' rel=\"noopener\"><span class='avia_hidden_link_text'>Compartir en Facebook<\/span><\/a><\/li><li class='av-share-link av-social-link-twitter' ><a target=\"_blank\" aria-label=\"Compartir en Twitter\" href='https:\/\/twitter.com\/share?text=Fiscal%C3%ADa%20de%20Chile%20Chico%20logra%2012%20a%C3%B1os%20de%20presidio%20para%20autor%20de%20robo%20con%20intimidaci%C3%B3n&#038;url=https:\/\/radiorevelacionfm.cl\/?p=35657' aria-hidden='false' data-av_icon='\ue8f1' data-av_iconfont='entypo-fontello' title='' data-avia-related-tooltip='Compartir en Twitter' rel=\"noopener\"><span class='avia_hidden_link_text'>Compartir en Twitter<\/span><\/a><\/li><li class='av-share-link av-social-link-whatsapp' ><a target=\"_blank\" aria-label=\"Compartir en Whatsapp\" href='https:\/\/api.whatsapp.com\/send?text=https:\/\/radiorevelacionfm.cl\/?p=35657' aria-hidden='false' data-av_icon='\uf232' data-av_iconfont='entypo-fontello' title='' data-avia-related-tooltip='Compartir en Whatsapp' rel=\"noopener\"><span class='avia_hidden_link_text'>Compartir en Whatsapp<\/span><\/a><\/li><li class='av-share-link av-social-link-linkedin' ><a target=\"_blank\" aria-label=\"Compartir en LinkedIn\" href='https:\/\/linkedin.com\/shareArticle?mini=true&#038;title=Fiscal%C3%ADa%20de%20Chile%20Chico%20logra%2012%20a%C3%B1os%20de%20presidio%20para%20autor%20de%20robo%20con%20intimidaci%C3%B3n&#038;url=https:\/\/radiorevelacionfm.cl\/?p=35657' aria-hidden='false' data-av_icon='\ue8fc' data-av_iconfont='entypo-fontello' title='' data-avia-related-tooltip='Compartir en LinkedIn' rel=\"noopener\"><span class='avia_hidden_link_text'>Compartir en LinkedIn<\/span><\/a><\/li><li class='av-share-link av-social-link-mail' ><a  aria-label=\"Compartir por correo\" href='mailto:?subject=Fiscal%C3%ADa%20de%20Chile%20Chico%20logra%2012%20a%C3%B1os%20de%20presidio%20para%20autor%20de%20robo%20con%20intimidaci%C3%B3n&#038;body=https:\/\/radiorevelacionfm.cl\/?p=35657' aria-hidden='false' data-av_icon='\ue805' data-av_iconfont='entypo-fontello' title='' data-avia-related-tooltip='Compartir por correo'><span class='avia_hidden_link_text'>Compartir por correo<\/span><\/a><\/li><\/ul><\/div><\/div>\n<div  style='height:50px' class='hr hr-invisible   avia-builder-el-8  el_after_av_social_share  el_before_av_comments_list '><span class='hr-inner ' ><span class='hr-inner-style'><\/span><\/span><\/div>\n<div  class='av-buildercomment  av-blog-meta-html-info-disabled av-blog-meta-tag-disabled  '><\/div>\n","protected":false},"excerpt":{"rendered":"","protected":false},"author":1,"featured_media":35659,"comment_status":"open","ping_status":"open","sticky":false,"template":"","format":"standard","meta":{"footnotes":""},"categories":[36],"tags":[],"class_list":["post-35657","post","type-post","status-publish","format-standard","has-post-thumbnail","hentry","category-policial"],"jetpack_featured_media_url":"https:\/\/radiorevelacionfm.cl\/wp-content\/uploads\/2023\/10\/Fiscalia_Chile_Chico-1-2.jpg","_links":{"self":[{"href":"https:\/\/radiorevelacionfm.cl\/index.php?rest_route=\/wp\/v2\/posts\/35657","targetHints":{"allow":["GET"]}}],"collection":[{"href":"https:\/\/radiorevelacionfm.cl\/index.php?rest_route=\/wp\/v2\/posts"}],"about":[{"href":"https:\/\/radiorevelacionfm.cl\/index.php?rest_route=\/wp\/v2\/types\/post"}],"author":[{"embeddable":true,"href":"https:\/\/radiorevelacionfm.cl\/index.php?rest_route=\/wp\/v2\/users\/1"}],"replies":[{"embeddable":true,"href":"https:\/\/radiorevelacionfm.cl\/index.php?rest_route=%2Fwp%2Fv2%2Fcomments&post=35657"}],"version-history":[{"count":1,"href":"https:\/\/radiorevelacionfm.cl\/index.php?rest_route=\/wp\/v2\/posts\/35657\/revisions"}],"predecessor-version":[{"id":35660,"href":"https:\/\/radiorevelacionfm.cl\/index.php?rest_route=\/wp\/v2\/posts\/35657\/revisions\/35660"}],"wp:featuredmedia":[{"embeddable":true,"href":"https:\/\/radiorevelacionfm.cl\/index.php?rest_route=\/wp\/v2\/media\/35659"}],"wp:attachment":[{"href":"https:\/\/radiorevelacionfm.cl\/index.php?rest_route=%2Fwp%2Fv2%2Fmedia&parent=35657"}],"wp:term":[{"taxonomy":"category","embeddable":true,"href":"https:\/\/radiorevelacionfm.cl\/index.php?rest_route=%2Fwp%2Fv2%2Fcategories&post=35657"},{"taxonomy":"post_tag","embeddable":true,"href":"https:\/\/radiorevelacionfm.cl\/index.php?rest_route=%2Fwp%2Fv2%2Ftags&post=35657"}],"curies":[{"name":"wp","href":"https:\/\/api.w.org\/{rel}","templated":true}]}}