{"id":35652,"date":"2023-10-04T09:46:46","date_gmt":"2023-10-04T12:46:46","guid":{"rendered":"https:\/\/radiorevelacionfm.cl\/?p=35652"},"modified":"2023-10-04T09:46:46","modified_gmt":"2023-10-04T12:46:46","slug":"gobierno-fortalece-gestion-con-pescadores-artesanales-de-islas-huichas","status":"publish","type":"post","link":"https:\/\/radiorevelacionfm.cl\/?p=35652","title":{"rendered":"Gobierno fortalece gesti\u00f3n con pescadores artesanales de Islas Huichas"},"content":{"rendered":"<div class=\"flex_column av_one_full  flex_column_div av-zero-column-padding first  avia-builder-el-0  el_before_av_one_full  avia-builder-el-first  \" style='border-radius:0px; '><div  class='avia-image-container  av-styling-    avia-builder-el-1  avia-builder-el-no-sibling  avia-align-center '  itemprop=\"image\" itemscope=\"itemscope\" itemtype=\"https:\/\/schema.org\/ImageObject\"  ><div class='avia-image-container-inner'><div class='avia-image-overlay-wrap'><img decoding=\"async\" class='wp-image-35653 avia-img-lazy-loading-not-35653 avia_image' src=\"https:\/\/radiorevelacionfm.cl\/wp-content\/uploads\/2023\/10\/img_3066-1_optimized-1.jpg\" alt='' title='img_3066-(1)_optimized (1)' height=\"600\" width=\"1048\"  itemprop=\"thumbnailUrl\" srcset=\"https:\/\/radiorevelacionfm.cl\/wp-content\/uploads\/2023\/10\/img_3066-1_optimized-1.jpg 1048w, https:\/\/radiorevelacionfm.cl\/wp-content\/uploads\/2023\/10\/img_3066-1_optimized-1-300x172.jpg 300w, https:\/\/radiorevelacionfm.cl\/wp-content\/uploads\/2023\/10\/img_3066-1_optimized-1-1030x590.jpg 1030w, https:\/\/radiorevelacionfm.cl\/wp-content\/uploads\/2023\/10\/img_3066-1_optimized-1-768x440.jpg 768w, https:\/\/radiorevelacionfm.cl\/wp-content\/uploads\/2023\/10\/img_3066-1_optimized-1-705x404.jpg 705w, https:\/\/radiorevelacionfm.cl\/wp-content\/uploads\/2023\/10\/img_3066-1_optimized-1-450x258.jpg 450w, https:\/\/radiorevelacionfm.cl\/wp-content\/uploads\/2023\/10\/img_3066-1_optimized-1-600x344.jpg 600w\" sizes=\"(max-width: 1048px) 100vw, 1048px\" \/><\/div><\/div><\/div><\/div><div class=\"flex_column av_one_full  flex_column_div av-zero-column-padding first  avia-builder-el-2  el_after_av_one_full  el_before_av_one_full  column-top-margin\" style='border-radius:0px; '><section class=\"av_textblock_section \"  itemscope=\"itemscope\" itemtype=\"https:\/\/schema.org\/BlogPosting\" itemprop=\"blogPost\" ><div class='avia_textblock  '   itemprop=\"text\" ><p style=\"font-weight: 400; text-align: center;\"><span style=\"font-size: 18pt;\"><strong>Gobierno fortalece gesti\u00f3n con pescadores artesanales de Islas Huichas<\/strong><\/span><\/p>\n<div id=\"gtx-trans\" style=\"position: absolute; left: -50px; top: 4.31534px;\">\n<div class=\"gtx-trans-icon\"><\/div>\n<\/div>\n<\/div><\/section><\/div><div class=\"flex_column av_one_full  flex_column_div av-zero-column-padding first  avia-builder-el-4  el_after_av_one_full  el_before_av_hr  column-top-margin\" style='border-radius:0px; '><section class=\"av_textblock_section \"  itemscope=\"itemscope\" itemtype=\"https:\/\/schema.org\/BlogPosting\" itemprop=\"blogPost\" ><div class='avia_textblock  '   itemprop=\"text\" ><p style=\"font-weight: 400; text-align: justify;\">Los principales puntos de inter\u00e9s del sector pesquero artesanal de Islas Huichas, en el litoral de la comuna de Ays\u00e9n, abordaron cerca de 60 personas, entre dirigentes y bases, con autoridades de gobierno, encabezadas por el Delegado Presidencial Regional, Rodrigo Araya, acompa\u00f1ado por su par provincial, Jorge D\u00edaz, seremi de Econom\u00eda, Felipe Rojas, director zonal de Pesca, Manuel P\u00e9rez, y de Sernapesca, Jorge Padilla.<\/p>\n<p style=\"font-weight: 400; text-align: justify;\">El encuentro se desarroll\u00f3 en la Casa de la Cultura de Puerto Aguirre, donde se trabaj\u00f3 en torno al desarrollo del sector bent\u00f3nico y demersal, a nivel regional.<\/p>\n<p style=\"font-weight: 400; text-align: justify;\">As\u00ed lo expres\u00f3 el Delegado Rodrigo Araya, quien indic\u00f3 que para la continuidad de este di\u00e1logo ampliado se concordaron dos nuevas jornadas de trabajo, que tendr\u00e1n lugar los d\u00edas 25 y 26 de octubre.<\/p>\n<p style=\"font-weight: 400; text-align: justify;\">\u201cPudimos abordar tem\u00e1ticas que tienen que ver con la pesca artesanal y avanzamos en lo que se necesita actualmente, en los desaf\u00edos y en torno a diversos puntos en torno a los que se necesita que avancemos. Hubo una muy buena descripci\u00f3n del jefe zonal de Pesca de las tareas que vienen con el Comit\u00e9 de Manejo Bent\u00f3nico Regional, pero tambi\u00e9n acordamos instalar mesas de di\u00e1logo que tengan una implicancia regional, con actores de la pesca artesanal de recursos bent\u00f3nicos de otras localidades de la regi\u00f3n, para lo que cual una muy buena disposici\u00f3n\u201d, destac\u00f3.<\/p>\n<p style=\"font-weight: 400; text-align: justify;\">Fabi\u00e1n Teca, miembro titular del Comit\u00e9 Bent\u00f3nico de la Regi\u00f3n de Ays\u00e9n, detall\u00f3 parte de los puntos planteados en Puerto Aguirre.<\/p>\n<p style=\"font-weight: 400; text-align: justify;\">\u201cHoy d\u00eda planteamos a las autoridades las problem\u00e1ticas que tenemos, sobre todo, con la digitalizaci\u00f3n por parte del Estado y el problema que tiene la gente para hacer los desembarques de los recursos que captura; aparte de eso tenemos problemas de comercio, ante lo cual propusimos desarrollar otras actividades que han estado un poco alica\u00eddas, para superar esa situaci\u00f3n; tambi\u00e9n pudimos trabajar con la subsecretar\u00eda de Pesca y quedamos con el compromiso de seguir trabajando estos temas. El d\u00eda 25 es la primera instancia con el Delegado Provincial, para despu\u00e9s desplazarnos a una jornada con el Delegado Regional, donde debi\u00e9semos tener temas que sean m\u00e1s claros\u201d, detall\u00f3.<\/p>\n<p style=\"font-weight: 400; text-align: justify;\">Por su parte, Sof\u00eda Cabero, presidenta de la Comunidad Ind\u00edgena Fot\u00fan Mapu coincidi\u00f3 en que \u201cel compromiso del gobierno en terreno est\u00e1, de seguir avanzando, entonces nos dan una esperanza, de que podamos tener algo concreto para entregarle a nuestras bases. Eso es lo importante, sacar adelante nuestras islas, mostrar nuevamente los problemas que tenemos, ya que sin el apoyo de ellos no podemos avanzar. Tenemos una reuni\u00f3n con una mesa de trabajo que hicimos nosotros el 9, que estamos pidiendo la Mesa de Mujer de trabajo del mar, con sindicato, junta de vecinos y todos ellos y luego tener reuniones el 25 y 26 para llegar con una carpeta y puntos a tratar, para que podamos ir solucionando punto por punto\u201d, enfatiz\u00f3.<\/p>\n<p style=\"font-weight: 400; text-align: justify;\">El director zonal de Pesca, Manuel P\u00e9rez Montenegro, destac\u00f3 la posibilidad de sesionar a trav\u00e9s de mesas de trabajo bent\u00f3nica y demersal en la regi\u00f3n, para lo cual Subpesca se desplegar\u00e1 en diferentes puntos del litoral, favoreciendo la comunicaci\u00f3n de dirigentes de todo el litoral.<\/p>\n<p style=\"font-weight: 400; text-align: justify;\">\u201cHemos hecho una reuni\u00f3n con todos los dirigentes y tambi\u00e9n con sus bases, en la cual hemos llegado a buenos t\u00e9rminos, en lineamientos que nos van a permitir ir fortaleciendo a la Regi\u00f3n de Ays\u00e9n a trav\u00e9s de su sector pesquero artesanal. Tenemos el mandato de estar en terreno y eso es lo que hemos\u201d, puntualiz\u00f3.<\/p>\n<p style=\"font-weight: 400; text-align: justify;\">En la jornada en Puerto Aguirre participaron tambi\u00e9n equipos de trabajo de la seremi de Transportes y Telecomunicaciones, de la Armada y Carabineros de Chile.<\/p>\n<\/div><\/section><\/div><div  style='height:50px' class='hr hr-invisible   avia-builder-el-6  el_after_av_one_full  el_before_av_social_share '><span class='hr-inner ' ><span class='hr-inner-style'><\/span><\/span><\/div><\/p>\n<div  class='av-social-sharing-box  avia-builder-el-7  el_after_av_hr  el_before_av_hr  '><div class='av-share-box'><h5 class='av-share-link-description av-no-toc '>Compartir esta noticia<\/h5><ul class='av-share-box-list noLightbox'><li class='av-share-link av-social-link-facebook' ><a target=\"_blank\" aria-label=\"Compartir en Facebook\" href='https:\/\/www.facebook.com\/sharer.php?u=https:\/\/radiorevelacionfm.cl\/?p=35652&#038;t=Gobierno%20fortalece%20gesti%C3%B3n%20con%20pescadores%20artesanales%20de%20Islas%20Huichas' aria-hidden='false' data-av_icon='\ue8f3' data-av_iconfont='entypo-fontello' title='' data-avia-related-tooltip='Compartir en Facebook' rel=\"noopener\"><span class='avia_hidden_link_text'>Compartir en Facebook<\/span><\/a><\/li><li class='av-share-link av-social-link-twitter' ><a target=\"_blank\" aria-label=\"Compartir en Twitter\" href='https:\/\/twitter.com\/share?text=Gobierno%20fortalece%20gesti%C3%B3n%20con%20pescadores%20artesanales%20de%20Islas%20Huichas&#038;url=https:\/\/radiorevelacionfm.cl\/?p=35652' aria-hidden='false' data-av_icon='\ue8f1' data-av_iconfont='entypo-fontello' title='' data-avia-related-tooltip='Compartir en Twitter' rel=\"noopener\"><span class='avia_hidden_link_text'>Compartir en Twitter<\/span><\/a><\/li><li class='av-share-link av-social-link-whatsapp' ><a target=\"_blank\" aria-label=\"Compartir en Whatsapp\" href='https:\/\/api.whatsapp.com\/send?text=https:\/\/radiorevelacionfm.cl\/?p=35652' aria-hidden='false' data-av_icon='\uf232' data-av_iconfont='entypo-fontello' title='' data-avia-related-tooltip='Compartir en Whatsapp' rel=\"noopener\"><span class='avia_hidden_link_text'>Compartir en Whatsapp<\/span><\/a><\/li><li class='av-share-link av-social-link-linkedin' ><a target=\"_blank\" aria-label=\"Compartir en LinkedIn\" href='https:\/\/linkedin.com\/shareArticle?mini=true&#038;title=Gobierno%20fortalece%20gesti%C3%B3n%20con%20pescadores%20artesanales%20de%20Islas%20Huichas&#038;url=https:\/\/radiorevelacionfm.cl\/?p=35652' aria-hidden='false' data-av_icon='\ue8fc' data-av_iconfont='entypo-fontello' title='' data-avia-related-tooltip='Compartir en LinkedIn' rel=\"noopener\"><span class='avia_hidden_link_text'>Compartir en LinkedIn<\/span><\/a><\/li><li class='av-share-link av-social-link-mail' ><a  aria-label=\"Compartir por correo\" href='mailto:?subject=Gobierno%20fortalece%20gesti%C3%B3n%20con%20pescadores%20artesanales%20de%20Islas%20Huichas&#038;body=https:\/\/radiorevelacionfm.cl\/?p=35652' aria-hidden='false' data-av_icon='\ue805' data-av_iconfont='entypo-fontello' title='' data-avia-related-tooltip='Compartir por correo'><span class='avia_hidden_link_text'>Compartir por correo<\/span><\/a><\/li><\/ul><\/div><\/div>\n<div  style='height:50px' class='hr hr-invisible   avia-builder-el-8  el_after_av_social_share  el_before_av_comments_list '><span class='hr-inner ' ><span class='hr-inner-style'><\/span><\/span><\/div>\n<div  class='av-buildercomment  av-blog-meta-html-info-disabled av-blog-meta-tag-disabled  '><\/div>\n","protected":false},"excerpt":{"rendered":"","protected":false},"author":1,"featured_media":35653,"comment_status":"open","ping_status":"open","sticky":false,"template":"","format":"standard","meta":{"footnotes":""},"categories":[60],"tags":[],"class_list":["post-35652","post","type-post","status-publish","format-standard","has-post-thumbnail","hentry","category-pesca"],"jetpack_featured_media_url":"https:\/\/radiorevelacionfm.cl\/wp-content\/uploads\/2023\/10\/img_3066-1_optimized-1.jpg","_links":{"self":[{"href":"https:\/\/radiorevelacionfm.cl\/index.php?rest_route=\/wp\/v2\/posts\/35652","targetHints":{"allow":["GET"]}}],"collection":[{"href":"https:\/\/radiorevelacionfm.cl\/index.php?rest_route=\/wp\/v2\/posts"}],"about":[{"href":"https:\/\/radiorevelacionfm.cl\/index.php?rest_route=\/wp\/v2\/types\/post"}],"author":[{"embeddable":true,"href":"https:\/\/radiorevelacionfm.cl\/index.php?rest_route=\/wp\/v2\/users\/1"}],"replies":[{"embeddable":true,"href":"https:\/\/radiorevelacionfm.cl\/index.php?rest_route=%2Fwp%2Fv2%2Fcomments&post=35652"}],"version-history":[{"count":1,"href":"https:\/\/radiorevelacionfm.cl\/index.php?rest_route=\/wp\/v2\/posts\/35652\/revisions"}],"predecessor-version":[{"id":35654,"href":"https:\/\/radiorevelacionfm.cl\/index.php?rest_route=\/wp\/v2\/posts\/35652\/revisions\/35654"}],"wp:featuredmedia":[{"embeddable":true,"href":"https:\/\/radiorevelacionfm.cl\/index.php?rest_route=\/wp\/v2\/media\/35653"}],"wp:attachment":[{"href":"https:\/\/radiorevelacionfm.cl\/index.php?rest_route=%2Fwp%2Fv2%2Fmedia&parent=35652"}],"wp:term":[{"taxonomy":"category","embeddable":true,"href":"https:\/\/radiorevelacionfm.cl\/index.php?rest_route=%2Fwp%2Fv2%2Fcategories&post=35652"},{"taxonomy":"post_tag","embeddable":true,"href":"https:\/\/radiorevelacionfm.cl\/index.php?rest_route=%2Fwp%2Fv2%2Ftags&post=35652"}],"curies":[{"name":"wp","href":"https:\/\/api.w.org\/{rel}","templated":true}]}}