{"id":35649,"date":"2023-10-04T13:12:31","date_gmt":"2023-10-04T16:12:31","guid":{"rendered":"https:\/\/radiorevelacionfm.cl\/?p=35649"},"modified":"2023-10-04T13:12:31","modified_gmt":"2023-10-04T16:12:31","slug":"en-la-region-de-aysen-una-empresa-fue-multada-con-10-utm-por-no-respetar-el-feriado-irrenunciable-de-fiestas-patrias","status":"publish","type":"post","link":"https:\/\/radiorevelacionfm.cl\/?p=35649","title":{"rendered":"En la Regi\u00f3n de Ays\u00e9n una empresa fue multada con 10 UTM por no respetar el feriado irrenunciable de Fiestas Patrias"},"content":{"rendered":"<div class=\"flex_column av_one_full  flex_column_div av-zero-column-padding first  avia-builder-el-0  el_before_av_one_full  avia-builder-el-first  \" style='border-radius:0px; '><div  class='avia-image-container  av-styling-    avia-builder-el-1  avia-builder-el-no-sibling  avia-align-center '  itemprop=\"image\" itemscope=\"itemscope\" itemtype=\"https:\/\/schema.org\/ImageObject\"  ><div class='avia-image-container-inner'><div class='avia-image-overlay-wrap'><img decoding=\"async\" class='wp-image-35650 avia-img-lazy-loading-not-35650 avia_image' src=\"https:\/\/radiorevelacionfm.cl\/wp-content\/uploads\/2023\/10\/FeriadoIrrenunciableComercio_Coyhaique-1-1.jpg\" alt='' title='FeriadoIrrenunciableComercio_Coyhaique (1) (1)' height=\"600\" width=\"850\"  itemprop=\"thumbnailUrl\" srcset=\"https:\/\/radiorevelacionfm.cl\/wp-content\/uploads\/2023\/10\/FeriadoIrrenunciableComercio_Coyhaique-1-1.jpg 850w, https:\/\/radiorevelacionfm.cl\/wp-content\/uploads\/2023\/10\/FeriadoIrrenunciableComercio_Coyhaique-1-1-300x212.jpg 300w, https:\/\/radiorevelacionfm.cl\/wp-content\/uploads\/2023\/10\/FeriadoIrrenunciableComercio_Coyhaique-1-1-768x542.jpg 768w, https:\/\/radiorevelacionfm.cl\/wp-content\/uploads\/2023\/10\/FeriadoIrrenunciableComercio_Coyhaique-1-1-260x185.jpg 260w, https:\/\/radiorevelacionfm.cl\/wp-content\/uploads\/2023\/10\/FeriadoIrrenunciableComercio_Coyhaique-1-1-705x498.jpg 705w, https:\/\/radiorevelacionfm.cl\/wp-content\/uploads\/2023\/10\/FeriadoIrrenunciableComercio_Coyhaique-1-1-450x318.jpg 450w, https:\/\/radiorevelacionfm.cl\/wp-content\/uploads\/2023\/10\/FeriadoIrrenunciableComercio_Coyhaique-1-1-600x424.jpg 600w\" sizes=\"(max-width: 850px) 100vw, 850px\" \/><\/div><\/div><\/div><\/div><div class=\"flex_column av_one_full  flex_column_div av-zero-column-padding first  avia-builder-el-2  el_after_av_one_full  el_before_av_one_full  column-top-margin\" style='border-radius:0px; '><section class=\"av_textblock_section \"  itemscope=\"itemscope\" itemtype=\"https:\/\/schema.org\/BlogPosting\" itemprop=\"blogPost\" ><div class='avia_textblock  '   itemprop=\"text\" ><p style=\"text-align: center;\"><strong><span style=\"font-size: 18pt;\">En la Regi\u00f3n de Ays\u00e9n una empresa fue multada con 10 UTM por no respetar el feriado irrenunciable de Fiestas Patrias<\/span><\/strong><\/p>\n<div id=\"gtx-trans\" style=\"position: absolute; left: -50px; top: 4.31534px;\">\n<div class=\"gtx-trans-icon\"><\/div>\n<\/div>\n<\/div><\/section><\/div><div class=\"flex_column av_one_full  flex_column_div av-zero-column-padding first  avia-builder-el-4  el_after_av_one_full  el_before_av_hr  column-top-margin\" style='border-radius:0px; '><section class=\"av_textblock_section \"  itemscope=\"itemscope\" itemtype=\"https:\/\/schema.org\/BlogPosting\" itemprop=\"blogPost\" ><div class='avia_textblock  '   itemprop=\"text\" ><div>\n<p style=\"text-align: justify;\"><em>A lo largo del pa\u00eds, la Direcci\u00f3n del Trabajo realiz\u00f3 267 fiscalizaciones para cautelar el respeto al feriado obligatorio e irrenunciable en el comercio, el total de multas super\u00f3 los $100 millones a nivel nacional.<\/em><\/p>\n<\/div>\n<div style=\"text-align: justify;\">Un plan de fiscalizaci\u00f3n con despliegue en todo Chile efectu\u00f3 la Direcci\u00f3n del Trabajo durante los d\u00edas 18 y 19 de septiembre para asegurar el correcto cumplimiento del feriado obligatorio e irrenunciable para el comercio. El programa gener\u00f3 267 fiscalizaciones, de las cuales 105 terminaron con multas y con 213 trabajadores\/as suspendidos de sus labores y enviados de regreso a sus hogares, debido a la imposibilidad legal que existe para pactar incentivos para trabajar durante estos d\u00edas.<br \/>\nEl Director(s) regional de la Direcci\u00f3n del Trabajo, Christian Aros Troncoso, explic\u00f3 que \u00aben nuestra Regi\u00f3n de Ays\u00e9n durante el 18 y el 19 de septiembre, se realizaron 13 fiscalizaciones y adem\u00e1s se recibieron consultas y denuncias, tanto por v\u00eda telef\u00f3nica como a trav\u00e9s del sitio web. De las fiscalizaciones, una result\u00f3 con multa, al encontrarse 2 trabajadores laborando en un local comercial, quienes fueron suspendidos y enviados a sus casas, curs\u00e1ndose una multa a la empresa por 10 UTM. Esto demuestra la importancia de efectuar este tipo de fiscalizaciones para velar por los derechos de los trabajadores y trabajadoras de la regi\u00f3n\u00bb.A su vez, el Seremi de Trabajo y Previsi\u00f3n Social, Rodrigo D\u00edaz Cordaro, destac\u00f3 el nivel de cumplimiento de la norma, \u00abQuiero recalcar la labor de los fiscalizadores y fiscalizadoras de la Direcci\u00f3n del Trabajo, quienes recorrieron e hicieron fiscalizaciones en Puerto Ays\u00e9n, Puerto Cisnes, Puerto Chacabuco, Ma\u00f1ihuales y Coyhaique, donde la norma se respet\u00f3 en gran parte de los lugares resultando solamente un negocio con multa, el cual se trata de un local comercial del retail, del centro de Coyhaique. Quiero destacar que muchos locales abrieron, pero solamente estaban atendidos por sus due\u00f1os, lo cual habla de un respeto hacia la norma. De todas maneras, siempre es importante hacer hincapi\u00e9 en el derecho que tienen las y los trabajadores a descansar durante las fiestas y denunciar cuando no se est\u00e1 cumpliendo la ley, manteniendo la confidencialidad de la denuncia\u00bb, afirm\u00f3 la autoridad laboral.\u00bbDurante las fiscalizaciones revisamos dos aspectos, uno sobre el respeto del feriado irrenunciable del comercio donde los trabajadores y trabajadoras estaban impedidos de laborar, y por otra parte, se efectuaron fiscalizaciones a locales que s\u00ed pod\u00edan abrir, revisando si se estaba respetando el descanso alternado de aquellos trabajadores y trabajadoras a los que, estando contratados por el mismo empleador\/a en esta fecha del a\u00f1o 2022, les correspond\u00eda descansar este 2023&#8243;, detall\u00f3 el Director del Trabajo, Aros Troncoso.<\/p>\n<p><b>Sanciones<\/b><br \/>\nLas infracciones por no cumplir con el feriado obligatorio e irrenunciable y el descanso alternado, son sancionadas con multas que van desde las 5 UTM ($317.260 a septiembre de 2023) hasta 20 UTM ($1.269.040 a septiembre de 2023) por cada trabajador afectado por la infracci\u00f3n, considerando el n\u00famero de trabajadores total de la empresa. (Inc. final, Art. 2. Ley 19.973).<br \/>\nLa infracci\u00f3n al feriado obligatorio e irrenunciable y al descanso alternado impone multas de: Microempresa: 5 UTM ($317.260); Peque\u00f1a empresa: 5 UTM ($317.260); Mediana empresa: 10 UTM ($634.520); Gran empresa: 20 UTM ($1.269.040).<br \/>\nNota: valor de la UTM en septiembre de 2023: 63.452 pesos.<br \/>\nEstas multas son por cada trabajador sorprendido en infracci\u00f3n.<br \/>\nAparte de la multa, los empleadores sorprendidos con trabajadores y trabajadoras laborando deben cesar sus turnos, salir de los locales y bajar las cortinas.<br \/>\nEl monto total a ra\u00edz de las multas cursadas fue de $103.974.784 a nivel nacional. Las regiones con mayores montos de multas fueron Maule y O&#8217;Higgins, con $22.831.198 y $20.610.378, respectivamente. En cuanto a las regiones que registraron mayor cantidad de trabajadores\/as suspendidos, lideran Los Lagos (29), Metropolitana (28) y Arica y Parinacota (27). M\u00e1s atr\u00e1s aparecen Tarapac\u00e1, Los R\u00edos y Maule, cada una con 18 trabajadores\/as suspendidos\/as.<br \/>\nLos d\u00edas 18 y 19 de septiembre son dos de los cinco feriados obligatorios e irrenunciables en el comercio, tal como el del 1 de enero, 1 de mayo y 25 de diciembre, jornadas que fueron establecidas a fines de 2007.<\/p>\n<\/div>\n<\/div><\/section><\/div><\/p>\n<div  style='height:50px' class='hr hr-invisible   avia-builder-el-6  el_after_av_one_full  el_before_av_social_share '><span class='hr-inner ' ><span class='hr-inner-style'><\/span><\/span><\/div>\n<div  class='av-social-sharing-box  avia-builder-el-7  el_after_av_hr  el_before_av_hr  '><div class='av-share-box'><h5 class='av-share-link-description av-no-toc '>Compartir esta noticia<\/h5><ul class='av-share-box-list noLightbox'><li class='av-share-link av-social-link-facebook' ><a target=\"_blank\" aria-label=\"Compartir en Facebook\" href='https:\/\/www.facebook.com\/sharer.php?u=https:\/\/radiorevelacionfm.cl\/?p=35649&#038;t=En%20la%20Regi%C3%B3n%20de%20Ays%C3%A9n%20una%20empresa%20fue%20multada%20con%2010%20UTM%20por%20no%20respetar%20el%20feriado%20irrenunciable%20de%20Fiestas%20Patrias' aria-hidden='false' data-av_icon='\ue8f3' data-av_iconfont='entypo-fontello' title='' data-avia-related-tooltip='Compartir en Facebook' rel=\"noopener\"><span class='avia_hidden_link_text'>Compartir en Facebook<\/span><\/a><\/li><li class='av-share-link av-social-link-twitter' ><a target=\"_blank\" aria-label=\"Compartir en Twitter\" href='https:\/\/twitter.com\/share?text=En%20la%20Regi%C3%B3n%20de%20Ays%C3%A9n%20una%20empresa%20fue%20multada%20con%2010%20UTM%20por%20no%20respetar%20el%20feriado%20irrenunciable%20de%20Fiestas%20Patrias&#038;url=https:\/\/radiorevelacionfm.cl\/?p=35649' aria-hidden='false' data-av_icon='\ue8f1' data-av_iconfont='entypo-fontello' title='' data-avia-related-tooltip='Compartir en Twitter' rel=\"noopener\"><span class='avia_hidden_link_text'>Compartir en Twitter<\/span><\/a><\/li><li class='av-share-link av-social-link-whatsapp' ><a target=\"_blank\" aria-label=\"Compartir en Whatsapp\" href='https:\/\/api.whatsapp.com\/send?text=https:\/\/radiorevelacionfm.cl\/?p=35649' aria-hidden='false' data-av_icon='\uf232' data-av_iconfont='entypo-fontello' title='' data-avia-related-tooltip='Compartir en Whatsapp' rel=\"noopener\"><span class='avia_hidden_link_text'>Compartir en Whatsapp<\/span><\/a><\/li><li class='av-share-link av-social-link-linkedin' ><a target=\"_blank\" aria-label=\"Compartir en LinkedIn\" href='https:\/\/linkedin.com\/shareArticle?mini=true&#038;title=En%20la%20Regi%C3%B3n%20de%20Ays%C3%A9n%20una%20empresa%20fue%20multada%20con%2010%20UTM%20por%20no%20respetar%20el%20feriado%20irrenunciable%20de%20Fiestas%20Patrias&#038;url=https:\/\/radiorevelacionfm.cl\/?p=35649' aria-hidden='false' data-av_icon='\ue8fc' data-av_iconfont='entypo-fontello' title='' data-avia-related-tooltip='Compartir en LinkedIn' rel=\"noopener\"><span class='avia_hidden_link_text'>Compartir en LinkedIn<\/span><\/a><\/li><li class='av-share-link av-social-link-mail' ><a  aria-label=\"Compartir por correo\" href='mailto:?subject=En%20la%20Regi%C3%B3n%20de%20Ays%C3%A9n%20una%20empresa%20fue%20multada%20con%2010%20UTM%20por%20no%20respetar%20el%20feriado%20irrenunciable%20de%20Fiestas%20Patrias&#038;body=https:\/\/radiorevelacionfm.cl\/?p=35649' aria-hidden='false' data-av_icon='\ue805' data-av_iconfont='entypo-fontello' title='' data-avia-related-tooltip='Compartir por correo'><span class='avia_hidden_link_text'>Compartir por correo<\/span><\/a><\/li><\/ul><\/div><\/div>\n<div  style='height:50px' class='hr hr-invisible   avia-builder-el-8  el_after_av_social_share  el_before_av_comments_list '><span class='hr-inner ' ><span class='hr-inner-style'><\/span><\/span><\/div>\n<div  class='av-buildercomment  av-blog-meta-html-info-disabled av-blog-meta-tag-disabled  '><\/div>\n<div class=\"flex_column av_one_full  flex_column_div av-zero-column-padding first  avia-builder-el-10  el_after_av_comments_list  el_before_av_one_full  \" style='border-radius:0px; '><div  class='avia-image-container  av-styling-    avia-builder-el-11  avia-builder-el-no-sibling  avia-align-center '  itemprop=\"image\" itemscope=\"itemscope\" itemtype=\"https:\/\/schema.org\/ImageObject\"  ><div class='avia-image-container-inner'><div class='avia-image-overlay-wrap'><img decoding=\"async\" class='wp-image-0 avia-img-lazy-loading-not-0 avia_image' src=\"http:\/\/radiorevelacionfm.cl\/wp-content\/uploads\/2020\/12\/7ee21_th2.jpg\" alt='' title=''   itemprop=\"thumbnailUrl\"  \/><\/div><\/div><\/div><\/div>\n<div class=\"flex_column av_one_full  flex_column_div av-zero-column-padding first  avia-builder-el-12  el_after_av_one_full  el_before_av_one_full  column-top-margin\" style='border-radius:0px; '><section class=\"av_textblock_section \"  itemscope=\"itemscope\" itemtype=\"https:\/\/schema.org\/BlogPosting\" itemprop=\"blogPost\" ><div class='avia_textblock  '   itemprop=\"text\" ><h2 class=\"title\" style=\"text-align: center;\">SENDA entrega equipos de Narcotest a Carabineros para aumentar controles de Tolerancia Cero<\/h2>\n<div id=\"gtx-trans\" style=\"position: absolute; left: -50px; top: 4.31534px;\">\n<div class=\"gtx-trans-icon\"><\/div>\n<\/div>\n<\/div><\/section><\/div>\n<div class=\"flex_column av_one_full  flex_column_div av-zero-column-padding first  avia-builder-el-14  el_after_av_one_full  el_before_av_hr  column-top-margin\" style='border-radius:0px; '><section class=\"av_textblock_section \"  itemscope=\"itemscope\" itemtype=\"https:\/\/schema.org\/BlogPosting\" itemprop=\"blogPost\" ><div class='avia_textblock  '   itemprop=\"text\" ><p style=\"text-align: justify;\"><span style=\"font-size: 14pt;\">El objetivo es aumentar la cobertura del Programa Tolerancia Cero y realizar controles en otras comunas de la Regi\u00f3n de Ays\u00e9n, junto con seguir generando conciencias en los conductores, con respecto a las consecuencias negativas asociadas a la conducci\u00f3n bajo los efectos de la droga.<\/span><\/p>\n<p style=\"text-align: justify;\"><span style=\"font-size: 14pt;\">Con la participaci\u00f3n de la Intendente Regional de Ays\u00e9n Sra. Geoconda Navarrete, este martes, en dependencias de su direcci\u00f3n regional, SENDA hizo entrega al nuevo Jefe de la XI Zona Ays\u00e9n de Carabineros de Chile, General Hugo Zenteno V\u00e1squez de dos equipos para detectar la presencia de Drogas il\u00edcitas en los conductores que circulen por la Regi\u00f3n de Ays\u00e9n, en el contexto del trabajo permanente del Programa Tolerancia Cero de SENDA que se ejecuta en colaboraci\u00f3n estrat\u00e9gica con Carabineros de Chile y con el prop\u00f3sito claro de fortalecer el trabajo territorial.<\/span><\/p>\n<p><span style=\"font-size: 14pt;\">En la ocasi\u00f3n la Directora Regional de SENDA Annie Katherine Hunter Guti\u00e9rrez manifest\u00f3 \u201cEsta entrega que SENDA hace a Carabineros de Chile, marca un segundo hito, de suma relevancia en el Programa Tolerancia Cero, bajo la direcci\u00f3n de nuestro Director Carlos Charme, quien plante\u00f3 como objetivo, al asumir su cargo, sumar a los hist\u00f3ricos test de alcohol, el control de otras drogas en los conductores. Es as\u00ed como al aparato Narcotest que el a\u00f1o 2019 lleg\u00f3 a la regi\u00f3n bajo administraci\u00f3n de SENDA Ays\u00e9n, hoy se suma dos aparatos que con mucha satisfacci\u00f3n entregamos hoy a Carabineros, con una inversi\u00f3n sectorial de m\u00e1s de $9.000.000\u201d.<\/span><\/p>\n<p><span style=\"font-size: 14pt;\">Por su parte, el Jefe de la XI zona de Carabineros de Ays\u00e9n, General Hugo Zenteno V\u00e1squez se\u00f1al\u00f3: \u201cEsto es una estrategia de una pol\u00edtica de seguridad, donde con estos equipos vamos a hacer nuestro trabajo de mejor forma para poder llevar los medios de prueba al Ministerio P\u00fablico. Todo equipo detector de alguna sustancia il\u00edcita, es esencial para nuestra funci\u00f3n policial. Nuestras estrategias operativas est\u00e1n enfocadas en los puntos m\u00e1s cr\u00edticos y en especial, llega esto, pr\u00f3ximo a las fiestas navide\u00f1as y de fin de a\u00f1o, donde vamos a tener un control m\u00e1s exhaustivo en la ruta para prevenir accidentes y tambi\u00e9n para que las personas est\u00e9n en paz y tranquilidad y no tengamos hechos que lamentar, estamos para brindar un servicio \u00f3ptimo y ese es el enfoque que queremos dar para el a\u00f1o 2021.\u201d<\/span><\/p>\n<p><span style=\"font-size: 14pt;\">A partir de la inversi\u00f3n sectorial de SENDA, Carabineros de Chile de la XI Zona Ays\u00e9n podr\u00e1 someter a cualquier conductor a un examen de saliva, a trav\u00e9s de un kit de prueba desechable, en forma independiente al dispositivo Tolerancia Cero de SENDA, abarcando un territorio mayor, contribuyendo con ello no solo a l control de conductores y fiscalizaci\u00f3n del cumplimiento de la Ley de Tr\u00e1nsito, sino tambi\u00e9n a la labor preventiva que desarrolla SENDA a trav\u00e9s de su programa.<\/span><\/p>\n<p><span style=\"font-size: 14pt;\">Cabe recordar que los Narcotest permiten detectar en terreno la presencia de 5 drogas en el cuerpo de los conductores; coca\u00edna, marihuana, opi\u00e1cidos, metanfetaminas y anfetaminas, hecho que constituye un delito al igual que la conducci\u00f3n en estado de ebriedad.<\/span><\/p>\n<\/div><\/section><\/div>\n<div  style='height:50px' class='hr hr-invisible   avia-builder-el-16  el_after_av_one_full  el_before_av_social_share '><span class='hr-inner ' ><span class='hr-inner-style'><\/span><\/span><\/div>\n<div  class='av-social-sharing-box  avia-builder-el-17  el_after_av_hr  el_before_av_hr  '><div class='av-share-box'><h5 class='av-share-link-description av-no-toc '>Compartir esta noticia<\/h5><ul class='av-share-box-list noLightbox'><li class='av-share-link av-social-link-facebook' ><a target=\"_blank\" aria-label=\"Compartir en Facebook\" href='https:\/\/www.facebook.com\/sharer.php?u=https:\/\/radiorevelacionfm.cl\/?p=35649&#038;t=En%20la%20Regi%C3%B3n%20de%20Ays%C3%A9n%20una%20empresa%20fue%20multada%20con%2010%20UTM%20por%20no%20respetar%20el%20feriado%20irrenunciable%20de%20Fiestas%20Patrias' aria-hidden='false' data-av_icon='\ue8f3' data-av_iconfont='entypo-fontello' title='' data-avia-related-tooltip='Compartir en Facebook' rel=\"noopener\"><span class='avia_hidden_link_text'>Compartir en Facebook<\/span><\/a><\/li><li class='av-share-link av-social-link-twitter' ><a target=\"_blank\" aria-label=\"Compartir en Twitter\" href='https:\/\/twitter.com\/share?text=En%20la%20Regi%C3%B3n%20de%20Ays%C3%A9n%20una%20empresa%20fue%20multada%20con%2010%20UTM%20por%20no%20respetar%20el%20feriado%20irrenunciable%20de%20Fiestas%20Patrias&#038;url=https:\/\/radiorevelacionfm.cl\/?p=35649' aria-hidden='false' data-av_icon='\ue8f1' data-av_iconfont='entypo-fontello' title='' data-avia-related-tooltip='Compartir en Twitter' rel=\"noopener\"><span class='avia_hidden_link_text'>Compartir en Twitter<\/span><\/a><\/li><li class='av-share-link av-social-link-whatsapp' ><a target=\"_blank\" aria-label=\"Compartir en Whatsapp\" href='https:\/\/api.whatsapp.com\/send?text=https:\/\/radiorevelacionfm.cl\/?p=35649' aria-hidden='false' data-av_icon='\uf232' data-av_iconfont='entypo-fontello' title='' data-avia-related-tooltip='Compartir en Whatsapp' rel=\"noopener\"><span class='avia_hidden_link_text'>Compartir en Whatsapp<\/span><\/a><\/li><li class='av-share-link av-social-link-linkedin' ><a target=\"_blank\" aria-label=\"Compartir en LinkedIn\" href='https:\/\/linkedin.com\/shareArticle?mini=true&#038;title=En%20la%20Regi%C3%B3n%20de%20Ays%C3%A9n%20una%20empresa%20fue%20multada%20con%2010%20UTM%20por%20no%20respetar%20el%20feriado%20irrenunciable%20de%20Fiestas%20Patrias&#038;url=https:\/\/radiorevelacionfm.cl\/?p=35649' aria-hidden='false' data-av_icon='\ue8fc' data-av_iconfont='entypo-fontello' title='' data-avia-related-tooltip='Compartir en LinkedIn' rel=\"noopener\"><span class='avia_hidden_link_text'>Compartir en LinkedIn<\/span><\/a><\/li><li class='av-share-link av-social-link-mail' ><a  aria-label=\"Compartir por correo\" href='mailto:?subject=En%20la%20Regi%C3%B3n%20de%20Ays%C3%A9n%20una%20empresa%20fue%20multada%20con%2010%20UTM%20por%20no%20respetar%20el%20feriado%20irrenunciable%20de%20Fiestas%20Patrias&#038;body=https:\/\/radiorevelacionfm.cl\/?p=35649' aria-hidden='false' data-av_icon='\ue805' data-av_iconfont='entypo-fontello' title='' data-avia-related-tooltip='Compartir por correo'><span class='avia_hidden_link_text'>Compartir por correo<\/span><\/a><\/li><\/ul><\/div><\/div>\n<div  style='height:50px' class='hr hr-invisible   avia-builder-el-18  el_after_av_social_share  el_before_av_comments_list '><span class='hr-inner ' ><span class='hr-inner-style'><\/span><\/span><\/div>\n<div  class='av-buildercomment  av-blog-meta-html-info-disabled av-blog-meta-tag-disabled  '><\/div>\n","protected":false},"excerpt":{"rendered":"","protected":false},"author":1,"featured_media":35650,"comment_status":"open","ping_status":"open","sticky":false,"template":"","format":"standard","meta":{"footnotes":""},"categories":[56],"tags":[],"class_list":["post-35649","post","type-post","status-publish","format-standard","has-post-thumbnail","hentry","category-trabajo"],"jetpack_featured_media_url":"https:\/\/radiorevelacionfm.cl\/wp-content\/uploads\/2023\/10\/FeriadoIrrenunciableComercio_Coyhaique-1-1.jpg","_links":{"self":[{"href":"https:\/\/radiorevelacionfm.cl\/index.php?rest_route=\/wp\/v2\/posts\/35649","targetHints":{"allow":["GET"]}}],"collection":[{"href":"https:\/\/radiorevelacionfm.cl\/index.php?rest_route=\/wp\/v2\/posts"}],"about":[{"href":"https:\/\/radiorevelacionfm.cl\/index.php?rest_route=\/wp\/v2\/types\/post"}],"author":[{"embeddable":true,"href":"https:\/\/radiorevelacionfm.cl\/index.php?rest_route=\/wp\/v2\/users\/1"}],"replies":[{"embeddable":true,"href":"https:\/\/radiorevelacionfm.cl\/index.php?rest_route=%2Fwp%2Fv2%2Fcomments&post=35649"}],"version-history":[{"count":3,"href":"https:\/\/radiorevelacionfm.cl\/index.php?rest_route=\/wp\/v2\/posts\/35649\/revisions"}],"predecessor-version":[{"id":35656,"href":"https:\/\/radiorevelacionfm.cl\/index.php?rest_route=\/wp\/v2\/posts\/35649\/revisions\/35656"}],"wp:featuredmedia":[{"embeddable":true,"href":"https:\/\/radiorevelacionfm.cl\/index.php?rest_route=\/wp\/v2\/media\/35650"}],"wp:attachment":[{"href":"https:\/\/radiorevelacionfm.cl\/index.php?rest_route=%2Fwp%2Fv2%2Fmedia&parent=35649"}],"wp:term":[{"taxonomy":"category","embeddable":true,"href":"https:\/\/radiorevelacionfm.cl\/index.php?rest_route=%2Fwp%2Fv2%2Fcategories&post=35649"},{"taxonomy":"post_tag","embeddable":true,"href":"https:\/\/radiorevelacionfm.cl\/index.php?rest_route=%2Fwp%2Fv2%2Ftags&post=35649"}],"curies":[{"name":"wp","href":"https:\/\/api.w.org\/{rel}","templated":true}]}}