{"id":35645,"date":"2023-10-03T22:01:58","date_gmt":"2023-10-04T01:01:58","guid":{"rendered":"https:\/\/radiorevelacionfm.cl\/?p=35645"},"modified":"2023-10-03T22:01:58","modified_gmt":"2023-10-04T01:01:58","slug":"avanzan-los-preparativos-para-el-recorrido-historico-de-la-antorcha-panamericana-por-las-calles-de-coyhaique","status":"publish","type":"post","link":"https:\/\/radiorevelacionfm.cl\/?p=35645","title":{"rendered":"Avanzan los preparativos para el recorrido hist\u00f3rico de la Antorcha Panamericana por las calles de Coyhaique"},"content":{"rendered":"<div class=\"flex_column av_one_full  flex_column_div av-zero-column-padding first  avia-builder-el-0  el_before_av_one_full  avia-builder-el-first  \" style='border-radius:0px; '><div  class='avia-image-container  av-styling-    avia-builder-el-1  avia-builder-el-no-sibling  avia-align-center '  itemprop=\"image\" itemscope=\"itemscope\" itemtype=\"https:\/\/schema.org\/ImageObject\"  ><div class='avia-image-container-inner'><div class='avia-image-overlay-wrap'><img decoding=\"async\" class='wp-image-35647 avia-img-lazy-loading-not-35647 avia_image' src=\"https:\/\/radiorevelacionfm.cl\/wp-content\/uploads\/2023\/10\/img_3209-1_optimized.jpg\" alt='' title='img_3209-(1)_optimized' height=\"600\" width=\"900\"  itemprop=\"thumbnailUrl\" srcset=\"https:\/\/radiorevelacionfm.cl\/wp-content\/uploads\/2023\/10\/img_3209-1_optimized.jpg 900w, https:\/\/radiorevelacionfm.cl\/wp-content\/uploads\/2023\/10\/img_3209-1_optimized-300x200.jpg 300w, https:\/\/radiorevelacionfm.cl\/wp-content\/uploads\/2023\/10\/img_3209-1_optimized-768x512.jpg 768w, https:\/\/radiorevelacionfm.cl\/wp-content\/uploads\/2023\/10\/img_3209-1_optimized-705x470.jpg 705w, https:\/\/radiorevelacionfm.cl\/wp-content\/uploads\/2023\/10\/img_3209-1_optimized-450x300.jpg 450w, https:\/\/radiorevelacionfm.cl\/wp-content\/uploads\/2023\/10\/img_3209-1_optimized-600x400.jpg 600w\" sizes=\"(max-width: 900px) 100vw, 900px\" \/><\/div><\/div><\/div><\/div><div class=\"flex_column av_one_full  flex_column_div av-zero-column-padding first  avia-builder-el-2  el_after_av_one_full  el_before_av_one_full  column-top-margin\" style='border-radius:0px; '><section class=\"av_textblock_section \"  itemscope=\"itemscope\" itemtype=\"https:\/\/schema.org\/BlogPosting\" itemprop=\"blogPost\" ><div class='avia_textblock  '   itemprop=\"text\" ><p style=\"text-align: center;\"><span style=\"font-size: 18pt;\"><b>Avanzan los preparativos para el recorrido hist\u00f3rico de la Antorcha Panamericana por las calles de Coyhaique<\/b><\/span><\/p>\n<div id=\"gtx-trans\" style=\"position: absolute; left: -50px; top: 4.31534px;\">\n<div class=\"gtx-trans-icon\"><\/div>\n<\/div>\n<\/div><\/section><\/div><div class=\"flex_column av_one_full  flex_column_div av-zero-column-padding first  avia-builder-el-4  el_after_av_one_full  el_before_av_hr  column-top-margin\" style='border-radius:0px; '><section class=\"av_textblock_section \"  itemscope=\"itemscope\" itemtype=\"https:\/\/schema.org\/BlogPosting\" itemprop=\"blogPost\" ><div class='avia_textblock  '   itemprop=\"text\" ><p style=\"text-align: justify;\">La llama panamericana ya inici\u00f3 su viaje por Chile y este s\u00e1bado 7 de octubre la invitaci\u00f3n es a que la ciudadan\u00eda participe y salga al paso del fuego sagrado.<\/p>\n<p style=\"text-align: justify;\">A d\u00edas del evento deportivo m\u00e1s importante en la historia de Chile, un hito central en esta celebraci\u00f3n es el \u00abRelevo de la Antorcha Panamericana\u00bb, cuyo recorrido ser\u00e1 un desaf\u00edo nacional y en este sentido, esta ma\u00f1ana el Delegado Presidencial, Rodrigo Araya Morales, junto a la Secretaria\u00a0Regional Ministerial del Deporte, Mar\u00eda Eugenia Dur\u00e1n Jara, entregaron detalles y la ruta de lo que ser\u00e1 el relevo de aproximadamente 15 kil\u00f3metros, as\u00ed como las actividades paralelas que incluir\u00e1n activaciones deportivas familiares y un show cultural.<\/p>\n<p style=\"text-align: justify;\">\u00abPorque no hay que perder de vista que hay deportistas de nuestra regi\u00f3n que participan en estos Panamericanos y Parapanamericanos, por lo tanto vamos a estar representados.\u00a0 Queremos que la gente se sienta parte y no solamente lo vea por televisi\u00f3n, sino que pueda participar de las actividades del s\u00e1bado, que como ha dicho nuestra seremi, tienen que ver con el recorrido en la ciudad pero tambi\u00e9n con las activaciones deportivas en el sector del By Pass en el mirador del r\u00edo Simpson, donde est\u00e1n todos invitados a partir de las 11:00 de la ma\u00f1ana\u00bb, se\u00f1al\u00f3 el Delegado Rodrigo Araya Morales.<\/p>\n<p style=\"text-align: justify;\"><span lang=\"ES\">Por su parte, la Seremi del Deporte agreg\u00f3 \u00abInvitamos a toda la familia a acompa\u00f1ar el recorrido de la Antorcha Panamericana por las calles de Coyhaique. A las 09:30 inicia el primer relevista y estimamos que vamos a estar llegando cerca de las 13:30 horas al escenario central. En paralelo, a partir de las 11:00 horas vamos a estar esperando la antorcha con activaciones deportivas para toda la familia y despu\u00e9s empieza el show art\u00edstico cultural con artistas regionales y contaremos con un patio de comidas de algunos emprendimientos locales,\u00bb<\/span><\/p>\n<div style=\"text-align: justify;\">\n<div style=\"text-align: justify;\">\n<div id=\"v1m_-6557330598178378808gmail-q_137\">\n<div><span lang=\"ES-MX\">Puente Piedra del Indio y Mirador By Pass<\/span><\/div>\n<\/div>\n<\/div>\n<div>\n<p style=\"text-align: justify;\"><span lang=\"ES-MX\">El recorrido se iniciar\u00e1 en el Puente Piedra del Indio, pasando por lugares emblem\u00e1ticos de la ciudad de Coyhaique, cuyo punto m\u00e1s distante estar\u00e1 en el Museo Regional para llegar a su destino en el sector Mirador By Pass, donde estar\u00e1 dispuesto un escenario con shows art\u00edsticos culturales para toda la familia, \u00e1rea de juegos, \u00e1rea de foodtrucks y picnic, extendi\u00e9ndose hasta las 15:00 horas aproximadamente.<\/span><u><\/u><u><\/u><\/p>\n<p class=\"v1MsoNormal\">Inicio: Puente Piedra del Indio<u><\/u><u><\/u><\/p>\n<p class=\"v1MsoNormal\">1. Rotonda El Mate<u><\/u><u><\/u><\/p>\n<p class=\"v1MsoNormal\">2. Las Lengas con los Tepues<u><\/u><u><\/u><\/p>\n<p class=\"v1MsoNormal\">3. Las Lengas con Las Lumas (Plazoleta al lado derecho)<u><\/u><u><\/u><\/p>\n<p class=\"v1MsoNormal\">4. Feria Las Quintas<u><\/u><u><\/u><\/p>\n<p class=\"v1MsoNormal\">5. Simpson con Los Pilcheros<u><\/u><u><\/u><\/p>\n<p class=\"v1MsoNormal\">6. Iglesia Jes\u00fas Nazareno (Calle Am\u00e9rica)<u><\/u><u><\/u><\/p>\n<p class=\"v1MsoNormal\">7. Monumento Bandurrias (Campos de Hielo con Bilbao)<u><\/u><u><\/u><\/p>\n<p class=\"v1MsoNormal\">8. Monumento Esquila (Campos de hielo con Adolfo Valdebenito)<u><\/u><u><\/u><\/p>\n<p class=\"v1MsoNormal\">9. Liceo Agr\u00edcola<u><\/u><u><\/u><\/p>\n<p class=\"v1MsoNormal\">10.Museo Regional (fuera de la pulperia)<u><\/u><u><\/u><\/p>\n<p class=\"v1MsoNormal\">11. Baquedano con Los Glaciares Parquecito<u><\/u><u><\/u><\/p>\n<p class=\"v1MsoNormal\">12. Baquedano con TucapeL Jim\u00e9nez<u><\/u><u><\/u><\/p>\n<p class=\"v1MsoNormal\">13. Puente la Cruz<u><\/u><u><\/u><\/p>\n<p class=\"v1MsoNormal\">14. Escuela Baquedano por el frente<u><\/u><u><\/u><\/p>\n<p class=\"v1MsoNormal\">15. Plaza del Pionero (El ovejero)<u><\/u><u><\/u><\/p>\n<p class=\"v1MsoNormal\">16. Delegaci\u00f3n Presidencial<u><\/u><u><\/u><\/p>\n<p class=\"v1MsoNormal\">17. Riquelme esquina Parra<u><\/u><u><\/u><\/p>\n<p class=\"v1MsoNormal\">18. Riquelme esquina Portales<u><\/u><u><\/u><\/p>\n<p class=\"v1MsoNormal\">19. Telet\u00f3n<u><\/u><u><\/u><\/p>\n<p class=\"v1MsoNormal\">T\u00e9rmino: Mirador R\u00edo Simpson (bypass)<u><\/u><u><\/u><\/p>\n<p class=\"v1MsoNormal\"><u>Actividades recreativas y culturales<\/u><\/p>\n<p class=\"v1MsoNormal\"><u><\/u>Baile entretenido, ajedrez gigante, juegos inflables, taca-taca, patio de comidas y activaciones deportivas estar\u00e1n a cargo de la Municipalidad de Coyhaique y el Instituto Nacional de Deportes Ays\u00e9n.<\/p>\n<p style=\"text-align: justify;\">Asimismo, este hito deportivo contar\u00e1 con la participaci\u00f3n de artistas y bandas\u00a0regionales.<\/p>\n<\/div>\n<\/div>\n<\/div><\/section><\/div><div  style='height:50px' class='hr hr-invisible   avia-builder-el-6  el_after_av_one_full  el_before_av_social_share '><span class='hr-inner ' ><span class='hr-inner-style'><\/span><\/span><\/div><\/p>\n<div  class='av-social-sharing-box  avia-builder-el-7  el_after_av_hr  el_before_av_hr  '><div class='av-share-box'><h5 class='av-share-link-description av-no-toc '>Compartir esta noticia<\/h5><ul class='av-share-box-list noLightbox'><li class='av-share-link av-social-link-facebook' ><a target=\"_blank\" aria-label=\"Compartir en Facebook\" href='https:\/\/www.facebook.com\/sharer.php?u=https:\/\/radiorevelacionfm.cl\/?p=35645&#038;t=Avanzan%20los%20preparativos%20para%20el%20recorrido%20hist%C3%B3rico%20de%20la%20Antorcha%20Panamericana%20por%20las%20calles%20de%20Coyhaique' aria-hidden='false' data-av_icon='\ue8f3' data-av_iconfont='entypo-fontello' title='' data-avia-related-tooltip='Compartir en Facebook' rel=\"noopener\"><span class='avia_hidden_link_text'>Compartir en Facebook<\/span><\/a><\/li><li class='av-share-link av-social-link-twitter' ><a target=\"_blank\" aria-label=\"Compartir en Twitter\" href='https:\/\/twitter.com\/share?text=Avanzan%20los%20preparativos%20para%20el%20recorrido%20hist%C3%B3rico%20de%20la%20Antorcha%20Panamericana%20por%20las%20calles%20de%20Coyhaique&#038;url=https:\/\/radiorevelacionfm.cl\/?p=35645' aria-hidden='false' data-av_icon='\ue8f1' data-av_iconfont='entypo-fontello' title='' data-avia-related-tooltip='Compartir en Twitter' rel=\"noopener\"><span class='avia_hidden_link_text'>Compartir en Twitter<\/span><\/a><\/li><li class='av-share-link av-social-link-whatsapp' ><a target=\"_blank\" aria-label=\"Compartir en Whatsapp\" href='https:\/\/api.whatsapp.com\/send?text=https:\/\/radiorevelacionfm.cl\/?p=35645' aria-hidden='false' data-av_icon='\uf232' data-av_iconfont='entypo-fontello' title='' data-avia-related-tooltip='Compartir en Whatsapp' rel=\"noopener\"><span class='avia_hidden_link_text'>Compartir en Whatsapp<\/span><\/a><\/li><li class='av-share-link av-social-link-linkedin' ><a target=\"_blank\" aria-label=\"Compartir en LinkedIn\" href='https:\/\/linkedin.com\/shareArticle?mini=true&#038;title=Avanzan%20los%20preparativos%20para%20el%20recorrido%20hist%C3%B3rico%20de%20la%20Antorcha%20Panamericana%20por%20las%20calles%20de%20Coyhaique&#038;url=https:\/\/radiorevelacionfm.cl\/?p=35645' aria-hidden='false' data-av_icon='\ue8fc' data-av_iconfont='entypo-fontello' title='' data-avia-related-tooltip='Compartir en LinkedIn' rel=\"noopener\"><span class='avia_hidden_link_text'>Compartir en LinkedIn<\/span><\/a><\/li><li class='av-share-link av-social-link-mail' ><a  aria-label=\"Compartir por correo\" href='mailto:?subject=Avanzan%20los%20preparativos%20para%20el%20recorrido%20hist%C3%B3rico%20de%20la%20Antorcha%20Panamericana%20por%20las%20calles%20de%20Coyhaique&#038;body=https:\/\/radiorevelacionfm.cl\/?p=35645' aria-hidden='false' data-av_icon='\ue805' data-av_iconfont='entypo-fontello' title='' data-avia-related-tooltip='Compartir por correo'><span class='avia_hidden_link_text'>Compartir por correo<\/span><\/a><\/li><\/ul><\/div><\/div>\n<div  style='height:50px' class='hr hr-invisible   avia-builder-el-8  el_after_av_social_share  el_before_av_comments_list '><span class='hr-inner ' ><span class='hr-inner-style'><\/span><\/span><\/div>\n<div  class='av-buildercomment  av-blog-meta-html-info-disabled av-blog-meta-tag-disabled  '><\/div>\n","protected":false},"excerpt":{"rendered":"","protected":false},"author":1,"featured_media":35647,"comment_status":"open","ping_status":"open","sticky":false,"template":"","format":"standard","meta":{"footnotes":""},"categories":[40],"tags":[],"class_list":["post-35645","post","type-post","status-publish","format-standard","has-post-thumbnail","hentry","category-deportes"],"jetpack_featured_media_url":"https:\/\/radiorevelacionfm.cl\/wp-content\/uploads\/2023\/10\/img_3209-1_optimized.jpg","_links":{"self":[{"href":"https:\/\/radiorevelacionfm.cl\/index.php?rest_route=\/wp\/v2\/posts\/35645","targetHints":{"allow":["GET"]}}],"collection":[{"href":"https:\/\/radiorevelacionfm.cl\/index.php?rest_route=\/wp\/v2\/posts"}],"about":[{"href":"https:\/\/radiorevelacionfm.cl\/index.php?rest_route=\/wp\/v2\/types\/post"}],"author":[{"embeddable":true,"href":"https:\/\/radiorevelacionfm.cl\/index.php?rest_route=\/wp\/v2\/users\/1"}],"replies":[{"embeddable":true,"href":"https:\/\/radiorevelacionfm.cl\/index.php?rest_route=%2Fwp%2Fv2%2Fcomments&post=35645"}],"version-history":[{"count":1,"href":"https:\/\/radiorevelacionfm.cl\/index.php?rest_route=\/wp\/v2\/posts\/35645\/revisions"}],"predecessor-version":[{"id":35648,"href":"https:\/\/radiorevelacionfm.cl\/index.php?rest_route=\/wp\/v2\/posts\/35645\/revisions\/35648"}],"wp:featuredmedia":[{"embeddable":true,"href":"https:\/\/radiorevelacionfm.cl\/index.php?rest_route=\/wp\/v2\/media\/35647"}],"wp:attachment":[{"href":"https:\/\/radiorevelacionfm.cl\/index.php?rest_route=%2Fwp%2Fv2%2Fmedia&parent=35645"}],"wp:term":[{"taxonomy":"category","embeddable":true,"href":"https:\/\/radiorevelacionfm.cl\/index.php?rest_route=%2Fwp%2Fv2%2Fcategories&post=35645"},{"taxonomy":"post_tag","embeddable":true,"href":"https:\/\/radiorevelacionfm.cl\/index.php?rest_route=%2Fwp%2Fv2%2Ftags&post=35645"}],"curies":[{"name":"wp","href":"https:\/\/api.w.org\/{rel}","templated":true}]}}