{"id":35641,"date":"2023-10-03T22:42:13","date_gmt":"2023-10-04T01:42:13","guid":{"rendered":"https:\/\/radiorevelacionfm.cl\/?p=35641"},"modified":"2023-10-03T22:42:13","modified_gmt":"2023-10-04T01:42:13","slug":"mas-de-ochocientas-personas-seran-beneficiadas-con-la-nueva-posta-de-salud-rural-de-caleta-andrade","status":"publish","type":"post","link":"https:\/\/radiorevelacionfm.cl\/?p=35641","title":{"rendered":"M\u00e1s de ochocientas personas ser\u00e1n beneficiadas con la nueva Posta de Salud Rural de Caleta Andrade"},"content":{"rendered":"<div class=\"flex_column av_one_full  flex_column_div av-zero-column-padding first  avia-builder-el-0  el_before_av_one_full  avia-builder-el-first  \" style='border-radius:0px; '><div  class='avia-image-container  av-styling-    avia-builder-el-1  avia-builder-el-no-sibling  avia-align-center '  itemprop=\"image\" itemscope=\"itemscope\" itemtype=\"https:\/\/schema.org\/ImageObject\"  ><div class='avia-image-container-inner'><div class='avia-image-overlay-wrap'><img decoding=\"async\" class='wp-image-35642 avia-img-lazy-loading-not-35642 avia_image' src=\"https:\/\/radiorevelacionfm.cl\/wp-content\/uploads\/2023\/10\/posta7-1-1.jpeg\" alt='' title='posta7 (1) (1)' height=\"600\" width=\"1065\"  itemprop=\"thumbnailUrl\" srcset=\"https:\/\/radiorevelacionfm.cl\/wp-content\/uploads\/2023\/10\/posta7-1-1.jpeg 1065w, https:\/\/radiorevelacionfm.cl\/wp-content\/uploads\/2023\/10\/posta7-1-1-300x169.jpeg 300w, https:\/\/radiorevelacionfm.cl\/wp-content\/uploads\/2023\/10\/posta7-1-1-1030x580.jpeg 1030w, https:\/\/radiorevelacionfm.cl\/wp-content\/uploads\/2023\/10\/posta7-1-1-768x433.jpeg 768w, https:\/\/radiorevelacionfm.cl\/wp-content\/uploads\/2023\/10\/posta7-1-1-705x397.jpeg 705w, https:\/\/radiorevelacionfm.cl\/wp-content\/uploads\/2023\/10\/posta7-1-1-450x254.jpeg 450w, https:\/\/radiorevelacionfm.cl\/wp-content\/uploads\/2023\/10\/posta7-1-1-600x338.jpeg 600w\" sizes=\"(max-width: 1065px) 100vw, 1065px\" \/><\/div><\/div><\/div><\/div><div class=\"flex_column av_one_full  flex_column_div av-zero-column-padding first  avia-builder-el-2  el_after_av_one_full  el_before_av_one_full  column-top-margin\" style='border-radius:0px; '><section class=\"av_textblock_section \"  itemscope=\"itemscope\" itemtype=\"https:\/\/schema.org\/BlogPosting\" itemprop=\"blogPost\" ><div class='avia_textblock  '   itemprop=\"text\" ><p style=\"text-align: center;\"><span style=\"font-size: 18pt;\"><b>M\u00e1s de ochocientas personas ser\u00e1n beneficiadas con la nueva Posta de Salud Rural de Caleta Andrade<\/b><\/span><\/p>\n<div id=\"gtx-trans\" style=\"position: absolute; left: -50px; top: 4.31534px;\">\n<div class=\"gtx-trans-icon\"><\/div>\n<\/div>\n<\/div><\/section><\/div><div class=\"flex_column av_one_full  flex_column_div av-zero-column-padding first  avia-builder-el-4  el_after_av_one_full  el_before_av_hr  column-top-margin\" style='border-radius:0px; '><section class=\"av_textblock_section \"  itemscope=\"itemscope\" itemtype=\"https:\/\/schema.org\/BlogPosting\" itemprop=\"blogPost\" ><div class='avia_textblock  '   itemprop=\"text\" ><p class=\"v1MsoNormal\" style=\"text-align: justify;\">\u00abEl compromiso del Gobierno de estar en terreno se materializa a trav\u00e9s de la inauguraci\u00f3n de esta posta\u00bb, es la frase que marc\u00f3 la ceremonia de inauguraci\u00f3n de la posta de salud rural de Caleta Andrade, en Islas Huichas y la dijo el presidente de la Junta de Vecinos y Vecinas, Luis Descouvieres.<\/p>\n<p class=\"v1MsoNormal\" style=\"text-align: justify;\">A la breve, pero contundente declaraci\u00f3n del dirigente social, se sumaron las bellas voces de los ni\u00f1os y ni\u00f1as de la escuela Carlos Condell, que entonaron una preciosa melod\u00eda y el reconocimiento a los m\u00e1s de 40 a\u00f1os de servicio en Islas Huichas de la param\u00e9dico Libertad Chacano Aguilar.<\/p>\n<p class=\"v1MsoNormal\" style=\"text-align: justify;\">Son postales de una inauguraci\u00f3n que por motivos clim\u00e1ticos se posterg\u00f3 en el tiempo, pero que finalmente cont\u00f3 con el tradicional corte de cinta, la instalaci\u00f3n de la placa respectiva y lo m\u00e1s importante, con el v\u00ednculo y aprobaci\u00f3n de la comunidad que es atendida en este recinto asistencial. \u00abEs un avance para nuestra isla en materia de salud, porque es un anhelo de los vecinos por m\u00e1s de diez a\u00f1os. Estamos muy contentos y agradecidos con la entrega de la posta\u00bb, remat\u00f3 Descouvieres.<\/p>\n<p class=\"v1MsoNormal\" style=\"text-align: justify;\">La poblaci\u00f3n estimada que se ver\u00e1 beneficiada con este recinto asistencial supera las 800 personas, entre hombres y mujeres. \u00abEs una inversi\u00f3n que supera los mil cien millones de pesos, donde participaron muchos funcionarios y funcionarias en colaboraci\u00f3n con el intersector, ya que esta obra fue financiada por el Gobierno Regional a quienes aprovechamos de agradecer. Se trata de una infraestructura de primera para entregar los servicios que la comunidad se merece\u00bb, matiz\u00f3 Mauricio Cort\u00e9s, director del Servicio de Salud Ays\u00e9n (SSA).<\/p>\n<p class=\"v1MsoNormal\" style=\"text-align: justify;\">El sistema de climatizaci\u00f3n de la posta de salud se dise\u00f1\u00f3 considerando la ubicaci\u00f3n geogr\u00e1fica y el clima de la isla. En lugar de utilizar combustibles f\u00f3siles o biomasa, se opt\u00f3 por un sistema de calefacci\u00f3n central el\u00e9ctrica basado en bombas de calor, que es m\u00e1s eficiente y respetuoso con el medio ambiente.<\/p>\n<p class=\"v1MsoNormal\" style=\"text-align: justify;\">Junto con reconocer el valor del trabajo mancomunado con el Gobierno Regional para concretar obras como estas, la Seremi de Salud Ays\u00e9n, Carmen Gloria Monsalve, explic\u00f3 que \u00abadem\u00e1s para nuestro gobierno cobra mucha relevancia porque va de la mano con una de las cosas fundamentales que queremos impulsar que es la atenci\u00f3n primaria universal, que para nosotros constituye el coraz\u00f3n de la reforma de salud que impulsamos y fortalecer estos dispositivos que forman parte de la atenci\u00f3n primaria van en esa l\u00ednea\u00bb.<\/p>\n<p class=\"v1MsoNormal\" style=\"text-align: justify;\">El dispositivo ubicado en Caleta Andrade contar\u00e1 con turnos de 24 horas de atenci\u00f3n cuando corresponda, lo que otorga seguridad a la comunidad. \u00abEs un honor inaugurar esta infraestructura que viene a mejorar la calidad de vida de los habitantes de Islas Huichas. Es un trabajo mancomunado, coordinado que se traduce en el trabajo de distintos sectores, tanto Salud, como Gobierno Regional y hay que celebrar el doble, porque en localidades como esta cuesta mucho construir por las condiciones log\u00edsticas que hay y padecemos como regi\u00f3n, por lo que estamos contentos e instamos a los servicios a que sigan contando con nosotros como Gobierno Regional\u00bb, expres\u00f3 \u00d3scar del Solar, representante del Gobierno Regional.<\/p>\n<p class=\"v1MsoNormal\" style=\"text-align: justify;\">Mientras el delegado presidencial de Ays\u00e9n, Rodrigo Araya, se\u00f1al\u00f3 que \u00abesto es la importancia de la atenci\u00f3n primaria y de avanzar en la equidad de acceso a la salud y por eso nuestro territorio que tiene estas caracter\u00edsticas de aislamiento como ac\u00e1 que es una isla. Esta posta moderna, con espacios suficientes, con dos casas para los t\u00e9cnicos de enfermer\u00eda de nivel superior que trabajan en turno es realmente muy importante, con un dise\u00f1o, con espacios amplios y suficientes para atender a las personas con discapacidad y todo para brindar la mejora atenci\u00f3n y la conectividad\u00bb.<\/p>\n<p class=\"v1MsoNormal\" style=\"text-align: justify;\"><b>Reconocimiento a cuarenta a\u00f1os de servicio<\/b><\/p>\n<p class=\"v1MsoNormal\" style=\"text-align: justify;\">Libertad Chacano fue reconocida por el director del SSA, Mauricio Cort\u00e9s y la directora de Salud Rural, Lorena Guerrero, por sus m\u00e1s de 40 a\u00f1os de trayectoria en el Servicio de Salud, un \u00edcono de compromiso y dedicaci\u00f3n que actualmente contin\u00faa trabajando en la posta. \u00abHay una tremenda diferencia, porque hay una buena planta f\u00edsica, cosa que nunca tuvimos, porque nosotros lo hicimos en condiciones muy pobres y esta es una fortaleza para la poblaci\u00f3n de Caleta Andrade e Islas Huichas en general, con turno de atenci\u00f3n las 24 horas\u00bb. Adem\u00e1s, agreg\u00f3 que \u00abcoordinamos con hospital digital, pero la atenci\u00f3n es expedita, hay dos doctores de Caleta y de Aguirre y lo importante es dar una buena salud a la poblaci\u00f3n, porque est\u00e1n los instrumentos para hacerlo\u00bb.<\/p>\n<p class=\"v1MsoNormal\" style=\"text-align: justify;\">Vanessa Chiguay, dirigente de la agrupaci\u00f3n social de salud de Islas Huichas, advirti\u00f3 finalmente que \u00abes muy lindo contar con esta infraestructura y con esta implementaci\u00f3n, esperada por mucho tiempo y se agradece por parte de la comunidad\u00bb.<\/p>\n<\/div><\/section><\/div><div  style='height:50px' class='hr hr-invisible   avia-builder-el-6  el_after_av_one_full  el_before_av_social_share '><span class='hr-inner ' ><span class='hr-inner-style'><\/span><\/span><\/div><\/p>\n<div  class='av-social-sharing-box  avia-builder-el-7  el_after_av_hr  el_before_av_hr  '><div class='av-share-box'><h5 class='av-share-link-description av-no-toc '>Compartir esta noticia<\/h5><ul class='av-share-box-list noLightbox'><li class='av-share-link av-social-link-facebook' ><a target=\"_blank\" aria-label=\"Compartir en Facebook\" href='https:\/\/www.facebook.com\/sharer.php?u=https:\/\/radiorevelacionfm.cl\/?p=35641&#038;t=M%C3%A1s%20de%20ochocientas%20personas%20ser%C3%A1n%20beneficiadas%20con%20la%20nueva%20Posta%20de%20Salud%20Rural%20de%20Caleta%20Andrade' aria-hidden='false' data-av_icon='\ue8f3' data-av_iconfont='entypo-fontello' title='' data-avia-related-tooltip='Compartir en Facebook' rel=\"noopener\"><span class='avia_hidden_link_text'>Compartir en Facebook<\/span><\/a><\/li><li class='av-share-link av-social-link-twitter' ><a target=\"_blank\" aria-label=\"Compartir en Twitter\" href='https:\/\/twitter.com\/share?text=M%C3%A1s%20de%20ochocientas%20personas%20ser%C3%A1n%20beneficiadas%20con%20la%20nueva%20Posta%20de%20Salud%20Rural%20de%20Caleta%20Andrade&#038;url=https:\/\/radiorevelacionfm.cl\/?p=35641' aria-hidden='false' data-av_icon='\ue8f1' data-av_iconfont='entypo-fontello' title='' data-avia-related-tooltip='Compartir en Twitter' rel=\"noopener\"><span class='avia_hidden_link_text'>Compartir en Twitter<\/span><\/a><\/li><li class='av-share-link av-social-link-whatsapp' ><a target=\"_blank\" aria-label=\"Compartir en Whatsapp\" href='https:\/\/api.whatsapp.com\/send?text=https:\/\/radiorevelacionfm.cl\/?p=35641' aria-hidden='false' data-av_icon='\uf232' data-av_iconfont='entypo-fontello' title='' data-avia-related-tooltip='Compartir en Whatsapp' rel=\"noopener\"><span class='avia_hidden_link_text'>Compartir en Whatsapp<\/span><\/a><\/li><li class='av-share-link av-social-link-linkedin' ><a target=\"_blank\" aria-label=\"Compartir en LinkedIn\" href='https:\/\/linkedin.com\/shareArticle?mini=true&#038;title=M%C3%A1s%20de%20ochocientas%20personas%20ser%C3%A1n%20beneficiadas%20con%20la%20nueva%20Posta%20de%20Salud%20Rural%20de%20Caleta%20Andrade&#038;url=https:\/\/radiorevelacionfm.cl\/?p=35641' aria-hidden='false' data-av_icon='\ue8fc' data-av_iconfont='entypo-fontello' title='' data-avia-related-tooltip='Compartir en LinkedIn' rel=\"noopener\"><span class='avia_hidden_link_text'>Compartir en LinkedIn<\/span><\/a><\/li><li class='av-share-link av-social-link-mail' ><a  aria-label=\"Compartir por correo\" href='mailto:?subject=M%C3%A1s%20de%20ochocientas%20personas%20ser%C3%A1n%20beneficiadas%20con%20la%20nueva%20Posta%20de%20Salud%20Rural%20de%20Caleta%20Andrade&#038;body=https:\/\/radiorevelacionfm.cl\/?p=35641' aria-hidden='false' data-av_icon='\ue805' data-av_iconfont='entypo-fontello' title='' data-avia-related-tooltip='Compartir por correo'><span class='avia_hidden_link_text'>Compartir por correo<\/span><\/a><\/li><\/ul><\/div><\/div>\n<div  style='height:50px' class='hr hr-invisible   avia-builder-el-8  el_after_av_social_share  el_before_av_comments_list '><span class='hr-inner ' ><span class='hr-inner-style'><\/span><\/span><\/div>\n<div  class='av-buildercomment  av-blog-meta-html-info-disabled av-blog-meta-tag-disabled  '><\/div>\n","protected":false},"excerpt":{"rendered":"","protected":false},"author":1,"featured_media":35642,"comment_status":"open","ping_status":"open","sticky":false,"template":"","format":"standard","meta":{"footnotes":""},"categories":[46],"tags":[],"class_list":["post-35641","post","type-post","status-publish","format-standard","has-post-thumbnail","hentry","category-salud"],"jetpack_featured_media_url":"https:\/\/radiorevelacionfm.cl\/wp-content\/uploads\/2023\/10\/posta7-1-1.jpeg","_links":{"self":[{"href":"https:\/\/radiorevelacionfm.cl\/index.php?rest_route=\/wp\/v2\/posts\/35641","targetHints":{"allow":["GET"]}}],"collection":[{"href":"https:\/\/radiorevelacionfm.cl\/index.php?rest_route=\/wp\/v2\/posts"}],"about":[{"href":"https:\/\/radiorevelacionfm.cl\/index.php?rest_route=\/wp\/v2\/types\/post"}],"author":[{"embeddable":true,"href":"https:\/\/radiorevelacionfm.cl\/index.php?rest_route=\/wp\/v2\/users\/1"}],"replies":[{"embeddable":true,"href":"https:\/\/radiorevelacionfm.cl\/index.php?rest_route=%2Fwp%2Fv2%2Fcomments&post=35641"}],"version-history":[{"count":1,"href":"https:\/\/radiorevelacionfm.cl\/index.php?rest_route=\/wp\/v2\/posts\/35641\/revisions"}],"predecessor-version":[{"id":35643,"href":"https:\/\/radiorevelacionfm.cl\/index.php?rest_route=\/wp\/v2\/posts\/35641\/revisions\/35643"}],"wp:featuredmedia":[{"embeddable":true,"href":"https:\/\/radiorevelacionfm.cl\/index.php?rest_route=\/wp\/v2\/media\/35642"}],"wp:attachment":[{"href":"https:\/\/radiorevelacionfm.cl\/index.php?rest_route=%2Fwp%2Fv2%2Fmedia&parent=35641"}],"wp:term":[{"taxonomy":"category","embeddable":true,"href":"https:\/\/radiorevelacionfm.cl\/index.php?rest_route=%2Fwp%2Fv2%2Fcategories&post=35641"},{"taxonomy":"post_tag","embeddable":true,"href":"https:\/\/radiorevelacionfm.cl\/index.php?rest_route=%2Fwp%2Fv2%2Ftags&post=35641"}],"curies":[{"name":"wp","href":"https:\/\/api.w.org\/{rel}","templated":true}]}}