{"id":35636,"date":"2023-10-05T11:21:16","date_gmt":"2023-10-05T14:21:16","guid":{"rendered":"https:\/\/radiorevelacionfm.cl\/?p=35636"},"modified":"2023-10-05T11:21:16","modified_gmt":"2023-10-05T14:21:16","slug":"estudiantes-y-docentes-de-la-uaysen-realizaron-trabajo-interdisciplinario-en-chile-chico","status":"publish","type":"post","link":"https:\/\/radiorevelacionfm.cl\/?p=35636","title":{"rendered":"Estudiantes y docentes de la UAys\u00e9n realizaron trabajo interdisciplinario en Chile Chico"},"content":{"rendered":"<div class=\"flex_column av_one_full  flex_column_div av-zero-column-padding first  avia-builder-el-0  el_before_av_one_full  avia-builder-el-first  \" style='border-radius:0px; '><div  class='avia-image-container  av-styling-    avia-builder-el-1  avia-builder-el-no-sibling  avia-align-center '  itemprop=\"image\" itemscope=\"itemscope\" itemtype=\"https:\/\/schema.org\/ImageObject\"  ><div class='avia-image-container-inner'><div class='avia-image-overlay-wrap'><img decoding=\"async\" class='wp-image-35639 avia-img-lazy-loading-not-35639 avia_image' src=\"https:\/\/radiorevelacionfm.cl\/wp-content\/uploads\/2023\/10\/AS-CHILE-CHICO-1-1.jpg\" alt='' title='A+S CHILE CHICO (1) (1)' height=\"600\" width=\"1028\"  itemprop=\"thumbnailUrl\" srcset=\"https:\/\/radiorevelacionfm.cl\/wp-content\/uploads\/2023\/10\/AS-CHILE-CHICO-1-1.jpg 1028w, https:\/\/radiorevelacionfm.cl\/wp-content\/uploads\/2023\/10\/AS-CHILE-CHICO-1-1-300x175.jpg 300w, https:\/\/radiorevelacionfm.cl\/wp-content\/uploads\/2023\/10\/AS-CHILE-CHICO-1-1-768x448.jpg 768w, https:\/\/radiorevelacionfm.cl\/wp-content\/uploads\/2023\/10\/AS-CHILE-CHICO-1-1-705x411.jpg 705w, https:\/\/radiorevelacionfm.cl\/wp-content\/uploads\/2023\/10\/AS-CHILE-CHICO-1-1-450x263.jpg 450w, https:\/\/radiorevelacionfm.cl\/wp-content\/uploads\/2023\/10\/AS-CHILE-CHICO-1-1-600x350.jpg 600w\" sizes=\"(max-width: 1028px) 100vw, 1028px\" \/><\/div><\/div><\/div><\/div><div class=\"flex_column av_one_full  flex_column_div av-zero-column-padding first  avia-builder-el-2  el_after_av_one_full  el_before_av_one_full  column-top-margin\" style='border-radius:0px; '><section class=\"av_textblock_section \"  itemscope=\"itemscope\" itemtype=\"https:\/\/schema.org\/BlogPosting\" itemprop=\"blogPost\" ><div class='avia_textblock  '   itemprop=\"text\" ><p style=\"text-align: center;\"><strong><span style=\"font-size: 18pt;\">Estudiantes y docentes de la UAys\u00e9n realizaron trabajo interdisciplinario en Chile Chico<\/span><\/strong><\/p>\n<div id=\"gtx-trans\" style=\"position: absolute; left: -50px; top: 4.31534px;\">\n<div class=\"gtx-trans-icon\"><\/div>\n<\/div>\n<\/div><\/section><\/div><div class=\"flex_column av_one_full  flex_column_div av-zero-column-padding first  avia-builder-el-4  el_after_av_one_full  el_before_av_hr  column-top-margin\" style='border-radius:0px; '><section class=\"av_textblock_section \"  itemscope=\"itemscope\" itemtype=\"https:\/\/schema.org\/BlogPosting\" itemprop=\"blogPost\" ><div class='avia_textblock  '   itemprop=\"text\" ><p style=\"text-align: justify;\"><em>La experiencia permiti\u00f3 a las y los\u00a0 estudiantes colaborar desde sus conocimientos disciplinarios a una perspectiva integradora a problemas territoriales complejos de la Regi\u00f3n de Ays\u00e9n.<\/em><\/p>\n<p style=\"text-align: justify;\">33 estudiantes\u00a0de las carreras de las carreras de Ingenier\u00eda Civil Industrial, Ingenier\u00eda Civil Inform\u00e1tica, Ingenier\u00eda Forestal y Agronom\u00eda de la Universidad de Ays\u00e9n, acompa\u00f1ados de acad\u00e9micos y acad\u00e9micas de la Universidad de Ays\u00e9n se trasladaron hasta la comuna de Chile Chico para recoger las perspectivas multisectoriales tanto de la administraci\u00f3n p\u00fablica, como de las comunidades locales, con el objetivo de fomentar el desarrollo de la regi\u00f3n en consonancia con los planes de estudio basado en el progreso cient\u00edfico y tecnol\u00f3gico disponible.<\/p>\n<p style=\"text-align: justify;\">Gabriel N\u00fa\u00f1ez, director de Vinculaci\u00f3n con el Medio de la UAys\u00e9n, destac\u00f3 la importancia de la vinculaci\u00f3n territorial en la formaci\u00f3n de los y las estudiantes. \u201cLa Universidad de Ays\u00e9n busca orientar un proceso formativo conectado con el entorno y proyectar sus actividades curriculares en sinton\u00eda con los desaf\u00edos regionales, vinculando sus programas de formaci\u00f3n con los ejes considerados estrat\u00e9gicos, potenciando el desarrollo del territorio a partir de la exploraci\u00f3n de nuevos escenarios y formando profesionales que respondan a los desaf\u00edos nacionales y locales\u201d.<\/p>\n<p style=\"text-align: justify;\">La metodolog\u00eda utilizada en estas instancias se bas\u00f3 en el enfoque de Aprendizaje m\u00e1s Servicio (A+S), que implica el aprendizaje activo y la contribuci\u00f3n a la comunidad. A trav\u00e9s de esta metodolog\u00eda, se espera que las necesidades territoriales identificadas puedan ser abordadas posteriormente en nuevos espacios de aprendizaje interdisciplinario, donde las y los estudiantes aplicar\u00e1n sus conocimientos en proyectos que beneficien directamente a la comunidad local.<\/p>\n<p style=\"text-align: justify;\">El despliegue territorial se centr\u00f3 en la ciudad de Chile Chico, con el objetivo de conocer la experiencia de trabajo de organizaciones de la localidad, como la Comunidad de Aguas de Chile Chico identificando los elementos te\u00f3ricos y pr\u00e1cticos que impulsan sus trayectorias, as\u00ed como sus dificultades, brechas y proyecciones en sus actividades. Para lograrlo, se convocaron estudiantes de ingenier\u00eda civil inform\u00e1tica, ingenier\u00eda forestal, ingenier\u00eda civil industrial y agronom\u00eda, quienes aportaron perspectivas y enfoques diversos para comprender mejor las debilidades, amenazas, desaf\u00edos y oportunidades de los distintos actores del territorio.<\/p>\n<p style=\"text-align: justify;\">Andrea Berrocal, presidenta de la Comunidad de Aguas de Chile Chico, destac\u00f3 la importancia de que\u00a0 los y las futuras profesionales se involucren con la comunidad para entenderla y para que la labor final tenga sentido y genere un impacto duradero. \u201cContar con una mirada diversa a partir de alumnos de distintas carreras en terreno te abre perspectivas, desde la identificaci\u00f3n de un problema hasta la forma en que puede abordarse desde la multidisciplina e interdependencia. Te muestra como la interdisciplina es m\u00e1s abarcativa, prometedora, e innovadora\u201d, indic\u00f3.<\/p>\n<p style=\"text-align: justify;\">Asimismo, la delegaci\u00f3n de la Universidad de Ays\u00e9n tuvo la posibilidad de participar en una charla de planificaci\u00f3n estrat\u00e9gica realizada por\u00a0 la Municipalidad de Chile Chico, adem\u00e1s de visitar\u00a0 obras de mejoramiento del sector Jeinimeni del Parque Nacional Patagonia, conocer la nueva infraestructura del Hospital P\u00fablico de Chile Chico, y el huerto R\u00edo Jeinimeni.<\/p>\n<p style=\"text-align: justify;\">Por su parte, Paulina Flores, acad\u00e9mica y jefa del departamento de Ciencias Naturales y Tecnolog\u00eda de la UAys\u00e9n, indic\u00f3 que se buscar\u00e1 dar continuidad a esta iniciativa durante el pr\u00f3ximo a\u00f1o.\u00a0 \u201cEs fundamental que los y las estudiantes de las distintas carreras del departamento comprendieran y constataran las reales necesidades y problem\u00e1ticas que enfrentan las comunidades, es por ello que esperamos continuar a\u00f1o a a\u00f1o, repitiendo esta experiencia, adem\u00e1s queremos realizar un seminario para dar a conocer la experiencia y mantener el contacto con los distintos actores locales, para lo cual una de las proyecciones es la realizaci\u00f3n de tesis con nuestros y nuestras estudiantes, en las \u00e1reas de ciencias aplicadas de la ingenier\u00eda y de bi\u00f3sfera sustentable, como una forma de entregar propuestas y materializar soluciones desde la Universidad de Ays\u00e9n\u00bb, se\u00f1al\u00f3.<\/p>\n<p style=\"text-align: justify;\">Aurora Pino, estudiante de Ingenier\u00eda Civil Industrial, destac\u00f3 que \u201cfue una experiencia muy enriquecedora, me permiti\u00f3 conocer y empatizar mejor con las realidades locales, y pude conectar todo lo que he aprendido en aula estos \u00faltimos a\u00f1os con las problem\u00e1ticas observadas, sin duda, fue una excelente instancia para m\u00ed desarrollo profesional\u201d.<\/p>\n<p style=\"text-align: justify;\">Finalmente, el Director de Vinculaci\u00f3n con el medio, se\u00f1al\u00f3 que este tipo de iniciativas forma parte del sello formativo de los estudiantes de la casa de estudios.\u00a0 \u201cEl despliegue territorial y la vinculaci\u00f3n con distintas comunidades de la regi\u00f3n, permite reforzar no solo el aprendizaje pr\u00e1ctico de nuestros estudiantes, sino tambi\u00e9n que adquieran mayores herramientas para enfrentar los desaf\u00edos de sus disciplinas y entornos de manera m\u00e1s efectiva, contribuyendo al crecimiento sostenible y hol\u00edstico de la Regi\u00f3n de Ays\u00e9n\u201d, indic\u00f3 Gabriel N\u00fa\u00f1ez.<\/p>\n<p style=\"text-align: justify;\">Estas actividades estuvieron acompa\u00f1adas por el d\u00fao de cuerdas de la Universidad de Ays\u00e9n, quienes realizaron intervenciones musicales en distintos lugares de la comuna, como parte de la itinerancia que busca llevar el trabajo que se realiza desde la Unidad de Extensi\u00f3n de la UAys\u00e9n, fuera de la capital regional.<\/p>\n<\/div><\/section><\/div><div  style='height:50px' class='hr hr-invisible   avia-builder-el-6  el_after_av_one_full  el_before_av_social_share '><span class='hr-inner ' ><span class='hr-inner-style'><\/span><\/span><\/div><\/p>\n<div  class='av-social-sharing-box  avia-builder-el-7  el_after_av_hr  el_before_av_hr  '><div class='av-share-box'><h5 class='av-share-link-description av-no-toc '>Compartir esta noticia<\/h5><ul class='av-share-box-list noLightbox'><li class='av-share-link av-social-link-facebook' ><a target=\"_blank\" aria-label=\"Compartir en Facebook\" href='https:\/\/www.facebook.com\/sharer.php?u=https:\/\/radiorevelacionfm.cl\/?p=35636&#038;t=Estudiantes%20y%20docentes%20de%20la%20UAys%C3%A9n%20realizaron%20trabajo%20interdisciplinario%20en%20Chile%20Chico' aria-hidden='false' data-av_icon='\ue8f3' data-av_iconfont='entypo-fontello' title='' data-avia-related-tooltip='Compartir en Facebook' rel=\"noopener\"><span class='avia_hidden_link_text'>Compartir en Facebook<\/span><\/a><\/li><li class='av-share-link av-social-link-twitter' ><a target=\"_blank\" aria-label=\"Compartir en Twitter\" href='https:\/\/twitter.com\/share?text=Estudiantes%20y%20docentes%20de%20la%20UAys%C3%A9n%20realizaron%20trabajo%20interdisciplinario%20en%20Chile%20Chico&#038;url=https:\/\/radiorevelacionfm.cl\/?p=35636' aria-hidden='false' data-av_icon='\ue8f1' data-av_iconfont='entypo-fontello' title='' data-avia-related-tooltip='Compartir en Twitter' rel=\"noopener\"><span class='avia_hidden_link_text'>Compartir en Twitter<\/span><\/a><\/li><li class='av-share-link av-social-link-whatsapp' ><a target=\"_blank\" aria-label=\"Compartir en Whatsapp\" href='https:\/\/api.whatsapp.com\/send?text=https:\/\/radiorevelacionfm.cl\/?p=35636' aria-hidden='false' data-av_icon='\uf232' data-av_iconfont='entypo-fontello' title='' data-avia-related-tooltip='Compartir en Whatsapp' rel=\"noopener\"><span class='avia_hidden_link_text'>Compartir en Whatsapp<\/span><\/a><\/li><li class='av-share-link av-social-link-linkedin' ><a target=\"_blank\" aria-label=\"Compartir en LinkedIn\" href='https:\/\/linkedin.com\/shareArticle?mini=true&#038;title=Estudiantes%20y%20docentes%20de%20la%20UAys%C3%A9n%20realizaron%20trabajo%20interdisciplinario%20en%20Chile%20Chico&#038;url=https:\/\/radiorevelacionfm.cl\/?p=35636' aria-hidden='false' data-av_icon='\ue8fc' data-av_iconfont='entypo-fontello' title='' data-avia-related-tooltip='Compartir en LinkedIn' rel=\"noopener\"><span class='avia_hidden_link_text'>Compartir en LinkedIn<\/span><\/a><\/li><li class='av-share-link av-social-link-mail' ><a  aria-label=\"Compartir por correo\" href='mailto:?subject=Estudiantes%20y%20docentes%20de%20la%20UAys%C3%A9n%20realizaron%20trabajo%20interdisciplinario%20en%20Chile%20Chico&#038;body=https:\/\/radiorevelacionfm.cl\/?p=35636' aria-hidden='false' data-av_icon='\ue805' data-av_iconfont='entypo-fontello' title='' data-avia-related-tooltip='Compartir por correo'><span class='avia_hidden_link_text'>Compartir por correo<\/span><\/a><\/li><\/ul><\/div><\/div>\n<div  style='height:50px' class='hr hr-invisible   avia-builder-el-8  el_after_av_social_share  el_before_av_comments_list '><span class='hr-inner ' ><span class='hr-inner-style'><\/span><\/span><\/div>\n<div  class='av-buildercomment  av-blog-meta-html-info-disabled av-blog-meta-tag-disabled  '><\/div>\n","protected":false},"excerpt":{"rendered":"","protected":false},"author":1,"featured_media":35639,"comment_status":"open","ping_status":"open","sticky":false,"template":"","format":"standard","meta":{"footnotes":""},"categories":[49],"tags":[],"class_list":["post-35636","post","type-post","status-publish","format-standard","has-post-thumbnail","hentry","category-educacion"],"jetpack_featured_media_url":"https:\/\/radiorevelacionfm.cl\/wp-content\/uploads\/2023\/10\/AS-CHILE-CHICO-1-1.jpg","_links":{"self":[{"href":"https:\/\/radiorevelacionfm.cl\/index.php?rest_route=\/wp\/v2\/posts\/35636","targetHints":{"allow":["GET"]}}],"collection":[{"href":"https:\/\/radiorevelacionfm.cl\/index.php?rest_route=\/wp\/v2\/posts"}],"about":[{"href":"https:\/\/radiorevelacionfm.cl\/index.php?rest_route=\/wp\/v2\/types\/post"}],"author":[{"embeddable":true,"href":"https:\/\/radiorevelacionfm.cl\/index.php?rest_route=\/wp\/v2\/users\/1"}],"replies":[{"embeddable":true,"href":"https:\/\/radiorevelacionfm.cl\/index.php?rest_route=%2Fwp%2Fv2%2Fcomments&post=35636"}],"version-history":[{"count":1,"href":"https:\/\/radiorevelacionfm.cl\/index.php?rest_route=\/wp\/v2\/posts\/35636\/revisions"}],"predecessor-version":[{"id":35640,"href":"https:\/\/radiorevelacionfm.cl\/index.php?rest_route=\/wp\/v2\/posts\/35636\/revisions\/35640"}],"wp:featuredmedia":[{"embeddable":true,"href":"https:\/\/radiorevelacionfm.cl\/index.php?rest_route=\/wp\/v2\/media\/35639"}],"wp:attachment":[{"href":"https:\/\/radiorevelacionfm.cl\/index.php?rest_route=%2Fwp%2Fv2%2Fmedia&parent=35636"}],"wp:term":[{"taxonomy":"category","embeddable":true,"href":"https:\/\/radiorevelacionfm.cl\/index.php?rest_route=%2Fwp%2Fv2%2Fcategories&post=35636"},{"taxonomy":"post_tag","embeddable":true,"href":"https:\/\/radiorevelacionfm.cl\/index.php?rest_route=%2Fwp%2Fv2%2Ftags&post=35636"}],"curies":[{"name":"wp","href":"https:\/\/api.w.org\/{rel}","templated":true}]}}