{"id":35633,"date":"2023-10-06T10:35:03","date_gmt":"2023-10-06T13:35:03","guid":{"rendered":"https:\/\/radiorevelacionfm.cl\/?p=35633"},"modified":"2023-10-06T10:35:03","modified_gmt":"2023-10-06T13:35:03","slug":"a-un-ano-de-la-total-implementacion-de-la-ley-de-entrevistas-videograbadas-25-mil-ninas-ninos-y-adolescentes-han-sido-parte-del-procedimiento-de-los-cuales-639-son-de-la-region-de-aysen","status":"publish","type":"post","link":"https:\/\/radiorevelacionfm.cl\/?p=35633","title":{"rendered":"A un a\u00f1o de la total implementaci\u00f3n de la Ley de Entrevistas Videograbadas: 25 mil ni\u00f1as, ni\u00f1os y adolescentes han sido parte del procedimiento, de los cuales 639 son de la regi\u00f3n de Ays\u00e9n"},"content":{"rendered":"<div class=\"flex_column av_one_full  flex_column_div av-zero-column-padding first  avia-builder-el-0  el_before_av_one_full  avia-builder-el-first  \" style='border-radius:0px; '><div  class='avia-image-container  av-styling-    avia-builder-el-1  avia-builder-el-no-sibling  avia-align-center '  itemprop=\"image\" itemscope=\"itemscope\" itemtype=\"https:\/\/schema.org\/ImageObject\"  ><div class='avia-image-container-inner'><div class='avia-image-overlay-wrap'><img decoding=\"async\" class='wp-image-35634 avia-img-lazy-loading-not-35634 avia_image' src=\"https:\/\/radiorevelacionfm.cl\/wp-content\/uploads\/2023\/10\/entrevista-videograbada-1-1.jpg\" alt='' title='entrevista videograbada (1) (1)' height=\"600\" width=\"1294\"  itemprop=\"thumbnailUrl\" srcset=\"https:\/\/radiorevelacionfm.cl\/wp-content\/uploads\/2023\/10\/entrevista-videograbada-1-1.jpg 1294w, https:\/\/radiorevelacionfm.cl\/wp-content\/uploads\/2023\/10\/entrevista-videograbada-1-1-300x139.jpg 300w, https:\/\/radiorevelacionfm.cl\/wp-content\/uploads\/2023\/10\/entrevista-videograbada-1-1-1030x478.jpg 1030w, https:\/\/radiorevelacionfm.cl\/wp-content\/uploads\/2023\/10\/entrevista-videograbada-1-1-768x356.jpg 768w, https:\/\/radiorevelacionfm.cl\/wp-content\/uploads\/2023\/10\/entrevista-videograbada-1-1-705x327.jpg 705w, https:\/\/radiorevelacionfm.cl\/wp-content\/uploads\/2023\/10\/entrevista-videograbada-1-1-450x209.jpg 450w, https:\/\/radiorevelacionfm.cl\/wp-content\/uploads\/2023\/10\/entrevista-videograbada-1-1-600x278.jpg 600w\" sizes=\"(max-width: 1294px) 100vw, 1294px\" \/><\/div><\/div><\/div><\/div><div class=\"flex_column av_one_full  flex_column_div av-zero-column-padding first  avia-builder-el-2  el_after_av_one_full  el_before_av_one_full  column-top-margin\" style='border-radius:0px; '><section class=\"av_textblock_section \"  itemscope=\"itemscope\" itemtype=\"https:\/\/schema.org\/BlogPosting\" itemprop=\"blogPost\" ><div class='avia_textblock  '   itemprop=\"text\" ><p style=\"text-align: center;\"><span style=\"font-size: 18pt;\"><strong><em>A un a\u00f1o de la total implementaci\u00f3n de la Ley de Entrevistas Videograbadas: <\/em><\/strong><strong>25 mil ni\u00f1as, ni\u00f1os y adolescentes han sido parte del procedimiento, de los cuales 639 son de la regi\u00f3n de Ays\u00e9n <\/strong><\/span><\/p>\n<div id=\"gtx-trans\" style=\"position: absolute; left: -50px; top: 4.31534px;\">\n<div class=\"gtx-trans-icon\"><\/div>\n<\/div>\n<\/div><\/section><\/div><div class=\"flex_column av_one_full  flex_column_div av-zero-column-padding first  avia-builder-el-4  el_after_av_one_full  el_before_av_hr  column-top-margin\" style='border-radius:0px; '><section class=\"av_textblock_section \"  itemscope=\"itemscope\" itemtype=\"https:\/\/schema.org\/BlogPosting\" itemprop=\"blogPost\" ><div class='avia_textblock  '   itemprop=\"text\" ><p style=\"text-align: justify;\"><em>Con 19 entrevistadoras y entrevistadores acreditados y 9 salas especiales de toma de declaraci\u00f3n, se ha implementado la ley de entrevistas videograbadas en la regi\u00f3n de Ays\u00e9n.<\/em><\/p>\n<p style=\"text-align: justify;\">A un a\u00f1o de la total implementaci\u00f3n de la Ley N\u00b0 21.057 de Entrevistas Videograbadas, desde su gradual puesta en marcha en octubre de 2019, m\u00e1s de 25 mil ni\u00f1os, ni\u00f1as y adolescentes han sido entrevistados, de los cuales 639 pertenecen a la regi\u00f3n de Ays\u00e9n.<\/p>\n<p style=\"text-align: justify;\">Recordar que la regi\u00f3n de Ays\u00e9n fue una de las primeras regiones donde se puso en marcha esta ley, cumpli\u00e9ndose hoy 4 a\u00f1os desde su implementaci\u00f3n, en este sentido el Seremi de Justicia y Derechos Humanos Samuel Navarro Castro indic\u00f3 que \u201csin duda la puesta en marcha de esta normativa que en nuestra regi\u00f3n ya lleva varios a\u00f1os, ha significado un gran avance respecto al trato que se le da a ni\u00f1os, ni\u00f1as y adolescentes dentro del sistema procesal penal, puesto que pretende evitar la revictimizaci\u00f3n, valid\u00e1ndolos como sujetos de derechos y haciendo efectivo estos derechos\u201d.<\/p>\n<p style=\"text-align: justify;\">La mencionada ley ha establecido un marco normativo que regula la toma de declaraciones de los ni\u00f1os, ni\u00f1as y adolescentes en las etapas investigativas y judiciales. Su prop\u00f3sito es evitar preguntas inadecuadas, repetitivas y excesivas, adem\u00e1s de resguardar la privacidad y seguridad de los menores, garantizando un relato voluntario sin contaminaci\u00f3n de informaci\u00f3n de terceros.<\/p>\n<p style=\"text-align: justify;\">Ahora, la protecci\u00f3n de la ley se extiende a las etapas de denuncia, investigaci\u00f3n y juzgamiento, quedando sometidas estas instancias a los principios de Inter\u00e9s superior, autonom\u00eda progresiva, participaci\u00f3n voluntaria, prevenci\u00f3n de la victimizaci\u00f3n secundaria, asistencia oportuna, tramitaci\u00f3n preferente y por \u00faltimo, el resguardo de su dignidad.<\/p>\n<p style=\"text-align: justify;\">Cabe mencionar que a nivel regional 19 entrevistadores est\u00e1n acreditados en el Registro de Entrevistadores que administra el Ministerio de Justicia y Derechos Humanos, existiendo 9 salas especiales para la toma de declaraci\u00f3n se encuentran operativas.<\/p>\n<p style=\"text-align: justify;\">Finalmente, se\u00f1alar que el Estado de Chile, con la total implementaci\u00f3n de esta ley, reafirma su compromiso con la protecci\u00f3n de los derechos de los ni\u00f1os y los principios rectores de la Convenci\u00f3n de los Derechos del Ni\u00f1o y est\u00e1ndares internacionales para la protecci\u00f3n de ni\u00f1os v\u00edctimas y testigos de delitos.<\/p>\n<p style=\"text-align: justify;\"><u>\u00a0<\/u><\/p>\n<\/div><\/section><\/div><div  style='height:50px' class='hr hr-invisible   avia-builder-el-6  el_after_av_one_full  el_before_av_social_share '><span class='hr-inner ' ><span class='hr-inner-style'><\/span><\/span><\/div><\/p>\n<div  class='av-social-sharing-box  avia-builder-el-7  el_after_av_hr  el_before_av_hr  '><div class='av-share-box'><h5 class='av-share-link-description av-no-toc '>Compartir esta noticia<\/h5><ul class='av-share-box-list noLightbox'><li class='av-share-link av-social-link-facebook' ><a target=\"_blank\" aria-label=\"Compartir en Facebook\" href='https:\/\/www.facebook.com\/sharer.php?u=https:\/\/radiorevelacionfm.cl\/?p=35633&#038;t=A%20un%20a%C3%B1o%20de%20la%20total%20implementaci%C3%B3n%20de%20la%20Ley%20de%20Entrevistas%20Videograbadas%3A%2025%20mil%20ni%C3%B1as%2C%20ni%C3%B1os%20y%20adolescentes%20han%20sido%20parte%20del%20procedimiento%2C%20de%20los%20cuales%20639%20son%20de%20la%20regi%C3%B3n%20de%20Ays%C3%A9n' aria-hidden='false' data-av_icon='\ue8f3' data-av_iconfont='entypo-fontello' title='' data-avia-related-tooltip='Compartir en Facebook' rel=\"noopener\"><span class='avia_hidden_link_text'>Compartir en Facebook<\/span><\/a><\/li><li class='av-share-link av-social-link-twitter' ><a target=\"_blank\" aria-label=\"Compartir en Twitter\" href='https:\/\/twitter.com\/share?text=A%20un%20a%C3%B1o%20de%20la%20total%20implementaci%C3%B3n%20de%20la%20Ley%20de%20Entrevistas%20Videograbadas%3A%2025%20mil%20ni%C3%B1as%2C%20ni%C3%B1os%20y%20adolescentes%20han%20sido%20parte%20del%20procedimiento%2C%20de%20los%20cuales%20639%20son%20de%20la%20regi%C3%B3n%20de%20Ays%C3%A9n&#038;url=https:\/\/radiorevelacionfm.cl\/?p=35633' aria-hidden='false' data-av_icon='\ue8f1' data-av_iconfont='entypo-fontello' title='' data-avia-related-tooltip='Compartir en Twitter' rel=\"noopener\"><span class='avia_hidden_link_text'>Compartir en Twitter<\/span><\/a><\/li><li class='av-share-link av-social-link-whatsapp' ><a target=\"_blank\" aria-label=\"Compartir en Whatsapp\" href='https:\/\/api.whatsapp.com\/send?text=https:\/\/radiorevelacionfm.cl\/?p=35633' aria-hidden='false' data-av_icon='\uf232' data-av_iconfont='entypo-fontello' title='' data-avia-related-tooltip='Compartir en Whatsapp' rel=\"noopener\"><span class='avia_hidden_link_text'>Compartir en Whatsapp<\/span><\/a><\/li><li class='av-share-link av-social-link-linkedin' ><a target=\"_blank\" aria-label=\"Compartir en LinkedIn\" href='https:\/\/linkedin.com\/shareArticle?mini=true&#038;title=A%20un%20a%C3%B1o%20de%20la%20total%20implementaci%C3%B3n%20de%20la%20Ley%20de%20Entrevistas%20Videograbadas%3A%2025%20mil%20ni%C3%B1as%2C%20ni%C3%B1os%20y%20adolescentes%20han%20sido%20parte%20del%20procedimiento%2C%20de%20los%20cuales%20639%20son%20de%20la%20regi%C3%B3n%20de%20Ays%C3%A9n&#038;url=https:\/\/radiorevelacionfm.cl\/?p=35633' aria-hidden='false' data-av_icon='\ue8fc' data-av_iconfont='entypo-fontello' title='' data-avia-related-tooltip='Compartir en LinkedIn' rel=\"noopener\"><span class='avia_hidden_link_text'>Compartir en LinkedIn<\/span><\/a><\/li><li class='av-share-link av-social-link-mail' ><a  aria-label=\"Compartir por correo\" href='mailto:?subject=A%20un%20a%C3%B1o%20de%20la%20total%20implementaci%C3%B3n%20de%20la%20Ley%20de%20Entrevistas%20Videograbadas%3A%2025%20mil%20ni%C3%B1as%2C%20ni%C3%B1os%20y%20adolescentes%20han%20sido%20parte%20del%20procedimiento%2C%20de%20los%20cuales%20639%20son%20de%20la%20regi%C3%B3n%20de%20Ays%C3%A9n&#038;body=https:\/\/radiorevelacionfm.cl\/?p=35633' aria-hidden='false' data-av_icon='\ue805' data-av_iconfont='entypo-fontello' title='' data-avia-related-tooltip='Compartir por correo'><span class='avia_hidden_link_text'>Compartir por correo<\/span><\/a><\/li><\/ul><\/div><\/div>\n<div  style='height:50px' class='hr hr-invisible   avia-builder-el-8  el_after_av_social_share  el_before_av_comments_list '><span class='hr-inner ' ><span class='hr-inner-style'><\/span><\/span><\/div>\n<div  class='av-buildercomment  av-blog-meta-html-info-disabled av-blog-meta-tag-disabled  '><\/div>\n","protected":false},"excerpt":{"rendered":"","protected":false},"author":1,"featured_media":35634,"comment_status":"open","ping_status":"open","sticky":false,"template":"","format":"standard","meta":{"footnotes":""},"categories":[55],"tags":[],"class_list":["post-35633","post","type-post","status-publish","format-standard","has-post-thumbnail","hentry","category-justicia"],"jetpack_featured_media_url":"https:\/\/radiorevelacionfm.cl\/wp-content\/uploads\/2023\/10\/entrevista-videograbada-1-1.jpg","_links":{"self":[{"href":"https:\/\/radiorevelacionfm.cl\/index.php?rest_route=\/wp\/v2\/posts\/35633","targetHints":{"allow":["GET"]}}],"collection":[{"href":"https:\/\/radiorevelacionfm.cl\/index.php?rest_route=\/wp\/v2\/posts"}],"about":[{"href":"https:\/\/radiorevelacionfm.cl\/index.php?rest_route=\/wp\/v2\/types\/post"}],"author":[{"embeddable":true,"href":"https:\/\/radiorevelacionfm.cl\/index.php?rest_route=\/wp\/v2\/users\/1"}],"replies":[{"embeddable":true,"href":"https:\/\/radiorevelacionfm.cl\/index.php?rest_route=%2Fwp%2Fv2%2Fcomments&post=35633"}],"version-history":[{"count":1,"href":"https:\/\/radiorevelacionfm.cl\/index.php?rest_route=\/wp\/v2\/posts\/35633\/revisions"}],"predecessor-version":[{"id":35635,"href":"https:\/\/radiorevelacionfm.cl\/index.php?rest_route=\/wp\/v2\/posts\/35633\/revisions\/35635"}],"wp:featuredmedia":[{"embeddable":true,"href":"https:\/\/radiorevelacionfm.cl\/index.php?rest_route=\/wp\/v2\/media\/35634"}],"wp:attachment":[{"href":"https:\/\/radiorevelacionfm.cl\/index.php?rest_route=%2Fwp%2Fv2%2Fmedia&parent=35633"}],"wp:term":[{"taxonomy":"category","embeddable":true,"href":"https:\/\/radiorevelacionfm.cl\/index.php?rest_route=%2Fwp%2Fv2%2Fcategories&post=35633"},{"taxonomy":"post_tag","embeddable":true,"href":"https:\/\/radiorevelacionfm.cl\/index.php?rest_route=%2Fwp%2Fv2%2Ftags&post=35633"}],"curies":[{"name":"wp","href":"https:\/\/api.w.org\/{rel}","templated":true}]}}