{"id":35630,"date":"2023-10-04T09:14:52","date_gmt":"2023-10-04T12:14:52","guid":{"rendered":"https:\/\/radiorevelacionfm.cl\/?p=35630"},"modified":"2023-10-04T09:14:52","modified_gmt":"2023-10-04T12:14:52","slug":"mas-de-400-personas-seran-beneficiadas-con-construccion-de-nuevo-servicio-sanitario-rural-la-reserva-coyhaique","status":"publish","type":"post","link":"https:\/\/radiorevelacionfm.cl\/?p=35630","title":{"rendered":"M\u00e1s de 400 personas ser\u00e1n beneficiadas con construcci\u00f3n de nuevo Servicio Sanitario Rural La Reserva Coyhaique"},"content":{"rendered":"<div class=\"flex_column av_one_full  flex_column_div av-zero-column-padding first  avia-builder-el-0  el_before_av_one_full  avia-builder-el-first  \" style='border-radius:0px; '><div  class='avia-image-container  av-styling-    avia-builder-el-1  avia-builder-el-no-sibling  avia-align-center '  itemprop=\"image\" itemscope=\"itemscope\" itemtype=\"https:\/\/schema.org\/ImageObject\"  ><div class='avia-image-container-inner'><div class='avia-image-overlay-wrap'><img decoding=\"async\" class='wp-image-35631 avia-img-lazy-loading-not-35631 avia_image' src=\"https:\/\/radiorevelacionfm.cl\/wp-content\/uploads\/2023\/10\/03-img_1946-1_optimized.jpg\" alt='' title='03-img_1946-(1)_optimized' height=\"600\" width=\"900\"  itemprop=\"thumbnailUrl\" srcset=\"https:\/\/radiorevelacionfm.cl\/wp-content\/uploads\/2023\/10\/03-img_1946-1_optimized.jpg 900w, https:\/\/radiorevelacionfm.cl\/wp-content\/uploads\/2023\/10\/03-img_1946-1_optimized-300x200.jpg 300w, https:\/\/radiorevelacionfm.cl\/wp-content\/uploads\/2023\/10\/03-img_1946-1_optimized-768x512.jpg 768w, https:\/\/radiorevelacionfm.cl\/wp-content\/uploads\/2023\/10\/03-img_1946-1_optimized-705x470.jpg 705w, https:\/\/radiorevelacionfm.cl\/wp-content\/uploads\/2023\/10\/03-img_1946-1_optimized-450x300.jpg 450w, https:\/\/radiorevelacionfm.cl\/wp-content\/uploads\/2023\/10\/03-img_1946-1_optimized-600x400.jpg 600w\" sizes=\"(max-width: 900px) 100vw, 900px\" \/><\/div><\/div><\/div><\/div><div class=\"flex_column av_one_full  flex_column_div av-zero-column-padding first  avia-builder-el-2  el_after_av_one_full  el_before_av_one_full  column-top-margin\" style='border-radius:0px; '><section class=\"av_textblock_section \"  itemscope=\"itemscope\" itemtype=\"https:\/\/schema.org\/BlogPosting\" itemprop=\"blogPost\" ><div class='avia_textblock  '   itemprop=\"text\" ><p style=\"text-align: center;\"><strong><span style=\"font-size: 18pt;\">M\u00e1s de 400 personas ser\u00e1n beneficiadas con construcci\u00f3n de nuevo Servicio Sanitario Rural La Reserva Coyhaique<\/span><\/strong><\/p>\n<div id=\"gtx-trans\" style=\"position: absolute; left: -50px; top: 4.31534px;\">\n<div class=\"gtx-trans-icon\"><\/div>\n<\/div>\n<\/div><\/section><\/div><div class=\"flex_column av_one_full  flex_column_div av-zero-column-padding first  avia-builder-el-4  el_after_av_one_full  el_before_av_hr  column-top-margin\" style='border-radius:0px; '><section class=\"av_textblock_section \"  itemscope=\"itemscope\" itemtype=\"https:\/\/schema.org\/BlogPosting\" itemprop=\"blogPost\" ><div class='avia_textblock  '   itemprop=\"text\" ><p style=\"text-align: justify;\">El Secretario Regional Ministerial de Obras P\u00fablicas, Patricio Sanhueza Ulloa, junto con el Director Regional de Obras Hidr\u00e1ulicas Francisco Real Bahamonde y equipo de profesionales, realizaron una reuni\u00f3n de participaci\u00f3n ciudadana para dar a conocer a la comunidad los avances que a la fecha presenta la construcci\u00f3n del Servicio Sanitario Rural La Reserva, ubicado en la comuna de Coyhaique.<\/p>\n<p style=\"text-align: justify;\">La autoridad regional de Obras P\u00fablicas en la oportunidad destac\u00f3 la importancia de estas obras que para los y las vecinas \u201cson fundamentales, porque gracias a ellas podr\u00e1n contar con agua potable en sus hogares y en forma permanente. En este sector, tenemos vecinos que cada quince d\u00edas deben comprar agua a $180.000 para poder consumir agua potable, para poder\u00a0 entregarle a sus hijos, a su familia este derecho b\u00e1sico. Para ellos es muy sacrificado, as\u00ed que como Estado hoy nos hacemos cargo de esta situaci\u00f3n y hemos generando las acciones para que cuenten con esta nueva infraestructura y crear este cambio que va a ser muy significativo para sus vidas. Sin lugar a dudas, ser\u00e1 un importante ahorro para todas las familias que viven en este sector, as\u00ed que estamos muy contentos como Ministerio de Obras P\u00fablicas que en nuestro gobierno de Gabriel Boric podamos cambiar la realidad de las personas mediante la construcci\u00f3n de esta infraestructura que servir\u00e1 de apoyo para sus vidas y futuros emprendimientos\u201d<\/p>\n<p style=\"text-align: justify;\">En esta reuni\u00f3n de participaci\u00f3n ciudadana la Direcci\u00f3n Regional de Obras Hidr\u00e1ulicas del MOP inform\u00f3 a los actores involucrados los alcances y objetivos de la obra, el calendario de los trabajos, las medidas de mitigaci\u00f3n por eventuales inconvenientes transitorios mientras se ejecutan las obras, recogieron y canalizaron inquietudes y sugerencias de las vecinas y vecinos e informaron acerca del cuidado y buen uso del agua y las obras.<\/p>\n<p style=\"text-align: justify;\">As\u00ed lo refrend\u00f3, el Director Regional de Obras Hidr\u00e1ulicas del MOP Francisco Real Bahamonde, quien tambi\u00e9n destac\u00f3: \u201dQuiero felicitar al Comit\u00e9 de Agua Potable y su presidente, porque hemos notado que est\u00e1n muy comprometidos con este trabajo y con que esto salga adelante, y tambi\u00e9n felicitar a todos los vecinos porque la verdad es que hoy d\u00eda fue contundente la participaci\u00f3n, as\u00ed que estamos contentos. El agua potable es fundamental para todos y todas las vecinas y nos ayuda tambi\u00e9n para el progreso de la regi\u00f3n de Ays\u00e9n. Este proyecto de $2560 millones, beneficia a 134 familias (400 personas), pero esperamos llegar a m\u00e1s familias en el futuro as\u00ed que estamos viendo la posibilidad de hacer una modificaci\u00f3n de $90 millones m\u00e1s para poder llegar a nuevas casas con agua potable que no estaban contabilizadas en el primer dise\u00f1o. En este momento la red de distribuci\u00f3n es de 15 kil\u00f3metros y contempla un estanque de 100m3 que entregar\u00eda el agua por gravedad, lo que disminuye los costos para los y las usuarias\u201d.<\/p>\n<p style=\"text-align: justify;\">Por muchos a\u00f1os la comunidad del sector ha anhelado poder contar con agua potable. Cada vez se ha ido poblando m\u00e1s el sector y existe harta necesidad de agua. En este lugar, la sequ\u00eda se ha notado los \u00faltimos a\u00f1os, los arroyos se secan y en verano no hay agua, as\u00ed que hay vecinos que viven donde tienen arroyos y en donde han podido captar agua en los meses de oto\u00f1o, invierno y en un sector de la primavera, pero en verano no tienen agua; hay otros vecinos que tienen terrenos con sectores mallinosos y que han abierto pozos para poder sacar agua; y hay otros vecinos que no tienen arroyos y tampoco pueden hacer pozos, as\u00ed que por muchos a\u00f1os han tenido que comprar agua a particulares, lo que afecta directamente al bolsillo familiar por los altos costos que esto significa.<\/p>\n<p style=\"text-align: justify;\">Esta \u00faltima es la situaci\u00f3n del vecino del sector Ariel Elgueta, quien destac\u00f3 la importancia de estas obras \u201ces un proyecto s\u00faper importante, emblem\u00e1tico y que agradecemos de coraz\u00f3n. Yo compro 3 mil litros de agua, me sale $180 mil pesos cada vez, y con todo el ahorro de agua y ocuparla lo m\u00e1s racionalmente posible, yo compr\u00f3 dos cargas de esas al mes (6 mil litros y $360.000 al mes) para mi familia de cinco personas. Uno en esas condiciones aprecia el agua, respecto de cuidarla como algo valioso no solo para cocinar, para ba\u00f1arse y montones de actividades. Entonces, s\u00ed nos cuesta eso; y con este proyecto la idea no es derrochar, es seguir cuidando el agua de todas maneras\u201d.<\/p>\n<p style=\"text-align: justify;\">Cristian Tiller\u00eda, presidente del Comit\u00e9 del Servicio Sanitario Rural La Reserva Coyhaique coment\u00f3 \u201csi efectivamente estamos muy satisfechos con los avances como comunidad. Junto con el SEREMI y el Director visitamos parte de las obras, y lo que nos mantiene muy contentos es que las obras se est\u00e1n ejecutando de acuerdo al programa. Hoy en d\u00eda nos informan un 65% de avance que es m\u00e1s o menos equivalente al porcentaje de avance del tiempo transcurrido del contrato, as\u00ed que la verdad es que se proyecta un buen t\u00e9rmino. Nos sirve de mucho en el d\u00eda a d\u00eda, pero efectivamente al no tener agua potable, uno se da cuenta de lo complejo que en algunos casos es vivir de esa forma, en los per\u00edodos de invierno se congelan las captaciones precarias que tenemos o en verano se acaba el agua y hemos pasado dos a tres meses sin agua y la verdad es que se complica el d\u00eda a d\u00eda. Poder abrir la llave y tomar un vaso de agua de la llave, la verdad es que ese d\u00eda va a ser memorable y no tengo duda de que todos los vecinos vamos a estar orgullosos de nuestra labor en conjunto con el Ministerio por supuesto, de poder llevar a cabo un proyecto de este tipo\u201d.<\/p>\n<p style=\"text-align: justify;\">En tanto, para \u00c1ngela Ulloa, vecina e integrante del Comit\u00e9 del Servicio Sanitario Rural La Reserva Coyhaique \u201ccreo que es un proyecto s\u00faper relevante para la comunidad que habitamos el camino y alrededores de La Reserva Coyhaique, porque nos va a mejorar la calidad de vida, sobre todo en tiempo de verano -que parte desde diciembre hasta abril- y nos quedamos sin agua, por lo tanto nos limita a hacer muchas cosas de nuestra vida cotidiana y adem\u00e1s, eso nos genera problemas porque tenemos que comprar agua, as\u00ed que creo que es un proyecto relevante y tambi\u00e9n durante el invierno al producirse tanta nieve y tanta escarcha muchas veces a los vecinos se les congelan las ca\u00f1er\u00edas, as\u00ed que creo que es un proyecto que se ha so\u00f1ado por a\u00f1os y estamos contentos de las nuevas noticias y de saber que alrededor de febrero o marzo ya el proyecto estar\u00eda concluido, as\u00ed que muy contentos por eso\u201d.<\/p>\n<\/div><\/section><\/div><div  style='height:50px' class='hr hr-invisible   avia-builder-el-6  el_after_av_one_full  el_before_av_social_share '><span class='hr-inner ' ><span class='hr-inner-style'><\/span><\/span><\/div><\/p>\n<div  class='av-social-sharing-box  avia-builder-el-7  el_after_av_hr  el_before_av_hr  '><div class='av-share-box'><h5 class='av-share-link-description av-no-toc '>Compartir esta noticia<\/h5><ul class='av-share-box-list noLightbox'><li class='av-share-link av-social-link-facebook' ><a target=\"_blank\" aria-label=\"Compartir en Facebook\" href='https:\/\/www.facebook.com\/sharer.php?u=https:\/\/radiorevelacionfm.cl\/?p=35630&#038;t=M%C3%A1s%20de%20400%20personas%20ser%C3%A1n%20beneficiadas%20con%20construcci%C3%B3n%20de%20nuevo%20Servicio%20Sanitario%20Rural%20La%20Reserva%20Coyhaique' aria-hidden='false' data-av_icon='\ue8f3' data-av_iconfont='entypo-fontello' title='' data-avia-related-tooltip='Compartir en Facebook' rel=\"noopener\"><span class='avia_hidden_link_text'>Compartir en Facebook<\/span><\/a><\/li><li class='av-share-link av-social-link-twitter' ><a target=\"_blank\" aria-label=\"Compartir en Twitter\" href='https:\/\/twitter.com\/share?text=M%C3%A1s%20de%20400%20personas%20ser%C3%A1n%20beneficiadas%20con%20construcci%C3%B3n%20de%20nuevo%20Servicio%20Sanitario%20Rural%20La%20Reserva%20Coyhaique&#038;url=https:\/\/radiorevelacionfm.cl\/?p=35630' aria-hidden='false' data-av_icon='\ue8f1' data-av_iconfont='entypo-fontello' title='' data-avia-related-tooltip='Compartir en Twitter' rel=\"noopener\"><span class='avia_hidden_link_text'>Compartir en Twitter<\/span><\/a><\/li><li class='av-share-link av-social-link-whatsapp' ><a target=\"_blank\" aria-label=\"Compartir en Whatsapp\" href='https:\/\/api.whatsapp.com\/send?text=https:\/\/radiorevelacionfm.cl\/?p=35630' aria-hidden='false' data-av_icon='\uf232' data-av_iconfont='entypo-fontello' title='' data-avia-related-tooltip='Compartir en Whatsapp' rel=\"noopener\"><span class='avia_hidden_link_text'>Compartir en Whatsapp<\/span><\/a><\/li><li class='av-share-link av-social-link-linkedin' ><a target=\"_blank\" aria-label=\"Compartir en LinkedIn\" href='https:\/\/linkedin.com\/shareArticle?mini=true&#038;title=M%C3%A1s%20de%20400%20personas%20ser%C3%A1n%20beneficiadas%20con%20construcci%C3%B3n%20de%20nuevo%20Servicio%20Sanitario%20Rural%20La%20Reserva%20Coyhaique&#038;url=https:\/\/radiorevelacionfm.cl\/?p=35630' aria-hidden='false' data-av_icon='\ue8fc' data-av_iconfont='entypo-fontello' title='' data-avia-related-tooltip='Compartir en LinkedIn' rel=\"noopener\"><span class='avia_hidden_link_text'>Compartir en LinkedIn<\/span><\/a><\/li><li class='av-share-link av-social-link-mail' ><a  aria-label=\"Compartir por correo\" href='mailto:?subject=M%C3%A1s%20de%20400%20personas%20ser%C3%A1n%20beneficiadas%20con%20construcci%C3%B3n%20de%20nuevo%20Servicio%20Sanitario%20Rural%20La%20Reserva%20Coyhaique&#038;body=https:\/\/radiorevelacionfm.cl\/?p=35630' aria-hidden='false' data-av_icon='\ue805' data-av_iconfont='entypo-fontello' title='' data-avia-related-tooltip='Compartir por correo'><span class='avia_hidden_link_text'>Compartir por correo<\/span><\/a><\/li><\/ul><\/div><\/div>\n<div  style='height:50px' class='hr hr-invisible   avia-builder-el-8  el_after_av_social_share  el_before_av_comments_list '><span class='hr-inner ' ><span class='hr-inner-style'><\/span><\/span><\/div>\n<div  class='av-buildercomment  av-blog-meta-html-info-disabled av-blog-meta-tag-disabled  '><\/div>\n","protected":false},"excerpt":{"rendered":"","protected":false},"author":1,"featured_media":35631,"comment_status":"open","ping_status":"open","sticky":false,"template":"","format":"standard","meta":{"footnotes":""},"categories":[38],"tags":[],"class_list":["post-35630","post","type-post","status-publish","format-standard","has-post-thumbnail","hentry","category-regional"],"jetpack_featured_media_url":"https:\/\/radiorevelacionfm.cl\/wp-content\/uploads\/2023\/10\/03-img_1946-1_optimized.jpg","_links":{"self":[{"href":"https:\/\/radiorevelacionfm.cl\/index.php?rest_route=\/wp\/v2\/posts\/35630","targetHints":{"allow":["GET"]}}],"collection":[{"href":"https:\/\/radiorevelacionfm.cl\/index.php?rest_route=\/wp\/v2\/posts"}],"about":[{"href":"https:\/\/radiorevelacionfm.cl\/index.php?rest_route=\/wp\/v2\/types\/post"}],"author":[{"embeddable":true,"href":"https:\/\/radiorevelacionfm.cl\/index.php?rest_route=\/wp\/v2\/users\/1"}],"replies":[{"embeddable":true,"href":"https:\/\/radiorevelacionfm.cl\/index.php?rest_route=%2Fwp%2Fv2%2Fcomments&post=35630"}],"version-history":[{"count":1,"href":"https:\/\/radiorevelacionfm.cl\/index.php?rest_route=\/wp\/v2\/posts\/35630\/revisions"}],"predecessor-version":[{"id":35632,"href":"https:\/\/radiorevelacionfm.cl\/index.php?rest_route=\/wp\/v2\/posts\/35630\/revisions\/35632"}],"wp:featuredmedia":[{"embeddable":true,"href":"https:\/\/radiorevelacionfm.cl\/index.php?rest_route=\/wp\/v2\/media\/35631"}],"wp:attachment":[{"href":"https:\/\/radiorevelacionfm.cl\/index.php?rest_route=%2Fwp%2Fv2%2Fmedia&parent=35630"}],"wp:term":[{"taxonomy":"category","embeddable":true,"href":"https:\/\/radiorevelacionfm.cl\/index.php?rest_route=%2Fwp%2Fv2%2Fcategories&post=35630"},{"taxonomy":"post_tag","embeddable":true,"href":"https:\/\/radiorevelacionfm.cl\/index.php?rest_route=%2Fwp%2Fv2%2Ftags&post=35630"}],"curies":[{"name":"wp","href":"https:\/\/api.w.org\/{rel}","templated":true}]}}