{"id":3563,"date":"2021-04-27T17:38:33","date_gmt":"2021-04-27T20:38:33","guid":{"rendered":"https:\/\/radiorevelacionfm.cl\/?p=3563"},"modified":"2021-04-27T17:38:33","modified_gmt":"2021-04-27T20:38:33","slug":"junta-de-vecinos-esteros-de-aysen-recupero-plazoleta-y-gestiono-instalacion-de-eco-puntos","status":"publish","type":"post","link":"https:\/\/radiorevelacionfm.cl\/?p=3563","title":{"rendered":"Junta de Vecinos Esteros de Ays\u00e9n recuper\u00f3 plazoleta y gestion\u00f3 instalaci\u00f3n de eco puntos"},"content":{"rendered":"<div class=\"flex_column av_one_full  flex_column_div av-zero-column-padding first  avia-builder-el-0  el_before_av_one_full  avia-builder-el-first  \" style='border-radius:0px; '><div  class='avia-image-container  av-styling-    avia-builder-el-1  avia-builder-el-no-sibling  avia-align-center '  itemprop=\"image\" itemscope=\"itemscope\" itemtype=\"https:\/\/schema.org\/ImageObject\"  ><div class='avia-image-container-inner'><div class='avia-image-overlay-wrap'><img decoding=\"async\" class='wp-image-0 avia-img-lazy-loading-not-0 avia_image' src=\"https:\/\/radiorevelacionfm.cl\/wp-content\/uploads\/2021\/04\/1-31_optimized.jpg\" alt='' title=''   itemprop=\"thumbnailUrl\"  \/><\/div><\/div><\/div><\/div><div class=\"flex_column av_one_full  flex_column_div av-zero-column-padding first  avia-builder-el-2  el_after_av_one_full  el_before_av_one_full  column-top-margin\" style='border-radius:0px; '><section class=\"av_textblock_section \"  itemscope=\"itemscope\" itemtype=\"https:\/\/schema.org\/BlogPosting\" itemprop=\"blogPost\" ><div class='avia_textblock  '   itemprop=\"text\" ><p style=\"text-align: center;\"><strong><span style=\"font-size: 18pt;\">Junta de Vecinos Esteros de Ays\u00e9n recuper\u00f3 plazoleta y gestion\u00f3 instalaci\u00f3n de eco puntos <\/span><\/strong><\/p>\n<div id=\"gtx-trans\" style=\"position: absolute; left: -50px; top: 4.31534px;\">\n<div class=\"gtx-trans-icon\"><\/div>\n<\/div>\n<\/div><\/section><\/div><div class=\"flex_column av_one_full  flex_column_div av-zero-column-padding first  avia-builder-el-4  el_after_av_one_full  el_before_av_hr  column-top-margin\" style='border-radius:0px; '><section class=\"av_textblock_section \"  itemscope=\"itemscope\" itemtype=\"https:\/\/schema.org\/BlogPosting\" itemprop=\"blogPost\" ><div class='avia_textblock  '   itemprop=\"text\" ><p style=\"text-align: justify;\">La iniciativa denominada \u201cFortaleciendo nuestra vida en comunidad\u201d es financiada gracias al programa Acci\u00f3n Local del Fondo de Solidaridad e Inversi\u00f3n Social, FOSIS, y cont\u00f3 con el apoyo de Fecunda Patagonia para concretar la iniciativa de los eco puntos.<\/p>\n<p style=\"text-align: justify;\">Este programa contempl\u00f3 la entrega de canastas con alimentos en dos instancias, beneficiando a los vecinos con mayores necesidades.<\/p>\n<p style=\"text-align: justify;\">El programa Acci\u00f3n Local permite entregar apoyo a barrios o localidades vulnerables para que encuentren soluciones a las problem\u00e1ticas que los afectan, considerando la participaci\u00f3n de vecinos, organizaciones y comunidades.<\/p>\n<p style=\"text-align: justify;\">Acci\u00f3n Local entrega formaci\u00f3n y acompa\u00f1amiento sociocomunitario junto con el financiamiento de al menos una de las iniciativas que hayan sido priorizadas y definidas por los miembros de la comunidad, abordadas en el plan de desarrollo local.<\/p>\n<p style=\"text-align: justify;\">Esta iniciativa program\u00e1tica se implementa desde un dise\u00f1o con enfoque territorial, en pertinencia y coherencia con las necesidades m\u00e1s urgentes, as\u00ed como con las de m\u00e1s largo plazo, de acuerdo con las capacidades presentes en los territorios y las comunidades que lo habitan, buscando el desarrollo local y soluciones a partir de las potencialidades end\u00f3genas y el conocimiento de las externalidades positivas y negativas del territorio.<\/p>\n<p style=\"text-align: justify;\">La Poblaci\u00f3n Esteros de Ays\u00e9n de Coyhaique prioriz\u00f3 dentro de sus necesidades m\u00e1s inmediatas la entrega de canastas de alimentos e insumos de calefacci\u00f3n a 60 familias de la poblaci\u00f3n, posteriormente se trabaj\u00f3 en la instalaci\u00f3n de eco puntos y puntos para reciclar vidrios y aceite, gracias al aporte de Fecunda Patagonia, junto con la recuperaci\u00f3n de una plazoleta comunitaria, para finalizar con entrega de canastas de alimentos a 72 vecinos.<\/p>\n<p style=\"text-align: justify;\">Patricia Barrientos, Presidenta Junta de Vecinos Poblaci\u00f3n Esteros de Ays\u00e9n, valor\u00f3 positivamente la intervenci\u00f3n<strong>. \u201c<\/strong>Inauguramos nuestra plazoleta gracias a este proyecto de fortalecimiento de FOSIS, donde trabajamos 9 meses con apoyo de nuestros vecinos. Gracias a este programa tenemos la plazoleta recuperada y eco puntos de reciclaje. En este a\u00f1o dif\u00edcil que hemos pasado este proyecto tambi\u00e9n nos favoreci\u00f3 con entrega de canastas con alimentos perecibles a 60 familias de la poblaci\u00f3n en una primera instancia y ahora al terminar este proyecto hicimos entrega de 72 canastas a nuestros vecinos. Agradecemos el apoyo en esta compleja situaci\u00f3n, ha sido un proyecto que nos ayud\u00f3 a unirnos. Seguiremos trabajando para mejorar nuestros espacios y el bienestar de todos nuestros vecinos\u201d.<\/p>\n<p style=\"text-align: justify;\">La Directora Regional del FOSIS, Dominique Br\u00e4utigam, destac\u00f3 el trabajo comunitario de la Junta de Vecinos de la Poblaci\u00f3n Esteros de Ays\u00e9n. \u201cEstamos culminando un proceso de trabajo que ha tenido FOSIS directamente en el territorio, ejecutando el programa Acci\u00f3n Local junto a los l\u00edderes de esta poblaci\u00f3n y trabajando con los vecinos para cumplir con el objetivo de potenciar la asociatividad, liderazgo, trabajo mancomunado y comunitario de este sector. Se hizo un proceso democr\u00e1tico de votaci\u00f3n donde los vecinos plasmaron su opini\u00f3n para decidir en qu\u00e9 invertir y esto es el fruto de lo que los vecinos eligieron, un lugar para compartir, un \u00e1rea verde hermoseada la cual mejora, sin lugar a duda, la calidad de vida de los habitantes de esta poblaci\u00f3n\u201d.<\/p>\n<\/div><\/section><\/div><div  style='height:50px' class='hr hr-invisible   avia-builder-el-6  el_after_av_one_full  el_before_av_social_share '><span class='hr-inner ' ><span class='hr-inner-style'><\/span><\/span><\/div><\/p>\n<div  class='av-social-sharing-box  avia-builder-el-7  el_after_av_hr  el_before_av_hr  '><div class='av-share-box'><h5 class='av-share-link-description av-no-toc '>Compartir esta noticia<\/h5><ul class='av-share-box-list noLightbox'><li class='av-share-link av-social-link-facebook' ><a target=\"_blank\" aria-label=\"Compartir en Facebook\" href='https:\/\/www.facebook.com\/sharer.php?u=https:\/\/radiorevelacionfm.cl\/?p=3563&#038;t=Junta%20de%20Vecinos%20Esteros%20de%20Ays%C3%A9n%20recuper%C3%B3%20plazoleta%20y%20gestion%C3%B3%20instalaci%C3%B3n%20de%20eco%20puntos' aria-hidden='false' data-av_icon='\ue8f3' data-av_iconfont='entypo-fontello' title='' data-avia-related-tooltip='Compartir en Facebook' rel=\"noopener\"><span class='avia_hidden_link_text'>Compartir en Facebook<\/span><\/a><\/li><li class='av-share-link av-social-link-twitter' ><a target=\"_blank\" aria-label=\"Compartir en Twitter\" href='https:\/\/twitter.com\/share?text=Junta%20de%20Vecinos%20Esteros%20de%20Ays%C3%A9n%20recuper%C3%B3%20plazoleta%20y%20gestion%C3%B3%20instalaci%C3%B3n%20de%20eco%20puntos&#038;url=https:\/\/radiorevelacionfm.cl\/?p=3563' aria-hidden='false' data-av_icon='\ue8f1' data-av_iconfont='entypo-fontello' title='' data-avia-related-tooltip='Compartir en Twitter' rel=\"noopener\"><span class='avia_hidden_link_text'>Compartir en Twitter<\/span><\/a><\/li><li class='av-share-link av-social-link-whatsapp' ><a target=\"_blank\" aria-label=\"Compartir en Whatsapp\" href='https:\/\/api.whatsapp.com\/send?text=https:\/\/radiorevelacionfm.cl\/?p=3563' aria-hidden='false' data-av_icon='\uf232' data-av_iconfont='entypo-fontello' title='' data-avia-related-tooltip='Compartir en Whatsapp' rel=\"noopener\"><span class='avia_hidden_link_text'>Compartir en Whatsapp<\/span><\/a><\/li><li class='av-share-link av-social-link-linkedin' ><a target=\"_blank\" aria-label=\"Compartir en LinkedIn\" href='https:\/\/linkedin.com\/shareArticle?mini=true&#038;title=Junta%20de%20Vecinos%20Esteros%20de%20Ays%C3%A9n%20recuper%C3%B3%20plazoleta%20y%20gestion%C3%B3%20instalaci%C3%B3n%20de%20eco%20puntos&#038;url=https:\/\/radiorevelacionfm.cl\/?p=3563' aria-hidden='false' data-av_icon='\ue8fc' data-av_iconfont='entypo-fontello' title='' data-avia-related-tooltip='Compartir en LinkedIn' rel=\"noopener\"><span class='avia_hidden_link_text'>Compartir en LinkedIn<\/span><\/a><\/li><li class='av-share-link av-social-link-mail' ><a  aria-label=\"Compartir por correo\" href='mailto:?subject=Junta%20de%20Vecinos%20Esteros%20de%20Ays%C3%A9n%20recuper%C3%B3%20plazoleta%20y%20gestion%C3%B3%20instalaci%C3%B3n%20de%20eco%20puntos&#038;body=https:\/\/radiorevelacionfm.cl\/?p=3563' aria-hidden='false' data-av_icon='\ue805' data-av_iconfont='entypo-fontello' title='' data-avia-related-tooltip='Compartir por correo'><span class='avia_hidden_link_text'>Compartir por correo<\/span><\/a><\/li><\/ul><\/div><\/div>\n<div  style='height:50px' class='hr hr-invisible   avia-builder-el-8  el_after_av_social_share  el_before_av_comments_list '><span class='hr-inner ' ><span class='hr-inner-style'><\/span><\/span><\/div>\n<div  class='av-buildercomment  av-blog-meta-html-info-disabled av-blog-meta-tag-disabled  '><\/div>\n","protected":false},"excerpt":{"rendered":"","protected":false},"author":1,"featured_media":0,"comment_status":"open","ping_status":"open","sticky":false,"template":"","format":"standard","meta":{"footnotes":""},"categories":[38],"tags":[],"class_list":["post-3563","post","type-post","status-publish","format-standard","hentry","category-regional"],"jetpack_featured_media_url":"","_links":{"self":[{"href":"https:\/\/radiorevelacionfm.cl\/index.php?rest_route=\/wp\/v2\/posts\/3563","targetHints":{"allow":["GET"]}}],"collection":[{"href":"https:\/\/radiorevelacionfm.cl\/index.php?rest_route=\/wp\/v2\/posts"}],"about":[{"href":"https:\/\/radiorevelacionfm.cl\/index.php?rest_route=\/wp\/v2\/types\/post"}],"author":[{"embeddable":true,"href":"https:\/\/radiorevelacionfm.cl\/index.php?rest_route=\/wp\/v2\/users\/1"}],"replies":[{"embeddable":true,"href":"https:\/\/radiorevelacionfm.cl\/index.php?rest_route=%2Fwp%2Fv2%2Fcomments&post=3563"}],"version-history":[{"count":1,"href":"https:\/\/radiorevelacionfm.cl\/index.php?rest_route=\/wp\/v2\/posts\/3563\/revisions"}],"predecessor-version":[{"id":3565,"href":"https:\/\/radiorevelacionfm.cl\/index.php?rest_route=\/wp\/v2\/posts\/3563\/revisions\/3565"}],"wp:attachment":[{"href":"https:\/\/radiorevelacionfm.cl\/index.php?rest_route=%2Fwp%2Fv2%2Fmedia&parent=3563"}],"wp:term":[{"taxonomy":"category","embeddable":true,"href":"https:\/\/radiorevelacionfm.cl\/index.php?rest_route=%2Fwp%2Fv2%2Fcategories&post=3563"},{"taxonomy":"post_tag","embeddable":true,"href":"https:\/\/radiorevelacionfm.cl\/index.php?rest_route=%2Fwp%2Fv2%2Ftags&post=3563"}],"curies":[{"name":"wp","href":"https:\/\/api.w.org\/{rel}","templated":true}]}}