{"id":35627,"date":"2023-10-03T21:34:20","date_gmt":"2023-10-04T00:34:20","guid":{"rendered":"https:\/\/radiorevelacionfm.cl\/?p=35627"},"modified":"2023-10-03T21:34:20","modified_gmt":"2023-10-04T00:34:20","slug":"de-mejoramientos-de-sede-a-jornadas-de-distraccion-financiara-el-fondo-municipal-del-adulto-mayor-en-aysen","status":"publish","type":"post","link":"https:\/\/radiorevelacionfm.cl\/?p=35627","title":{"rendered":"De mejoramientos de sede a jornadas de distracci\u00f3n financiar\u00e1 el Fondo Municipal del Adulto Mayor en Ays\u00e9n"},"content":{"rendered":"<div class=\"flex_column av_one_full  flex_column_div av-zero-column-padding first  avia-builder-el-0  el_before_av_one_full  avia-builder-el-first  \" style='border-radius:0px; '><div  class='avia-image-container  av-styling-    avia-builder-el-1  avia-builder-el-no-sibling  avia-align-center '  itemprop=\"image\" itemscope=\"itemscope\" itemtype=\"https:\/\/schema.org\/ImageObject\"  ><div class='avia-image-container-inner'><div class='avia-image-overlay-wrap'><img decoding=\"async\" class='wp-image-35628 avia-img-lazy-loading-not-35628 avia_image' src=\"https:\/\/radiorevelacionfm.cl\/wp-content\/uploads\/2023\/10\/FIRMA-FOMAM-26-1-1.jpg\" alt='' title='FIRMA FOMAM 26 (1) (1)' height=\"600\" width=\"800\"  itemprop=\"thumbnailUrl\" srcset=\"https:\/\/radiorevelacionfm.cl\/wp-content\/uploads\/2023\/10\/FIRMA-FOMAM-26-1-1.jpg 800w, https:\/\/radiorevelacionfm.cl\/wp-content\/uploads\/2023\/10\/FIRMA-FOMAM-26-1-1-300x225.jpg 300w, https:\/\/radiorevelacionfm.cl\/wp-content\/uploads\/2023\/10\/FIRMA-FOMAM-26-1-1-768x576.jpg 768w, https:\/\/radiorevelacionfm.cl\/wp-content\/uploads\/2023\/10\/FIRMA-FOMAM-26-1-1-705x529.jpg 705w, https:\/\/radiorevelacionfm.cl\/wp-content\/uploads\/2023\/10\/FIRMA-FOMAM-26-1-1-450x338.jpg 450w, https:\/\/radiorevelacionfm.cl\/wp-content\/uploads\/2023\/10\/FIRMA-FOMAM-26-1-1-600x450.jpg 600w\" sizes=\"(max-width: 800px) 100vw, 800px\" \/><\/div><\/div><\/div><\/div><div class=\"flex_column av_one_full  flex_column_div av-zero-column-padding first  avia-builder-el-2  el_after_av_one_full  el_before_av_one_full  column-top-margin\" style='border-radius:0px; '><section class=\"av_textblock_section \"  itemscope=\"itemscope\" itemtype=\"https:\/\/schema.org\/BlogPosting\" itemprop=\"blogPost\" ><div class='avia_textblock  '   itemprop=\"text\" ><p style=\"text-align: center;\"><strong><span style=\"font-size: 18pt;\">De mejoramientos de sede a jornadas de distracci\u00f3n financiar\u00e1 el Fondo Municipal del Adulto Mayor en Ays\u00e9n<\/span><\/strong><\/p>\n<div id=\"gtx-trans\" style=\"position: absolute; left: -50px; top: 4.31534px;\">\n<div class=\"gtx-trans-icon\"><\/div>\n<\/div>\n<\/div><\/section><\/div><div class=\"flex_column av_one_full  flex_column_div av-zero-column-padding first  avia-builder-el-4  el_after_av_one_full  el_before_av_hr  column-top-margin\" style='border-radius:0px; '><section class=\"av_textblock_section \"  itemscope=\"itemscope\" itemtype=\"https:\/\/schema.org\/BlogPosting\" itemprop=\"blogPost\" ><div class='avia_textblock  '   itemprop=\"text\" ><p style=\"text-align: justify;\">Solo alegr\u00eda se pudo evidenciar en la firma de convenios del Fondo Municipal del Adulto Mayor, FOMAM, el que entrega la posibilidad de realizar actividades de distracci\u00f3n como paseos, celebraci\u00f3n de aniversarios, encuentros, hasta talleres y mejoras en sedes sociales.<\/p>\n<p style=\"text-align: justify;\">El Alcalde de la comuna de Ays\u00e9n, Julio Uribe Alvarado, destac\u00f3 la motivaci\u00f3n de las personas mayores en participar de las distintas iniciativas.<\/p>\n<p style=\"text-align: justify;\">\u201cTodos los clubes est\u00e1n muy motivados, los adultos mayores estan viajando, est\u00e1n haciendo fiestas, reparando su sede, implementando sus cocinas. Creo que hay una motivaci\u00f3n extra despu\u00e9s de lo que fue la pandemia a organizarse y poder activarse en talleres, en diferentes actividades y es algo que nos tiene muy contentos. El trabajo que hemos hecho con los adultos mayores creo que se nota, se ve la disposici\u00f3n de ellos a participar\u201d.<\/p>\n<p style=\"text-align: justify;\">Son 28 clubes los beneficiados con FOMAM, los que permitir\u00e1n realizar una serie de iniciativas, tal como lo mencion\u00f3 la encargada de la oficina de organizaciones comunitarias de la Municipalidad de Ays\u00e9n, Rita Aguilar.<\/p>\n<p style=\"text-align: justify;\">\u201cEs la firma de convenio de FOMAM, que son fondos municipales que se entregan exclusivamente a los adultos mayores, donde cada uno postula a proyectos, que buscan cubrir diversas actividades que ellos quieren realizar como aniversarios, paseos, mejoramiento, talleres, este fondo les permite hacer eso. Son 28 clubes de adultos mayores en la comuna que salieron adjudicados con estos fondos\u201d.<\/p>\n<p style=\"text-align: justify;\">La presidenta de la uni\u00f3n comunal de adultos mayores \u201cTrapananda\u201d de la comuna de Ays\u00e9n, Rosa Navarro, tuvo palabras de agradecimiento por el apoyo que brinda la Municipalidad a las diversas iniciativas.<\/p>\n<p style=\"text-align: justify;\">\u201cDar las gracias porque nosotros tambi\u00e9n como uni\u00f3n comunal nos adjudicamos los recursos para realizar el segundo encuentro de dirigentes de adultos mayores, el que ya llevamos a cabo el a\u00f1o pasado. Feliz, dar el agradecimiento a los profesionales que estuvieron trabajando para que todos los proyectos sean igualitarios y agradecer al se\u00f1or Alcalde y sus funcionarios por este regalo que hacen los adultos mayores, que ya estamos en tiempo de descansar, pero estamos activos y eso es lo bonito, lo principal\u201d.<\/p>\n<p style=\"text-align: justify;\">De igual forma, Juan La\u00ednez, presidente del club de adultos mayores \u201cGabriela Mistral\u201d, reconoci\u00f3 la importancia de obtener recursos para llevar a cabo sus distintas iniciativas, en el caso de su organizaci\u00f3n, \u201cpostulamos a un proyecto que se llama alhajamiento de nuestra nueva sede, fuimos favorecidos y sin duda para todos los socios de la organizaci\u00f3n, como tambi\u00e9n de las otras organizaciones que hoy se adjudicaron los proyectos, esto es muy loable\u201d.<\/p>\n<p style=\"text-align: justify;\">Por estos d\u00edas se realiza el tr\u00e1mite administrativo interno en la Municipalidad y en pocos d\u00edas m\u00e1s las organizaciones de adultos mayores podr\u00e1n dar inicio a las actividades o adquisici\u00f3n de equipamiento, seg\u00fan el proyecto que postularon al FOMAM.<\/p>\n<\/div><\/section><\/div><div  style='height:50px' class='hr hr-invisible   avia-builder-el-6  el_after_av_one_full  el_before_av_social_share '><span class='hr-inner ' ><span class='hr-inner-style'><\/span><\/span><\/div><\/p>\n<div  class='av-social-sharing-box  avia-builder-el-7  el_after_av_hr  el_before_av_hr  '><div class='av-share-box'><h5 class='av-share-link-description av-no-toc '>Compartir esta noticia<\/h5><ul class='av-share-box-list noLightbox'><li class='av-share-link av-social-link-facebook' ><a target=\"_blank\" aria-label=\"Compartir en Facebook\" href='https:\/\/www.facebook.com\/sharer.php?u=https:\/\/radiorevelacionfm.cl\/?p=35627&#038;t=De%20mejoramientos%20de%20sede%20a%20jornadas%20de%20distracci%C3%B3n%20financiar%C3%A1%20el%20Fondo%20Municipal%20del%20Adulto%20Mayor%20en%20Ays%C3%A9n' aria-hidden='false' data-av_icon='\ue8f3' data-av_iconfont='entypo-fontello' title='' data-avia-related-tooltip='Compartir en Facebook' rel=\"noopener\"><span class='avia_hidden_link_text'>Compartir en Facebook<\/span><\/a><\/li><li class='av-share-link av-social-link-twitter' ><a target=\"_blank\" aria-label=\"Compartir en Twitter\" href='https:\/\/twitter.com\/share?text=De%20mejoramientos%20de%20sede%20a%20jornadas%20de%20distracci%C3%B3n%20financiar%C3%A1%20el%20Fondo%20Municipal%20del%20Adulto%20Mayor%20en%20Ays%C3%A9n&#038;url=https:\/\/radiorevelacionfm.cl\/?p=35627' aria-hidden='false' data-av_icon='\ue8f1' data-av_iconfont='entypo-fontello' title='' data-avia-related-tooltip='Compartir en Twitter' rel=\"noopener\"><span class='avia_hidden_link_text'>Compartir en Twitter<\/span><\/a><\/li><li class='av-share-link av-social-link-whatsapp' ><a target=\"_blank\" aria-label=\"Compartir en Whatsapp\" href='https:\/\/api.whatsapp.com\/send?text=https:\/\/radiorevelacionfm.cl\/?p=35627' aria-hidden='false' data-av_icon='\uf232' data-av_iconfont='entypo-fontello' title='' data-avia-related-tooltip='Compartir en Whatsapp' rel=\"noopener\"><span class='avia_hidden_link_text'>Compartir en Whatsapp<\/span><\/a><\/li><li class='av-share-link av-social-link-linkedin' ><a target=\"_blank\" aria-label=\"Compartir en LinkedIn\" href='https:\/\/linkedin.com\/shareArticle?mini=true&#038;title=De%20mejoramientos%20de%20sede%20a%20jornadas%20de%20distracci%C3%B3n%20financiar%C3%A1%20el%20Fondo%20Municipal%20del%20Adulto%20Mayor%20en%20Ays%C3%A9n&#038;url=https:\/\/radiorevelacionfm.cl\/?p=35627' aria-hidden='false' data-av_icon='\ue8fc' data-av_iconfont='entypo-fontello' title='' data-avia-related-tooltip='Compartir en LinkedIn' rel=\"noopener\"><span class='avia_hidden_link_text'>Compartir en LinkedIn<\/span><\/a><\/li><li class='av-share-link av-social-link-mail' ><a  aria-label=\"Compartir por correo\" href='mailto:?subject=De%20mejoramientos%20de%20sede%20a%20jornadas%20de%20distracci%C3%B3n%20financiar%C3%A1%20el%20Fondo%20Municipal%20del%20Adulto%20Mayor%20en%20Ays%C3%A9n&#038;body=https:\/\/radiorevelacionfm.cl\/?p=35627' aria-hidden='false' data-av_icon='\ue805' data-av_iconfont='entypo-fontello' title='' data-avia-related-tooltip='Compartir por correo'><span class='avia_hidden_link_text'>Compartir por correo<\/span><\/a><\/li><\/ul><\/div><\/div>\n<div  style='height:50px' class='hr hr-invisible   avia-builder-el-8  el_after_av_social_share  el_before_av_comments_list '><span class='hr-inner ' ><span class='hr-inner-style'><\/span><\/span><\/div>\n<div  class='av-buildercomment  av-blog-meta-html-info-disabled av-blog-meta-tag-disabled  '><\/div>\n","protected":false},"excerpt":{"rendered":"","protected":false},"author":1,"featured_media":35628,"comment_status":"open","ping_status":"open","sticky":false,"template":"","format":"standard","meta":{"footnotes":""},"categories":[38],"tags":[],"class_list":["post-35627","post","type-post","status-publish","format-standard","has-post-thumbnail","hentry","category-regional"],"jetpack_featured_media_url":"https:\/\/radiorevelacionfm.cl\/wp-content\/uploads\/2023\/10\/FIRMA-FOMAM-26-1-1.jpg","_links":{"self":[{"href":"https:\/\/radiorevelacionfm.cl\/index.php?rest_route=\/wp\/v2\/posts\/35627","targetHints":{"allow":["GET"]}}],"collection":[{"href":"https:\/\/radiorevelacionfm.cl\/index.php?rest_route=\/wp\/v2\/posts"}],"about":[{"href":"https:\/\/radiorevelacionfm.cl\/index.php?rest_route=\/wp\/v2\/types\/post"}],"author":[{"embeddable":true,"href":"https:\/\/radiorevelacionfm.cl\/index.php?rest_route=\/wp\/v2\/users\/1"}],"replies":[{"embeddable":true,"href":"https:\/\/radiorevelacionfm.cl\/index.php?rest_route=%2Fwp%2Fv2%2Fcomments&post=35627"}],"version-history":[{"count":1,"href":"https:\/\/radiorevelacionfm.cl\/index.php?rest_route=\/wp\/v2\/posts\/35627\/revisions"}],"predecessor-version":[{"id":35629,"href":"https:\/\/radiorevelacionfm.cl\/index.php?rest_route=\/wp\/v2\/posts\/35627\/revisions\/35629"}],"wp:featuredmedia":[{"embeddable":true,"href":"https:\/\/radiorevelacionfm.cl\/index.php?rest_route=\/wp\/v2\/media\/35628"}],"wp:attachment":[{"href":"https:\/\/radiorevelacionfm.cl\/index.php?rest_route=%2Fwp%2Fv2%2Fmedia&parent=35627"}],"wp:term":[{"taxonomy":"category","embeddable":true,"href":"https:\/\/radiorevelacionfm.cl\/index.php?rest_route=%2Fwp%2Fv2%2Fcategories&post=35627"},{"taxonomy":"post_tag","embeddable":true,"href":"https:\/\/radiorevelacionfm.cl\/index.php?rest_route=%2Fwp%2Fv2%2Ftags&post=35627"}],"curies":[{"name":"wp","href":"https:\/\/api.w.org\/{rel}","templated":true}]}}