{"id":35625,"date":"2023-10-04T09:38:19","date_gmt":"2023-10-04T12:38:19","guid":{"rendered":"https:\/\/radiorevelacionfm.cl\/?p=35625"},"modified":"2023-10-04T09:38:19","modified_gmt":"2023-10-04T12:38:19","slug":"raphael-las-enormes-listas-de-espera-por-patologias-oncologicas-hacen-necesario-decretar-alerta-sanitaria-por-cancer","status":"publish","type":"post","link":"https:\/\/radiorevelacionfm.cl\/?p=35625","title":{"rendered":"Raphael \u201cLas enormes listas de espera por patolog\u00edas oncol\u00f3gicas hacen necesario decretar alerta sanitaria por C\u00e1ncer\u201d"},"content":{"rendered":"<div class=\"flex_column av_one_full  flex_column_div av-zero-column-padding first  avia-builder-el-0  el_before_av_one_full  avia-builder-el-first  \" style='border-radius:0px; '><div  class='avia-image-container  av-styling-    avia-builder-el-1  avia-builder-el-no-sibling  avia-align-center '  itemprop=\"image\" itemscope=\"itemscope\" itemtype=\"https:\/\/schema.org\/ImageObject\"  ><div class='avia-image-container-inner'><div class='avia-image-overlay-wrap'><img decoding=\"async\" class='wp-image-29430 avia-img-lazy-loading-not-29430 avia_image' src=\"https:\/\/radiorevelacionfm.cl\/wp-content\/uploads\/2023\/03\/Diputada-MRM-1-1.jpg\" alt='' title='Diputada MRM (1) (1)' height=\"600\" width=\"901\"  itemprop=\"thumbnailUrl\" srcset=\"https:\/\/radiorevelacionfm.cl\/wp-content\/uploads\/2023\/03\/Diputada-MRM-1-1.jpg 901w, https:\/\/radiorevelacionfm.cl\/wp-content\/uploads\/2023\/03\/Diputada-MRM-1-1-300x200.jpg 300w, https:\/\/radiorevelacionfm.cl\/wp-content\/uploads\/2023\/03\/Diputada-MRM-1-1-768x511.jpg 768w, https:\/\/radiorevelacionfm.cl\/wp-content\/uploads\/2023\/03\/Diputada-MRM-1-1-705x469.jpg 705w, https:\/\/radiorevelacionfm.cl\/wp-content\/uploads\/2023\/03\/Diputada-MRM-1-1-450x300.jpg 450w, https:\/\/radiorevelacionfm.cl\/wp-content\/uploads\/2023\/03\/Diputada-MRM-1-1-600x400.jpg 600w\" sizes=\"(max-width: 901px) 100vw, 901px\" \/><\/div><\/div><\/div><\/div><div class=\"flex_column av_one_full  flex_column_div av-zero-column-padding first  avia-builder-el-2  el_after_av_one_full  el_before_av_one_full  column-top-margin\" style='border-radius:0px; '><section class=\"av_textblock_section \"  itemscope=\"itemscope\" itemtype=\"https:\/\/schema.org\/BlogPosting\" itemprop=\"blogPost\" ><div class='avia_textblock  '   itemprop=\"text\" ><p style=\"text-align: center;\"><span style=\"font-size: 18pt;\"><strong>Raphael \u201cLas enormes listas de espera por patolog\u00edas oncol\u00f3gicas hacen necesario decretar alerta sanitaria por C\u00e1ncer\u201d<\/strong><\/span><\/p>\n<div id=\"gtx-trans\" style=\"position: absolute; left: -50px; top: 4.31534px;\">\n<div class=\"gtx-trans-icon\"><\/div>\n<\/div>\n<\/div><\/section><\/div><div class=\"flex_column av_one_full  flex_column_div av-zero-column-padding first  avia-builder-el-4  el_after_av_one_full  el_before_av_hr  column-top-margin\" style='border-radius:0px; '><section class=\"av_textblock_section \"  itemscope=\"itemscope\" itemtype=\"https:\/\/schema.org\/BlogPosting\" itemprop=\"blogPost\" ><div class='avia_textblock  '   itemprop=\"text\" ><p style=\"text-align: justify;\">En el contexto del mes de la concientizaci\u00f3n del C\u00e1ncer de Mama, la Diputada Por la regi\u00f3n de Ays\u00e9n Marcia Raphael, ha expresado su preocupaci\u00f3n por las m\u00e1s de 14.000 personas que se encuentran con patolog\u00edas oncol\u00f3gicas retrasadas.<\/p>\n<p style=\"text-align: justify;\">Raphael ha valorado la decisi\u00f3n de la Comisi\u00f3n de Salud del Senado, que por decisi\u00f3n un\u00e1nime le ha solicitado al Gobierno decretar alerta sanitaria, con el fin de permitir una \u00e1gil y efectiva movilizaci\u00f3n de recursos que permitan enfrentar las enormes listas de espera que tiene en la actualidad el sistema de salud.<\/p>\n<p style=\"text-align: justify;\">\u201cEl mes de la concientizaci\u00f3n del C\u00e1ncer de Mama parte con tristes noticias. El c\u00e1ncer sigue siendo la primera causa de muerte en nuestro pa\u00eds y esto se suma a las 3.338 mujeres que se encuentran en lista de espera de garant\u00edas GES que padecen c\u00e1ncer de mama y que se encuentran esperando una atenci\u00f3n m\u00e9dica oportuna y digna\u201d se\u00f1al\u00f3 Raphael.<\/p>\n<p style=\"text-align: justify;\">Para la Diputada, estas cifras son absolutamente preocupantes, debido a que una detecci\u00f3n precoz puede hacer la diferencia para que las mujeres que padecen esta enfermedad, puedan tener un mejor diagnostico y puedan recuperarse. Por lo anterior, es que se le ha hecho un llamado de atenci\u00f3n al Gobierno con el fin de que puedan enfrentar la enorme lista de espera en patolog\u00edas oncol\u00f3gicas, incluso poniendo en duda la aprobaci\u00f3n de la partida de salud en el marco de la discusi\u00f3n del Presupuesto de la Naci\u00f3n 2024.<\/p>\n<p style=\"text-align: justify;\">\u201cLa crisis de salud que vive Chile, no solo se traduce en las enormes listas de espera oncol\u00f3gicas que afectan lamentablemente a los m\u00e1s vulnerables, sino tambi\u00e9n en los m\u00e1s de 6.000 funcionarios de salud que a ra\u00edz del fin de la alerta sanitaria ser\u00e1n desvinculados. Estos funcionarios no merecen este trato por parte del Estado de Chile, ya que recordemos que cumplieron una labor esencial en los d\u00edas m\u00e1s dif\u00edciles de la pandemia y que aportan enormemente en la atenci\u00f3n de cientos de ayseninos\u201d. Es por esto que, si no vemos se\u00f1ales claras del ejecutivo en decretar alerta sanitaria por c\u00e1ncer y si no ponen pie atr\u00e1s a la desvinculaci\u00f3n de los m\u00e1s de 6.000 funcionarios de salud, que en Ays\u00e9n cumplen labores indispensables como por ejemplo en la urgencia pedi\u00e1trica,\u00a0 rechazar\u00e9 la partida de salud. Sentenci\u00f3 Raphael.<\/p>\n<\/div><\/section><\/div><div  style='height:50px' class='hr hr-invisible   avia-builder-el-6  el_after_av_one_full  el_before_av_social_share '><span class='hr-inner ' ><span class='hr-inner-style'><\/span><\/span><\/div><\/p>\n<div  class='av-social-sharing-box  avia-builder-el-7  el_after_av_hr  el_before_av_hr  '><div class='av-share-box'><h5 class='av-share-link-description av-no-toc '>Compartir esta noticia<\/h5><ul class='av-share-box-list noLightbox'><li class='av-share-link av-social-link-facebook' ><a target=\"_blank\" aria-label=\"Compartir en Facebook\" href='https:\/\/www.facebook.com\/sharer.php?u=https:\/\/radiorevelacionfm.cl\/?p=35625&#038;t=Raphael%20%E2%80%9CLas%20enormes%20listas%20de%20espera%20por%20patolog%C3%ADas%20oncol%C3%B3gicas%20hacen%20necesario%20decretar%20alerta%20sanitaria%20por%20C%C3%A1ncer%E2%80%9D' aria-hidden='false' data-av_icon='\ue8f3' data-av_iconfont='entypo-fontello' title='' data-avia-related-tooltip='Compartir en Facebook' rel=\"noopener\"><span class='avia_hidden_link_text'>Compartir en Facebook<\/span><\/a><\/li><li class='av-share-link av-social-link-twitter' ><a target=\"_blank\" aria-label=\"Compartir en Twitter\" href='https:\/\/twitter.com\/share?text=Raphael%20%E2%80%9CLas%20enormes%20listas%20de%20espera%20por%20patolog%C3%ADas%20oncol%C3%B3gicas%20hacen%20necesario%20decretar%20alerta%20sanitaria%20por%20C%C3%A1ncer%E2%80%9D&#038;url=https:\/\/radiorevelacionfm.cl\/?p=35625' aria-hidden='false' data-av_icon='\ue8f1' data-av_iconfont='entypo-fontello' title='' data-avia-related-tooltip='Compartir en Twitter' rel=\"noopener\"><span class='avia_hidden_link_text'>Compartir en Twitter<\/span><\/a><\/li><li class='av-share-link av-social-link-whatsapp' ><a target=\"_blank\" aria-label=\"Compartir en Whatsapp\" href='https:\/\/api.whatsapp.com\/send?text=https:\/\/radiorevelacionfm.cl\/?p=35625' aria-hidden='false' data-av_icon='\uf232' data-av_iconfont='entypo-fontello' title='' data-avia-related-tooltip='Compartir en Whatsapp' rel=\"noopener\"><span class='avia_hidden_link_text'>Compartir en Whatsapp<\/span><\/a><\/li><li class='av-share-link av-social-link-linkedin' ><a target=\"_blank\" aria-label=\"Compartir en LinkedIn\" href='https:\/\/linkedin.com\/shareArticle?mini=true&#038;title=Raphael%20%E2%80%9CLas%20enormes%20listas%20de%20espera%20por%20patolog%C3%ADas%20oncol%C3%B3gicas%20hacen%20necesario%20decretar%20alerta%20sanitaria%20por%20C%C3%A1ncer%E2%80%9D&#038;url=https:\/\/radiorevelacionfm.cl\/?p=35625' aria-hidden='false' data-av_icon='\ue8fc' data-av_iconfont='entypo-fontello' title='' data-avia-related-tooltip='Compartir en LinkedIn' rel=\"noopener\"><span class='avia_hidden_link_text'>Compartir en LinkedIn<\/span><\/a><\/li><li class='av-share-link av-social-link-mail' ><a  aria-label=\"Compartir por correo\" href='mailto:?subject=Raphael%20%E2%80%9CLas%20enormes%20listas%20de%20espera%20por%20patolog%C3%ADas%20oncol%C3%B3gicas%20hacen%20necesario%20decretar%20alerta%20sanitaria%20por%20C%C3%A1ncer%E2%80%9D&#038;body=https:\/\/radiorevelacionfm.cl\/?p=35625' aria-hidden='false' data-av_icon='\ue805' data-av_iconfont='entypo-fontello' title='' data-avia-related-tooltip='Compartir por correo'><span class='avia_hidden_link_text'>Compartir por correo<\/span><\/a><\/li><\/ul><\/div><\/div>\n<div  style='height:50px' class='hr hr-invisible   avia-builder-el-8  el_after_av_social_share  el_before_av_comments_list '><span class='hr-inner ' ><span class='hr-inner-style'><\/span><\/span><\/div>\n<div  class='av-buildercomment  av-blog-meta-html-info-disabled av-blog-meta-tag-disabled  '><\/div>\n","protected":false},"excerpt":{"rendered":"","protected":false},"author":1,"featured_media":29430,"comment_status":"open","ping_status":"open","sticky":false,"template":"","format":"standard","meta":{"footnotes":""},"categories":[35],"tags":[],"class_list":["post-35625","post","type-post","status-publish","format-standard","has-post-thumbnail","hentry","category-politica"],"jetpack_featured_media_url":"https:\/\/radiorevelacionfm.cl\/wp-content\/uploads\/2023\/03\/Diputada-MRM-1-1.jpg","_links":{"self":[{"href":"https:\/\/radiorevelacionfm.cl\/index.php?rest_route=\/wp\/v2\/posts\/35625","targetHints":{"allow":["GET"]}}],"collection":[{"href":"https:\/\/radiorevelacionfm.cl\/index.php?rest_route=\/wp\/v2\/posts"}],"about":[{"href":"https:\/\/radiorevelacionfm.cl\/index.php?rest_route=\/wp\/v2\/types\/post"}],"author":[{"embeddable":true,"href":"https:\/\/radiorevelacionfm.cl\/index.php?rest_route=\/wp\/v2\/users\/1"}],"replies":[{"embeddable":true,"href":"https:\/\/radiorevelacionfm.cl\/index.php?rest_route=%2Fwp%2Fv2%2Fcomments&post=35625"}],"version-history":[{"count":1,"href":"https:\/\/radiorevelacionfm.cl\/index.php?rest_route=\/wp\/v2\/posts\/35625\/revisions"}],"predecessor-version":[{"id":35626,"href":"https:\/\/radiorevelacionfm.cl\/index.php?rest_route=\/wp\/v2\/posts\/35625\/revisions\/35626"}],"wp:featuredmedia":[{"embeddable":true,"href":"https:\/\/radiorevelacionfm.cl\/index.php?rest_route=\/wp\/v2\/media\/29430"}],"wp:attachment":[{"href":"https:\/\/radiorevelacionfm.cl\/index.php?rest_route=%2Fwp%2Fv2%2Fmedia&parent=35625"}],"wp:term":[{"taxonomy":"category","embeddable":true,"href":"https:\/\/radiorevelacionfm.cl\/index.php?rest_route=%2Fwp%2Fv2%2Fcategories&post=35625"},{"taxonomy":"post_tag","embeddable":true,"href":"https:\/\/radiorevelacionfm.cl\/index.php?rest_route=%2Fwp%2Fv2%2Ftags&post=35625"}],"curies":[{"name":"wp","href":"https:\/\/api.w.org\/{rel}","templated":true}]}}