{"id":35616,"date":"2023-10-03T21:45:43","date_gmt":"2023-10-04T00:45:43","guid":{"rendered":"https:\/\/radiorevelacionfm.cl\/?p=35616"},"modified":"2023-10-03T21:45:43","modified_gmt":"2023-10-04T00:45:43","slug":"caj-realizo-atenciones-en-caleta-tortel-para-conmemorar-el-dia-nacional-de-acceso-a-la-justicia","status":"publish","type":"post","link":"https:\/\/radiorevelacionfm.cl\/?p=35616","title":{"rendered":"CAJ realiz\u00f3 atenciones en Caleta Tortel para conmemorar el D\u00eda Nacional de Acceso a la Justicia"},"content":{"rendered":"<div class=\"flex_column av_one_full  flex_column_div av-zero-column-padding first  avia-builder-el-0  el_before_av_one_full  avia-builder-el-first  \" style='border-radius:0px; '><div  class='avia-image-container  av-styling-    avia-builder-el-1  avia-builder-el-no-sibling  avia-align-center '  itemprop=\"image\" itemscope=\"itemscope\" itemtype=\"https:\/\/schema.org\/ImageObject\"  ><div class='avia-image-container-inner'><div class='avia-image-overlay-wrap'><img decoding=\"async\" class='wp-image-35617 avia-img-lazy-loading-not-35617 avia_image' src=\"https:\/\/radiorevelacionfm.cl\/wp-content\/uploads\/2023\/10\/caj-2-1_optimized.jpg\" alt='' title='caj-2-(1)_optimized' height=\"640\" width=\"793\"  itemprop=\"thumbnailUrl\" srcset=\"https:\/\/radiorevelacionfm.cl\/wp-content\/uploads\/2023\/10\/caj-2-1_optimized.jpg 793w, https:\/\/radiorevelacionfm.cl\/wp-content\/uploads\/2023\/10\/caj-2-1_optimized-300x242.jpg 300w, https:\/\/radiorevelacionfm.cl\/wp-content\/uploads\/2023\/10\/caj-2-1_optimized-768x620.jpg 768w, https:\/\/radiorevelacionfm.cl\/wp-content\/uploads\/2023\/10\/caj-2-1_optimized-495x400.jpg 495w, https:\/\/radiorevelacionfm.cl\/wp-content\/uploads\/2023\/10\/caj-2-1_optimized-705x569.jpg 705w, https:\/\/radiorevelacionfm.cl\/wp-content\/uploads\/2023\/10\/caj-2-1_optimized-450x363.jpg 450w, https:\/\/radiorevelacionfm.cl\/wp-content\/uploads\/2023\/10\/caj-2-1_optimized-600x484.jpg 600w\" sizes=\"(max-width: 793px) 100vw, 793px\" \/><\/div><\/div><\/div><\/div><div class=\"flex_column av_one_full  flex_column_div av-zero-column-padding first  avia-builder-el-2  el_after_av_one_full  el_before_av_one_full  column-top-margin\" style='border-radius:0px; '><section class=\"av_textblock_section \"  itemscope=\"itemscope\" itemtype=\"https:\/\/schema.org\/BlogPosting\" itemprop=\"blogPost\" ><div class='avia_textblock  '   itemprop=\"text\" ><p style=\"text-align: center;\"><strong><span style=\"font-size: 18pt;\">CAJ realiz\u00f3 atenciones en Caleta Tortel para conmemorar el D\u00eda Nacional de Acceso a la Justicia<\/span><\/strong><\/p>\n<div id=\"gtx-trans\" style=\"position: absolute; left: -50px; top: 4.31534px;\">\n<div class=\"gtx-trans-icon\"><\/div>\n<\/div>\n<\/div><\/section><\/div><div class=\"flex_column av_one_full  flex_column_div av-zero-column-padding first  avia-builder-el-4  el_after_av_one_full  el_before_av_hr  column-top-margin\" style='border-radius:0px; '><section class=\"av_textblock_section \"  itemscope=\"itemscope\" itemtype=\"https:\/\/schema.org\/BlogPosting\" itemprop=\"blogPost\" ><div class='avia_textblock  '   itemprop=\"text\" ><p style=\"text-align: justify;\">Con el prop\u00f3sito de acercar los servicios a las comunas m\u00e1s apartadas de los centros urbanos, la Corporaci\u00f3n de Asistencia Judicial concret\u00f3 un masivo despliegue de sus l\u00edneas y programas especializados en Caleta Tortel, esto en el marco de la conmemoraci\u00f3n del D\u00eda Nacional de Acceso a la Justicia.<\/p>\n<p style=\"text-align: justify;\">El operativo, que se replic\u00f3 en todas las regiones del pa\u00eds, fue encabezado por el Seremi de Justicia y Derechos Humanos Samuel Navarro Castro junto a la directora Mar\u00eda Francisca Vilches G\u00e1lvez, quienes acompa\u00f1aron a las y los profesionales de la CAJ Biob\u00edo en la jornada de atenci\u00f3n jur\u00eddica y social.<\/p>\n<p style=\"text-align: justify;\">La Directora Regional (s) de la Corporaci\u00f3n de Asistencia Judicial Mar\u00eda Francisca Vilches se refiri\u00f3 al despliegue realizado a Caleta Tortel explicando que \u201cfuimos 9 funcionarios y funcionarias a la comuna de Tortel con todas nuestras l\u00edneas de atenci\u00f3n eso es consultorio jur\u00eddico, programa del Adulto Mayor, Centro de Atenci\u00f3n de V\u00edctimas, defensor\u00eda laboral, Programa Mi Abogado y la l\u00ednea de la ni\u00f1ez y la adolescencia se defienden, adem\u00e1s del abogado ejecutor del convenio que tenemos actualmente con Senadis, todos estuvimos en el sector rotonda de la comuna, dando atenci\u00f3n a los usuarios que hasta ah\u00ed llegaron, tambi\u00e9n nos desplegamos por todas las pasarelas para entregar informaci\u00f3n a los vecinos y vecinas\u201d.<\/p>\n<p style=\"text-align: justify;\">Mientras que la vecina de Caleta Tortel, Andrea Caguas se refiri\u00f3 a la actividad se\u00f1alando que \u201cme pareci\u00f3 muy buena porque somos un lugar s\u00faper apartado, donde igual cuesta salir a hacer consultas a Coyhaique y para lo que yo necesitaba me favoreci\u00f3 mucho, yo realic\u00e9 una consulta sobre posesi\u00f3n efectiva y me aclararon muchas dudas, as\u00ed que solo agradecer que hayan venido hasta ac\u00e1\u201d.<\/p>\n<p style=\"text-align: justify;\">Sobre esta iniciativa, el Seremi Samuel Navarro explic\u00f3 que \u201cfue una actividad muy participativa que congreg\u00f3 a distintos grupos de vecinos y vecinas de Tortel, comenz\u00f3 con una jornada de atenci\u00f3n de m\u00faltiples profesionales de los distintos programas y servicios que entrega la Corporaci\u00f3n de Asistencia Judicial, lo que permiti\u00f3 que distintos vecinos y vecinas fueran atendidos, orientados o resueltas algunas dudas jur\u00eddicas que ellos pudieran tener respecto a distintas materias, con posterioridad se hicieron dos actividades, una con los estudiantes de quinto a octavo b\u00e1sico de la Escuela Luis Bravo de Caleta Tortel una obra de teatro, una medida de protecci\u00f3n para caperucita roja para que los ni\u00f1os y ni\u00f1as supieran sus derechos y como ejercerlos, que fue tambi\u00e9n muy participativa por parte de los ni\u00f1os del establecimiento educacional, y en paralelo hubo una actividad dirigida a las personas mayores en la biblioteca de Tortel y donde tambi\u00e9n participaron trabajadores municipales, para que conocieran quienes conocieron lo referente con derechos de las personas mayores pero tambi\u00e9n ah\u00ed particip\u00f3 una profesional del Centro de Atenci\u00f3n de V\u00edctimas de Delitos que tambi\u00e9n le pudo entregar informaci\u00f3n referente a esas materias\u201d.<\/p>\n<p style=\"text-align: justify;\">Finalmente, destacar que a nivel nacional las Corporaciones de Asistencia Judicial tienen presencia en 329 comunas del pa\u00eds (95%), con cerca de 400 unidades operativas, cuya misi\u00f3n es proveer una atenci\u00f3n jur\u00eddica especializada y multidisciplinaria, capaz de identificar y evaluar el contexto psicosocial que rodea la necesidad o conflicto jur\u00eddico que presentan las personas.<\/p>\n<\/div><\/section><\/div><div  style='height:50px' class='hr hr-invisible   avia-builder-el-6  el_after_av_one_full  el_before_av_social_share '><span class='hr-inner ' ><span class='hr-inner-style'><\/span><\/span><\/div><\/p>\n<div  class='av-social-sharing-box  avia-builder-el-7  el_after_av_hr  el_before_av_hr  '><div class='av-share-box'><h5 class='av-share-link-description av-no-toc '>Compartir esta noticia<\/h5><ul class='av-share-box-list noLightbox'><li class='av-share-link av-social-link-facebook' ><a target=\"_blank\" aria-label=\"Compartir en Facebook\" href='https:\/\/www.facebook.com\/sharer.php?u=https:\/\/radiorevelacionfm.cl\/?p=35616&#038;t=CAJ%20realiz%C3%B3%20atenciones%20en%20Caleta%20Tortel%20para%20conmemorar%20el%20D%C3%ADa%20Nacional%20de%20Acceso%20a%20la%20Justicia' aria-hidden='false' data-av_icon='\ue8f3' data-av_iconfont='entypo-fontello' title='' data-avia-related-tooltip='Compartir en Facebook' rel=\"noopener\"><span class='avia_hidden_link_text'>Compartir en Facebook<\/span><\/a><\/li><li class='av-share-link av-social-link-twitter' ><a target=\"_blank\" aria-label=\"Compartir en Twitter\" href='https:\/\/twitter.com\/share?text=CAJ%20realiz%C3%B3%20atenciones%20en%20Caleta%20Tortel%20para%20conmemorar%20el%20D%C3%ADa%20Nacional%20de%20Acceso%20a%20la%20Justicia&#038;url=https:\/\/radiorevelacionfm.cl\/?p=35616' aria-hidden='false' data-av_icon='\ue8f1' data-av_iconfont='entypo-fontello' title='' data-avia-related-tooltip='Compartir en Twitter' rel=\"noopener\"><span class='avia_hidden_link_text'>Compartir en Twitter<\/span><\/a><\/li><li class='av-share-link av-social-link-whatsapp' ><a target=\"_blank\" aria-label=\"Compartir en Whatsapp\" href='https:\/\/api.whatsapp.com\/send?text=https:\/\/radiorevelacionfm.cl\/?p=35616' aria-hidden='false' data-av_icon='\uf232' data-av_iconfont='entypo-fontello' title='' data-avia-related-tooltip='Compartir en Whatsapp' rel=\"noopener\"><span class='avia_hidden_link_text'>Compartir en Whatsapp<\/span><\/a><\/li><li class='av-share-link av-social-link-linkedin' ><a target=\"_blank\" aria-label=\"Compartir en LinkedIn\" href='https:\/\/linkedin.com\/shareArticle?mini=true&#038;title=CAJ%20realiz%C3%B3%20atenciones%20en%20Caleta%20Tortel%20para%20conmemorar%20el%20D%C3%ADa%20Nacional%20de%20Acceso%20a%20la%20Justicia&#038;url=https:\/\/radiorevelacionfm.cl\/?p=35616' aria-hidden='false' data-av_icon='\ue8fc' data-av_iconfont='entypo-fontello' title='' data-avia-related-tooltip='Compartir en LinkedIn' rel=\"noopener\"><span class='avia_hidden_link_text'>Compartir en LinkedIn<\/span><\/a><\/li><li class='av-share-link av-social-link-mail' ><a  aria-label=\"Compartir por correo\" href='mailto:?subject=CAJ%20realiz%C3%B3%20atenciones%20en%20Caleta%20Tortel%20para%20conmemorar%20el%20D%C3%ADa%20Nacional%20de%20Acceso%20a%20la%20Justicia&#038;body=https:\/\/radiorevelacionfm.cl\/?p=35616' aria-hidden='false' data-av_icon='\ue805' data-av_iconfont='entypo-fontello' title='' data-avia-related-tooltip='Compartir por correo'><span class='avia_hidden_link_text'>Compartir por correo<\/span><\/a><\/li><\/ul><\/div><\/div>\n<div  style='height:50px' class='hr hr-invisible   avia-builder-el-8  el_after_av_social_share  el_before_av_comments_list '><span class='hr-inner ' ><span class='hr-inner-style'><\/span><\/span><\/div>\n<div  class='av-buildercomment  av-blog-meta-html-info-disabled av-blog-meta-tag-disabled  '><\/div>\n","protected":false},"excerpt":{"rendered":"","protected":false},"author":1,"featured_media":35617,"comment_status":"open","ping_status":"open","sticky":false,"template":"","format":"standard","meta":{"footnotes":""},"categories":[55],"tags":[],"class_list":["post-35616","post","type-post","status-publish","format-standard","has-post-thumbnail","hentry","category-justicia"],"jetpack_featured_media_url":"https:\/\/radiorevelacionfm.cl\/wp-content\/uploads\/2023\/10\/caj-2-1_optimized.jpg","_links":{"self":[{"href":"https:\/\/radiorevelacionfm.cl\/index.php?rest_route=\/wp\/v2\/posts\/35616","targetHints":{"allow":["GET"]}}],"collection":[{"href":"https:\/\/radiorevelacionfm.cl\/index.php?rest_route=\/wp\/v2\/posts"}],"about":[{"href":"https:\/\/radiorevelacionfm.cl\/index.php?rest_route=\/wp\/v2\/types\/post"}],"author":[{"embeddable":true,"href":"https:\/\/radiorevelacionfm.cl\/index.php?rest_route=\/wp\/v2\/users\/1"}],"replies":[{"embeddable":true,"href":"https:\/\/radiorevelacionfm.cl\/index.php?rest_route=%2Fwp%2Fv2%2Fcomments&post=35616"}],"version-history":[{"count":1,"href":"https:\/\/radiorevelacionfm.cl\/index.php?rest_route=\/wp\/v2\/posts\/35616\/revisions"}],"predecessor-version":[{"id":35618,"href":"https:\/\/radiorevelacionfm.cl\/index.php?rest_route=\/wp\/v2\/posts\/35616\/revisions\/35618"}],"wp:featuredmedia":[{"embeddable":true,"href":"https:\/\/radiorevelacionfm.cl\/index.php?rest_route=\/wp\/v2\/media\/35617"}],"wp:attachment":[{"href":"https:\/\/radiorevelacionfm.cl\/index.php?rest_route=%2Fwp%2Fv2%2Fmedia&parent=35616"}],"wp:term":[{"taxonomy":"category","embeddable":true,"href":"https:\/\/radiorevelacionfm.cl\/index.php?rest_route=%2Fwp%2Fv2%2Fcategories&post=35616"},{"taxonomy":"post_tag","embeddable":true,"href":"https:\/\/radiorevelacionfm.cl\/index.php?rest_route=%2Fwp%2Fv2%2Ftags&post=35616"}],"curies":[{"name":"wp","href":"https:\/\/api.w.org\/{rel}","templated":true}]}}