{"id":35614,"date":"2023-10-03T17:41:11","date_gmt":"2023-10-03T20:41:11","guid":{"rendered":"https:\/\/radiorevelacionfm.cl\/?p=35614"},"modified":"2023-10-03T17:41:11","modified_gmt":"2023-10-03T20:41:11","slug":"corte-confirma-prision-preventiva-de-imputados-por-homicidio-frustrado-en-puerto-cisnes","status":"publish","type":"post","link":"https:\/\/radiorevelacionfm.cl\/?p=35614","title":{"rendered":"Corte confirma prisi\u00f3n preventiva de imputados por homicidio frustrado en Puerto Cisnes"},"content":{"rendered":"<div class=\"flex_column av_one_full  flex_column_div av-zero-column-padding first  avia-builder-el-0  el_before_av_one_full  avia-builder-el-first  \" style='border-radius:0px; '><div  class='avia-image-container  av-styling-    avia-builder-el-1  avia-builder-el-no-sibling  avia-align-center '  itemprop=\"image\" itemscope=\"itemscope\" itemtype=\"https:\/\/schema.org\/ImageObject\"  ><div class='avia-image-container-inner'><div class='avia-image-overlay-wrap'><img decoding=\"async\" class='wp-image-6281 avia-img-lazy-loading-not-6281 avia_image' src=\"https:\/\/radiorevelacionfm.cl\/wp-content\/uploads\/2021\/07\/Foto-02-Corte-Coyhaique-1-1.jpg\" alt='' title='Foto 02 Corte Coyhaique (1) (1)' height=\"600\" width=\"900\"  itemprop=\"thumbnailUrl\" srcset=\"https:\/\/radiorevelacionfm.cl\/wp-content\/uploads\/2021\/07\/Foto-02-Corte-Coyhaique-1-1.jpg 900w, https:\/\/radiorevelacionfm.cl\/wp-content\/uploads\/2021\/07\/Foto-02-Corte-Coyhaique-1-1-300x200.jpg 300w, https:\/\/radiorevelacionfm.cl\/wp-content\/uploads\/2021\/07\/Foto-02-Corte-Coyhaique-1-1-768x512.jpg 768w, https:\/\/radiorevelacionfm.cl\/wp-content\/uploads\/2021\/07\/Foto-02-Corte-Coyhaique-1-1-705x470.jpg 705w, https:\/\/radiorevelacionfm.cl\/wp-content\/uploads\/2021\/07\/Foto-02-Corte-Coyhaique-1-1-600x400.jpg 600w\" sizes=\"(max-width: 900px) 100vw, 900px\" \/><\/div><\/div><\/div><\/div><div class=\"flex_column av_one_full  flex_column_div av-zero-column-padding first  avia-builder-el-2  el_after_av_one_full  el_before_av_one_full  column-top-margin\" style='border-radius:0px; '><section class=\"av_textblock_section \"  itemscope=\"itemscope\" itemtype=\"https:\/\/schema.org\/BlogPosting\" itemprop=\"blogPost\" ><div class='avia_textblock  '   itemprop=\"text\" ><p style=\"text-align: center;\"><strong><span style=\"font-size: 18pt;\">Corte confirma prisi\u00f3n preventiva de imputados por homicidio frustrado en Puerto Cisnes<\/span><\/strong><\/p>\n<div id=\"gtx-trans\" style=\"position: absolute; left: -50px; top: 4.31534px;\">\n<div class=\"gtx-trans-icon\"><\/div>\n<\/div>\n<\/div><\/section><\/div><div class=\"flex_column av_one_full  flex_column_div av-zero-column-padding first  avia-builder-el-4  el_after_av_one_full  el_before_av_hr  column-top-margin\" style='border-radius:0px; '><section class=\"av_textblock_section \"  itemscope=\"itemscope\" itemtype=\"https:\/\/schema.org\/BlogPosting\" itemprop=\"blogPost\" ><div class='avia_textblock  '   itemprop=\"text\" ><p class=\"v1MsoNormal\" style=\"text-align: justify;\">La Corte de Coyhaique rechaz\u00f3 hoy \u2013martes 3 de octubre\u2013 el recurso de apelaci\u00f3n presentado por las defensas y confirm\u00f3 la resoluci\u00f3n que dej\u00f3 en prisi\u00f3n preventiva a R.A.B.A., A.E.L.O., N.F.P.P., y la internaci\u00f3n provisoria del menor L.J.L.O., imputados por el Ministerio P\u00fablico como autores del delito de homicidio calificado en grado de frustrado. Il\u00edcito perpetrado el pasado 22 de septiembre, en el sector sendero Dos Lagunas, de la comuna.<\/p>\n<p class=\"v1MsoNormal\" style=\"text-align: justify;\">En fallo un\u00e1nime (causa rol 266 y 267-2023), la Primera Sala del tribunal de alzada \u2013integrada por los ministros Jos\u00e9 Ignacio Mora,\u00a0 Luis Aedo y Natalia Rencoret\u2013 confirm\u00f3 la resoluci\u00f3n apelada, dictada por el Juzgado de Garant\u00eda de Puerto Cisnes, al compartir que la libertad de los imputados constituye un peligro para la seguridad de la sociedad.<\/p>\n<p class=\"v1MsoNormal\" style=\"text-align: justify;\">\u00abAtendido el m\u00e9rito de los autos que se conocen; alegaciones de los intervinientes; considerando que, con los antecedentes hasta ahora reunidos se encuentra justificada la existencia del delito por el cual se ha formalizado a los imputados, conforme a la din\u00e1mica descrita por el Ministerio P\u00fablico, concurriendo, adem\u00e1s, elementos informativos que permiten, en este estadio procesal, presumir fundadamente la participaci\u00f3n de \u00e9stos en \u00e9l y, estim\u00e1ndose que su libertad constituye un peligro para la seguridad de la sociedad y de la v\u00edctima, atendida la gravedad de la pena asignada al il\u00edcito formalizado, su forma comisiva, la circunstancia de haber actuado en grupo o pandilla, la naturaleza y car\u00e1cter del delito, y considerando lo dispuesto en los art\u00edculos 122, 139, 140 y 370, del C\u00f3digo Procesal Penal, y art\u00edculo 32 de la Ley 20.084, SE CONFIRMA la resoluci\u00f3n apelada de fecha 26 de septiembre de 2023, dictada por el Juzgado de Letras y Garant\u00eda de Puerto Cisnes, en cuanto por ella se impuso la medida cautelar de prisi\u00f3n preventiva e internaci\u00f3n provisoria solicitada por el Ministerio P\u00fablico respecto de los encartados R.A.B.A., A.E.L.O., N.F.P.P. y del adolescente de iniciales L. J. L. O., respectivamente\u00bb, consigna el fallo.<\/p>\n<p class=\"v1MsoNormal\" style=\"text-align: justify;\">Seg\u00fan el ente persecutor, Seg\u00fan el ente persecutor, en la ma\u00f1ana del d\u00eda 22 de septiembre de 2023, los imputados R.A.B.A., A.E.L.O., N.F.P.P. y el menor L.J.L.O., se planificaron y organizaron para darle muerte a la v\u00edctima F.L.M.S., para lo cual lo contactan y mediante enga\u00f1o, uno de ellos le pide reunirse con \u00e9l en un lugar determinado.<\/p>\n<p class=\"v1MsoNormal\" style=\"text-align: justify;\">En momentos posteriores, la v\u00edctima lleg\u00f3 hasta el lugar previamente convenido, creyendo en que las intenciones de R.A.B.A. eran reales. Hasta ese lugar, llegaron los imputados A.E.L.O., N.F.P.P. y L.J.L.O., instante en que los cuatro imputados se abalanzaron sobre la v\u00edctima, y con la intenci\u00f3n de darle muerte, lo agredieron con un objeto contundente en la cabeza, aturdi\u00e9ndolo, y una vez que \u00e9ste estuvo en el suelo, comenzaron a propinarle golpes con objetos contundentes y golpes de pies y pu\u00f1o en distintas partes de su cuerpo, procediendo en ese momento a esposar a la v\u00edctima, juntando sus manos por detr\u00e1s de la espalda y colocando en sus mu\u00f1ecas unas esposas met\u00e1licas. Mientras la v\u00edctima se encontraba completamente indefensa, y actuando los imputados sobreseguro, continuaron golpe\u00e1ndolo durante alrededor de 15 minutos, especialmente en su cabeza, aumentando deliberadamente el dolor causado a la v\u00edctima con esta forma comisiva, todo ello mientras el imputado R.A.B.A. grababa la golpiza con su tel\u00e9fono celular.<\/p>\n<p class=\"v1MsoNormal\" style=\"text-align: justify;\">Continuaron tomando a la v\u00edctima entre todos, haciendo que esta se arrodillara y amenaz\u00e1ndolo de muerte, mientras le dec\u00edan que lo matar\u00edan a \u00e9l y a su familia si es que abr\u00eda la boca, manteniendo la agresi\u00f3n hasta que la v\u00edctima perdi\u00f3 la conciencia, y en la creencia de lo hab\u00edan golpeado lo suficiente para lograr su muerte, los imputados lo dejaron abandonado en el sitio eriazo en que se encontraba.<\/p>\n<\/div><\/section><\/div><div  style='height:50px' class='hr hr-invisible   avia-builder-el-6  el_after_av_one_full  el_before_av_social_share '><span class='hr-inner ' ><span class='hr-inner-style'><\/span><\/span><\/div><\/p>\n<div  class='av-social-sharing-box  avia-builder-el-7  el_after_av_hr  el_before_av_hr  '><div class='av-share-box'><h5 class='av-share-link-description av-no-toc '>Compartir esta noticia<\/h5><ul class='av-share-box-list noLightbox'><li class='av-share-link av-social-link-facebook' ><a target=\"_blank\" aria-label=\"Compartir en Facebook\" href='https:\/\/www.facebook.com\/sharer.php?u=https:\/\/radiorevelacionfm.cl\/?p=35614&#038;t=Corte%20confirma%20prisi%C3%B3n%20preventiva%20de%20imputados%20por%20homicidio%20frustrado%20en%20Puerto%20Cisnes' aria-hidden='false' data-av_icon='\ue8f3' data-av_iconfont='entypo-fontello' title='' data-avia-related-tooltip='Compartir en Facebook' rel=\"noopener\"><span class='avia_hidden_link_text'>Compartir en Facebook<\/span><\/a><\/li><li class='av-share-link av-social-link-twitter' ><a target=\"_blank\" aria-label=\"Compartir en Twitter\" href='https:\/\/twitter.com\/share?text=Corte%20confirma%20prisi%C3%B3n%20preventiva%20de%20imputados%20por%20homicidio%20frustrado%20en%20Puerto%20Cisnes&#038;url=https:\/\/radiorevelacionfm.cl\/?p=35614' aria-hidden='false' data-av_icon='\ue8f1' data-av_iconfont='entypo-fontello' title='' data-avia-related-tooltip='Compartir en Twitter' rel=\"noopener\"><span class='avia_hidden_link_text'>Compartir en Twitter<\/span><\/a><\/li><li class='av-share-link av-social-link-whatsapp' ><a target=\"_blank\" aria-label=\"Compartir en Whatsapp\" href='https:\/\/api.whatsapp.com\/send?text=https:\/\/radiorevelacionfm.cl\/?p=35614' aria-hidden='false' data-av_icon='\uf232' data-av_iconfont='entypo-fontello' title='' data-avia-related-tooltip='Compartir en Whatsapp' rel=\"noopener\"><span class='avia_hidden_link_text'>Compartir en Whatsapp<\/span><\/a><\/li><li class='av-share-link av-social-link-linkedin' ><a target=\"_blank\" aria-label=\"Compartir en LinkedIn\" href='https:\/\/linkedin.com\/shareArticle?mini=true&#038;title=Corte%20confirma%20prisi%C3%B3n%20preventiva%20de%20imputados%20por%20homicidio%20frustrado%20en%20Puerto%20Cisnes&#038;url=https:\/\/radiorevelacionfm.cl\/?p=35614' aria-hidden='false' data-av_icon='\ue8fc' data-av_iconfont='entypo-fontello' title='' data-avia-related-tooltip='Compartir en LinkedIn' rel=\"noopener\"><span class='avia_hidden_link_text'>Compartir en LinkedIn<\/span><\/a><\/li><li class='av-share-link av-social-link-mail' ><a  aria-label=\"Compartir por correo\" href='mailto:?subject=Corte%20confirma%20prisi%C3%B3n%20preventiva%20de%20imputados%20por%20homicidio%20frustrado%20en%20Puerto%20Cisnes&#038;body=https:\/\/radiorevelacionfm.cl\/?p=35614' aria-hidden='false' data-av_icon='\ue805' data-av_iconfont='entypo-fontello' title='' data-avia-related-tooltip='Compartir por correo'><span class='avia_hidden_link_text'>Compartir por correo<\/span><\/a><\/li><\/ul><\/div><\/div>\n<div  style='height:50px' class='hr hr-invisible   avia-builder-el-8  el_after_av_social_share  el_before_av_comments_list '><span class='hr-inner ' ><span class='hr-inner-style'><\/span><\/span><\/div>\n<div  class='av-buildercomment  av-blog-meta-html-info-disabled av-blog-meta-tag-disabled  '><\/div>\n","protected":false},"excerpt":{"rendered":"","protected":false},"author":1,"featured_media":6281,"comment_status":"open","ping_status":"open","sticky":false,"template":"","format":"standard","meta":{"footnotes":""},"categories":[55],"tags":[],"class_list":["post-35614","post","type-post","status-publish","format-standard","has-post-thumbnail","hentry","category-justicia"],"jetpack_featured_media_url":"https:\/\/radiorevelacionfm.cl\/wp-content\/uploads\/2021\/07\/Foto-02-Corte-Coyhaique-1-1.jpg","_links":{"self":[{"href":"https:\/\/radiorevelacionfm.cl\/index.php?rest_route=\/wp\/v2\/posts\/35614","targetHints":{"allow":["GET"]}}],"collection":[{"href":"https:\/\/radiorevelacionfm.cl\/index.php?rest_route=\/wp\/v2\/posts"}],"about":[{"href":"https:\/\/radiorevelacionfm.cl\/index.php?rest_route=\/wp\/v2\/types\/post"}],"author":[{"embeddable":true,"href":"https:\/\/radiorevelacionfm.cl\/index.php?rest_route=\/wp\/v2\/users\/1"}],"replies":[{"embeddable":true,"href":"https:\/\/radiorevelacionfm.cl\/index.php?rest_route=%2Fwp%2Fv2%2Fcomments&post=35614"}],"version-history":[{"count":1,"href":"https:\/\/radiorevelacionfm.cl\/index.php?rest_route=\/wp\/v2\/posts\/35614\/revisions"}],"predecessor-version":[{"id":35615,"href":"https:\/\/radiorevelacionfm.cl\/index.php?rest_route=\/wp\/v2\/posts\/35614\/revisions\/35615"}],"wp:featuredmedia":[{"embeddable":true,"href":"https:\/\/radiorevelacionfm.cl\/index.php?rest_route=\/wp\/v2\/media\/6281"}],"wp:attachment":[{"href":"https:\/\/radiorevelacionfm.cl\/index.php?rest_route=%2Fwp%2Fv2%2Fmedia&parent=35614"}],"wp:term":[{"taxonomy":"category","embeddable":true,"href":"https:\/\/radiorevelacionfm.cl\/index.php?rest_route=%2Fwp%2Fv2%2Fcategories&post=35614"},{"taxonomy":"post_tag","embeddable":true,"href":"https:\/\/radiorevelacionfm.cl\/index.php?rest_route=%2Fwp%2Fv2%2Ftags&post=35614"}],"curies":[{"name":"wp","href":"https:\/\/api.w.org\/{rel}","templated":true}]}}