{"id":35611,"date":"2023-10-03T17:22:30","date_gmt":"2023-10-03T20:22:30","guid":{"rendered":"https:\/\/radiorevelacionfm.cl\/?p=35611"},"modified":"2023-10-03T17:22:30","modified_gmt":"2023-10-03T20:22:30","slug":"5a-edicion-del-festival-confluencia-llega-al-centro-cultural-coyhaique","status":"publish","type":"post","link":"https:\/\/radiorevelacionfm.cl\/?p=35611","title":{"rendered":"5\u00aa edici\u00f3n del Festival Confluencia llega al Centro Cultural Coyhaique"},"content":{"rendered":"<div class=\"flex_column av_one_full  flex_column_div av-zero-column-padding first  avia-builder-el-0  el_before_av_one_full  avia-builder-el-first  \" style='border-radius:0px; '><div  class='avia-image-container  av-styling-    avia-builder-el-1  avia-builder-el-no-sibling  avia-align-center '  itemprop=\"image\" itemscope=\"itemscope\" itemtype=\"https:\/\/schema.org\/ImageObject\"  ><div class='avia-image-container-inner'><div class='avia-image-overlay-wrap'><img decoding=\"async\" class='wp-image-35612 avia-img-lazy-loading-not-35612 avia_image' src=\"https:\/\/radiorevelacionfm.cl\/wp-content\/uploads\/2023\/10\/confluencia-FEED-General-1-1.jpg\" alt='' title='confluencia-FEED-General (1) (1)' height=\"600\" width=\"600\"  itemprop=\"thumbnailUrl\" srcset=\"https:\/\/radiorevelacionfm.cl\/wp-content\/uploads\/2023\/10\/confluencia-FEED-General-1-1.jpg 600w, https:\/\/radiorevelacionfm.cl\/wp-content\/uploads\/2023\/10\/confluencia-FEED-General-1-1-300x300.jpg 300w, https:\/\/radiorevelacionfm.cl\/wp-content\/uploads\/2023\/10\/confluencia-FEED-General-1-1-80x80.jpg 80w, https:\/\/radiorevelacionfm.cl\/wp-content\/uploads\/2023\/10\/confluencia-FEED-General-1-1-36x36.jpg 36w, https:\/\/radiorevelacionfm.cl\/wp-content\/uploads\/2023\/10\/confluencia-FEED-General-1-1-180x180.jpg 180w, https:\/\/radiorevelacionfm.cl\/wp-content\/uploads\/2023\/10\/confluencia-FEED-General-1-1-120x120.jpg 120w, https:\/\/radiorevelacionfm.cl\/wp-content\/uploads\/2023\/10\/confluencia-FEED-General-1-1-450x450.jpg 450w, https:\/\/radiorevelacionfm.cl\/wp-content\/uploads\/2023\/10\/confluencia-FEED-General-1-1-100x100.jpg 100w\" sizes=\"(max-width: 600px) 100vw, 600px\" \/><\/div><\/div><\/div><\/div><div class=\"flex_column av_one_full  flex_column_div av-zero-column-padding first  avia-builder-el-2  el_after_av_one_full  el_before_av_one_full  column-top-margin\" style='border-radius:0px; '><section class=\"av_textblock_section \"  itemscope=\"itemscope\" itemtype=\"https:\/\/schema.org\/BlogPosting\" itemprop=\"blogPost\" ><div class='avia_textblock  '   itemprop=\"text\" ><p style=\"text-align: center;\"><span style=\"font-size: 18pt;\"><b>5\u00aa edici\u00f3n del Festival Confluencia llega al Centro Cultural Coyhaique<\/b><\/span><\/p>\n<div id=\"gtx-trans\" style=\"position: absolute; left: -50px; top: 4.31534px;\">\n<div class=\"gtx-trans-icon\"><\/div>\n<\/div>\n<\/div><\/section><\/div><div class=\"flex_column av_one_full  flex_column_div av-zero-column-padding first  avia-builder-el-4  el_after_av_one_full  el_before_av_hr  column-top-margin\" style='border-radius:0px; '><section class=\"av_textblock_section \"  itemscope=\"itemscope\" itemtype=\"https:\/\/schema.org\/BlogPosting\" itemprop=\"blogPost\" ><div class='avia_textblock  '   itemprop=\"text\" ><p style=\"text-align: justify;\">El escenario del Centro Cultural Coyhaique ya tiene todo listo y dispuesto para el desembarco del 5\u00ba Festival Confluencia 2023 este s\u00e1bado 7 de octubre a partir de las 16 horas. 10 bandas y solistas regionales estar\u00e1n en escena durante 5 horas de m\u00fasica en vivo, jornada que a trav\u00e9s de un jurado decidir\u00e1 a la o el representante de la Regi\u00f3n de Ays\u00e9n en el 19\u00ba Festival Nacional Rock\u00f3dromo 2023, que se realizar\u00e1 entre el 30 de noviembre y el 3 de diciembre en el Parque Alejo Barrios de Valpara\u00edso.<\/p>\n<p style=\"text-align: justify;\">Como parte de las celebraciones del Mes de la M\u00fasica, el trabajo de\u00a0la Red de Festivales, Escuelas de Rock y la Seremi de Culturas Ays\u00e9n reunir\u00e1 diez nombres regionales:\u00a0<a id=\"m_-8897421774804374358OWA001a8870-3eb2-3234-1d01-abdda5998631\" href=\"https:\/\/open.spotify.com\/artist\/6pavhVEXoXJhgPThQh0SVs?si=PDI6V2y6RJaqD-nrv9GPDQ\" target=\"_blank\" rel=\"noopener\" data-saferedirecturl=\"https:\/\/www.google.com\/url?q=https:\/\/open.spotify.com\/artist\/6pavhVEXoXJhgPThQh0SVs?si%3DPDI6V2y6RJaqD-nrv9GPDQ&amp;source=gmail&amp;ust=1696449905885000&amp;usg=AOvVaw3jqkUfigzxhqvHIbVGM5sX\">Allchik<\/a>,\u00a0<a id=\"m_-8897421774804374358OWA1b8f8d14-40ff-4026-1064-ad3cd002652e\" href=\"https:\/\/open.spotify.com\/artist\/2ZC5dGvbeN2DEy2T0mIhKR?si=b9f4mcCGRWaVsjTex9wAFw\" target=\"_blank\" rel=\"noopener\" data-saferedirecturl=\"https:\/\/www.google.com\/url?q=https:\/\/open.spotify.com\/artist\/2ZC5dGvbeN2DEy2T0mIhKR?si%3Db9f4mcCGRWaVsjTex9wAFw&amp;source=gmail&amp;ust=1696449905885000&amp;usg=AOvVaw0QygY1W45SzVxvA5hL8b0f\">Celeste Anacletxx<\/a>,\u00a0<a id=\"m_-8897421774804374358OWAa18d7cfc-a863-321c-e901-5d09fd0c515f\" href=\"https:\/\/open.spotify.com\/artist\/4byAG93rqKjdKeODwkHM81\" target=\"_blank\" rel=\"noopener\" data-saferedirecturl=\"https:\/\/www.google.com\/url?q=https:\/\/open.spotify.com\/artist\/4byAG93rqKjdKeODwkHM81&amp;source=gmail&amp;ust=1696449905885000&amp;usg=AOvVaw17EDYgMgbl3D171uyliHBY\">Fernando Pro-sa<\/a>,\u00a0<a id=\"m_-8897421774804374358OWA0fb06637-8708-8bd5-29ea-6f95e48f83a5\" href=\"https:\/\/open.spotify.com\/artist\/7qLMTcLvp5W1hpzDYXwnw2?si=77WN69QqSseRL4MLld1emg\" target=\"_blank\" rel=\"noopener\" data-saferedirecturl=\"https:\/\/www.google.com\/url?q=https:\/\/open.spotify.com\/artist\/7qLMTcLvp5W1hpzDYXwnw2?si%3D77WN69QqSseRL4MLld1emg&amp;source=gmail&amp;ust=1696449905885000&amp;usg=AOvVaw3CG130jPVU2UTeVcviTRLE\">Jorge Fortune<\/a>,\u00a0Artemisa Tr\u00edo,\u00a0<a id=\"m_-8897421774804374358OWA900005f4-e968-5a20-4e6e-ef9b82ca8131\" href=\"https:\/\/open.spotify.com\/artist\/7g92LGnVmuEAUywjb7Lvb1?si=ppz00dC4RCmgCApjpwuo1w\" target=\"_blank\" rel=\"noopener\" data-saferedirecturl=\"https:\/\/www.google.com\/url?q=https:\/\/open.spotify.com\/artist\/7g92LGnVmuEAUywjb7Lvb1?si%3Dppz00dC4RCmgCApjpwuo1w&amp;source=gmail&amp;ust=1696449905885000&amp;usg=AOvVaw3ArLLb0n7gPcEfIqkP4xc8\">Luciano Auad<\/a>,\u00a0<a id=\"m_-8897421774804374358OWA228a1a0d-f913-923f-ff55-38ca4e3ea504\" href=\"https:\/\/open.spotify.com\/artist\/3XXguaOkedoH3wjCQqERa2?si=1b880c89e99a4493\" target=\"_blank\" rel=\"noopener\" data-saferedirecturl=\"https:\/\/www.google.com\/url?q=https:\/\/open.spotify.com\/artist\/3XXguaOkedoH3wjCQqERa2?si%3D1b880c89e99a4493&amp;source=gmail&amp;ust=1696449905885000&amp;usg=AOvVaw1OlLXMDkIljYsEW-Py2FiN\">Naara Andariega<\/a>,\u00a0<a id=\"m_-8897421774804374358OWAb98da8e1-a564-b411-4c2e-42167c95a93e\" href=\"https:\/\/open.spotify.com\/artist\/75ktnxEOJMiDtT1M4SeF3A?si=zmtYUOD2TK6CtgMXhwbPmw\" target=\"_blank\" rel=\"noopener\" data-saferedirecturl=\"https:\/\/www.google.com\/url?q=https:\/\/open.spotify.com\/artist\/75ktnxEOJMiDtT1M4SeF3A?si%3DzmtYUOD2TK6CtgMXhwbPmw&amp;source=gmail&amp;ust=1696449905885000&amp;usg=AOvVaw2p6keLSLEaoywEaSltukA8\">Rast\u00e1dos<\/a>,\u00a0<a id=\"m_-8897421774804374358OWAeaa07048-f448-68d6-29c5-4cd190f1957b\" href=\"https:\/\/open.spotify.com\/artist\/77tMHp9kL1NwkYb85yH04N?si=xgEqOr0QQgS0QKh6bUz_mA\" target=\"_blank\" rel=\"noopener\" data-saferedirecturl=\"https:\/\/www.google.com\/url?q=https:\/\/open.spotify.com\/artist\/77tMHp9kL1NwkYb85yH04N?si%3DxgEqOr0QQgS0QKh6bUz_mA&amp;source=gmail&amp;ust=1696449905885000&amp;usg=AOvVaw1wlbZC3KaMZ0ZRVAu33GN9\">Savir Quintana<\/a>\u00a0y\u00a0<a id=\"m_-8897421774804374358OWAe450c164-bdab-7f4b-82c4-aa5b54b8319e\" href=\"https:\/\/open.spotify.com\/artist\/09PJjorGNaDKQ1bxMttryL?si=bOn4LDaAQVGT1RXKdNefnA\" target=\"_blank\" rel=\"noopener\" data-saferedirecturl=\"https:\/\/www.google.com\/url?q=https:\/\/open.spotify.com\/artist\/09PJjorGNaDKQ1bxMttryL?si%3DbOn4LDaAQVGT1RXKdNefnA&amp;source=gmail&amp;ust=1696449905885000&amp;usg=AOvVaw2apuyHqAtJjtrOwDIyxkIF\">SoulBlack Gen<\/a>.\u00a0Todos formaron parte de los procesos formativos telem\u00e1ticos que dictaron las Escuelas de Rock en Ays\u00e9n, programa de Ministerio de las Culturas, las Artes y el Patrimonio.<\/p>\n<p style=\"text-align: justify;\">El director de Escuelas de Rock y M\u00fasica Popular, Cristi\u00e1n Z\u00fa\u00f1iga, explica que \u201cesto viene a consolidar una instancia que ya est\u00e1 ganando un hombre dentro de esta regi\u00f3n, especialmente para la difusi\u00f3n de elencos y solistas regionales. Quiero destacar que la Regi\u00f3n de Ays\u00e9n habitualmente sorprende con la gran calidad musical y con muy buenos embajadores y embajadoras que han venido a Rock\u00f3dromo desde esa regi\u00f3n, por lo que no me cabe duda que esta nueva versi\u00f3n de Confluencia en el Centro Cultural de Coyhaique tambi\u00e9n ser\u00e1 una buena oportunidad para ir confirmando y sorprendi\u00e9ndonos con los nuevos sonidos de esta zona del pa\u00eds\u201d.<\/p>\n<p style=\"text-align: justify;\">El seremi de Culturas Ays\u00e9n, Felipe Quiroz, invit\u00f3 a la comunidad coyhaiquina a participar de \u201cvarias horas de m\u00fasica en vivo continuadas; se trata de una gran oportunidad paras escuchar sonidos locales de muy buena calidad, con todo el peso que le da el trabajo formativo de Escuelas de Rock. Quiero destacar que durante este Mes de la M\u00fasica habr\u00e1 novedades en los otros territorios que iremos informando oportunamente para que todos y todos podamos celebrar la m\u00fasica chilena. Estamos en un permanente ejercicio de relevar la cultura, pues es parte del mandato presidencial de nuestro Gobierno y qu\u00e9 mejor que hacerlo en este importante d\u00eda\u201d.<\/p>\n<p style=\"text-align: justify;\">Las entradas de Confluencia 2023 se pueden retirar desde las 15 horas de este mi\u00e9rcoles 4 de octubre en las oficinas de la Seremi de Culturas Ays\u00e9n, 21 de mayo 574 Coyhaique.<\/p>\n<\/div><\/section><\/div><div  style='height:50px' class='hr hr-invisible   avia-builder-el-6  el_after_av_one_full  el_before_av_social_share '><span class='hr-inner ' ><span class='hr-inner-style'><\/span><\/span><\/div><\/p>\n<div  class='av-social-sharing-box  avia-builder-el-7  el_after_av_hr  el_before_av_hr  '><div class='av-share-box'><h5 class='av-share-link-description av-no-toc '>Compartir esta noticia<\/h5><ul class='av-share-box-list noLightbox'><li class='av-share-link av-social-link-facebook' ><a target=\"_blank\" aria-label=\"Compartir en Facebook\" href='https:\/\/www.facebook.com\/sharer.php?u=https:\/\/radiorevelacionfm.cl\/?p=35611&#038;t=5%C2%AA%20edici%C3%B3n%20del%20Festival%20Confluencia%20llega%20al%20Centro%20Cultural%20Coyhaique' aria-hidden='false' data-av_icon='\ue8f3' data-av_iconfont='entypo-fontello' title='' data-avia-related-tooltip='Compartir en Facebook' rel=\"noopener\"><span class='avia_hidden_link_text'>Compartir en Facebook<\/span><\/a><\/li><li class='av-share-link av-social-link-twitter' ><a target=\"_blank\" aria-label=\"Compartir en Twitter\" href='https:\/\/twitter.com\/share?text=5%C2%AA%20edici%C3%B3n%20del%20Festival%20Confluencia%20llega%20al%20Centro%20Cultural%20Coyhaique&#038;url=https:\/\/radiorevelacionfm.cl\/?p=35611' aria-hidden='false' data-av_icon='\ue8f1' data-av_iconfont='entypo-fontello' title='' data-avia-related-tooltip='Compartir en Twitter' rel=\"noopener\"><span class='avia_hidden_link_text'>Compartir en Twitter<\/span><\/a><\/li><li class='av-share-link av-social-link-whatsapp' ><a target=\"_blank\" aria-label=\"Compartir en Whatsapp\" href='https:\/\/api.whatsapp.com\/send?text=https:\/\/radiorevelacionfm.cl\/?p=35611' aria-hidden='false' data-av_icon='\uf232' data-av_iconfont='entypo-fontello' title='' data-avia-related-tooltip='Compartir en Whatsapp' rel=\"noopener\"><span class='avia_hidden_link_text'>Compartir en Whatsapp<\/span><\/a><\/li><li class='av-share-link av-social-link-linkedin' ><a target=\"_blank\" aria-label=\"Compartir en LinkedIn\" href='https:\/\/linkedin.com\/shareArticle?mini=true&#038;title=5%C2%AA%20edici%C3%B3n%20del%20Festival%20Confluencia%20llega%20al%20Centro%20Cultural%20Coyhaique&#038;url=https:\/\/radiorevelacionfm.cl\/?p=35611' aria-hidden='false' data-av_icon='\ue8fc' data-av_iconfont='entypo-fontello' title='' data-avia-related-tooltip='Compartir en LinkedIn' rel=\"noopener\"><span class='avia_hidden_link_text'>Compartir en LinkedIn<\/span><\/a><\/li><li class='av-share-link av-social-link-mail' ><a  aria-label=\"Compartir por correo\" href='mailto:?subject=5%C2%AA%20edici%C3%B3n%20del%20Festival%20Confluencia%20llega%20al%20Centro%20Cultural%20Coyhaique&#038;body=https:\/\/radiorevelacionfm.cl\/?p=35611' aria-hidden='false' data-av_icon='\ue805' data-av_iconfont='entypo-fontello' title='' data-avia-related-tooltip='Compartir por correo'><span class='avia_hidden_link_text'>Compartir por correo<\/span><\/a><\/li><\/ul><\/div><\/div>\n<div  style='height:50px' class='hr hr-invisible   avia-builder-el-8  el_after_av_social_share  el_before_av_comments_list '><span class='hr-inner ' ><span class='hr-inner-style'><\/span><\/span><\/div>\n<div  class='av-buildercomment  av-blog-meta-html-info-disabled av-blog-meta-tag-disabled  '><\/div>\n","protected":false},"excerpt":{"rendered":"","protected":false},"author":1,"featured_media":35612,"comment_status":"open","ping_status":"open","sticky":false,"template":"","format":"standard","meta":{"footnotes":""},"categories":[52],"tags":[],"class_list":["post-35611","post","type-post","status-publish","format-standard","has-post-thumbnail","hentry","category-cultura"],"jetpack_featured_media_url":"https:\/\/radiorevelacionfm.cl\/wp-content\/uploads\/2023\/10\/confluencia-FEED-General-1-1.jpg","_links":{"self":[{"href":"https:\/\/radiorevelacionfm.cl\/index.php?rest_route=\/wp\/v2\/posts\/35611","targetHints":{"allow":["GET"]}}],"collection":[{"href":"https:\/\/radiorevelacionfm.cl\/index.php?rest_route=\/wp\/v2\/posts"}],"about":[{"href":"https:\/\/radiorevelacionfm.cl\/index.php?rest_route=\/wp\/v2\/types\/post"}],"author":[{"embeddable":true,"href":"https:\/\/radiorevelacionfm.cl\/index.php?rest_route=\/wp\/v2\/users\/1"}],"replies":[{"embeddable":true,"href":"https:\/\/radiorevelacionfm.cl\/index.php?rest_route=%2Fwp%2Fv2%2Fcomments&post=35611"}],"version-history":[{"count":1,"href":"https:\/\/radiorevelacionfm.cl\/index.php?rest_route=\/wp\/v2\/posts\/35611\/revisions"}],"predecessor-version":[{"id":35613,"href":"https:\/\/radiorevelacionfm.cl\/index.php?rest_route=\/wp\/v2\/posts\/35611\/revisions\/35613"}],"wp:featuredmedia":[{"embeddable":true,"href":"https:\/\/radiorevelacionfm.cl\/index.php?rest_route=\/wp\/v2\/media\/35612"}],"wp:attachment":[{"href":"https:\/\/radiorevelacionfm.cl\/index.php?rest_route=%2Fwp%2Fv2%2Fmedia&parent=35611"}],"wp:term":[{"taxonomy":"category","embeddable":true,"href":"https:\/\/radiorevelacionfm.cl\/index.php?rest_route=%2Fwp%2Fv2%2Fcategories&post=35611"},{"taxonomy":"post_tag","embeddable":true,"href":"https:\/\/radiorevelacionfm.cl\/index.php?rest_route=%2Fwp%2Fv2%2Ftags&post=35611"}],"curies":[{"name":"wp","href":"https:\/\/api.w.org\/{rel}","templated":true}]}}