{"id":35609,"date":"2023-10-05T18:57:05","date_gmt":"2023-10-05T21:57:05","guid":{"rendered":"https:\/\/radiorevelacionfm.cl\/?p=35609"},"modified":"2023-10-05T18:57:05","modified_gmt":"2023-10-05T21:57:05","slug":"finaliza-periodo-de-gestion-de-episodios-criticos-en-coyhaique","status":"publish","type":"post","link":"https:\/\/radiorevelacionfm.cl\/?p=35609","title":{"rendered":"Finaliza periodo de Gesti\u00f3n de Episodios Cr\u00edticos en Coyhaique"},"content":{"rendered":"<div class=\"flex_column av_one_full  flex_column_div av-zero-column-padding first  avia-builder-el-0  el_before_av_one_full  avia-builder-el-first  \" style='border-radius:0px; '><div  class='avia-image-container  av-styling-    avia-builder-el-1  avia-builder-el-no-sibling  avia-align-center '  itemprop=\"image\" itemscope=\"itemscope\" itemtype=\"https:\/\/schema.org\/ImageObject\"  ><div class='avia-image-container-inner'><div class='avia-image-overlay-wrap'><img decoding=\"async\" class='wp-image-35166 avia-img-lazy-loading-not-35166 avia_image' src=\"https:\/\/radiorevelacionfm.cl\/wp-content\/uploads\/2023\/09\/Estacion-Monitoreo-Pto-Aysen-1-1.jpg\" alt='' title='Estaci\u00f3n Monitoreo Pto Ays\u00e9n (1) (1)' height=\"600\" width=\"1067\"  itemprop=\"thumbnailUrl\" srcset=\"https:\/\/radiorevelacionfm.cl\/wp-content\/uploads\/2023\/09\/Estacion-Monitoreo-Pto-Aysen-1-1.jpg 1067w, https:\/\/radiorevelacionfm.cl\/wp-content\/uploads\/2023\/09\/Estacion-Monitoreo-Pto-Aysen-1-1-300x169.jpg 300w, https:\/\/radiorevelacionfm.cl\/wp-content\/uploads\/2023\/09\/Estacion-Monitoreo-Pto-Aysen-1-1-1030x579.jpg 1030w, https:\/\/radiorevelacionfm.cl\/wp-content\/uploads\/2023\/09\/Estacion-Monitoreo-Pto-Aysen-1-1-768x432.jpg 768w, https:\/\/radiorevelacionfm.cl\/wp-content\/uploads\/2023\/09\/Estacion-Monitoreo-Pto-Aysen-1-1-705x396.jpg 705w, https:\/\/radiorevelacionfm.cl\/wp-content\/uploads\/2023\/09\/Estacion-Monitoreo-Pto-Aysen-1-1-450x253.jpg 450w, https:\/\/radiorevelacionfm.cl\/wp-content\/uploads\/2023\/09\/Estacion-Monitoreo-Pto-Aysen-1-1-600x337.jpg 600w\" sizes=\"(max-width: 1067px) 100vw, 1067px\" \/><\/div><\/div><\/div><\/div><div class=\"flex_column av_one_full  flex_column_div av-zero-column-padding first  avia-builder-el-2  el_after_av_one_full  el_before_av_one_full  column-top-margin\" style='border-radius:0px; '><section class=\"av_textblock_section \"  itemscope=\"itemscope\" itemtype=\"https:\/\/schema.org\/BlogPosting\" itemprop=\"blogPost\" ><div class='avia_textblock  '   itemprop=\"text\" ><p style=\"text-align: center;\"><span style=\"font-size: 18pt;\"><strong>Finaliza periodo de Gesti\u00f3n de Episodios Cr\u00edticos en Coyhaique<\/strong><\/span><\/p>\n<div id=\"gtx-trans\" style=\"position: absolute; left: -50px; top: 4.31534px;\">\n<div class=\"gtx-trans-icon\"><\/div>\n<\/div>\n<\/div><\/section><\/div><div class=\"flex_column av_one_full  flex_column_div av-zero-column-padding first  avia-builder-el-4  el_after_av_one_full  el_before_av_hr  column-top-margin\" style='border-radius:0px; '><section class=\"av_textblock_section \"  itemscope=\"itemscope\" itemtype=\"https:\/\/schema.org\/BlogPosting\" itemprop=\"blogPost\" ><div class='avia_textblock  '   itemprop=\"text\" ><p style=\"text-align: justify;\">Este 30 de septiembre concluy\u00f3 la Gesti\u00f3n de Episodios Cr\u00edticos GEC en la ciudad de Coyhaique, periodo de 6 meses que se extiende desde abril hasta septiembre y que considera la temporada oto\u00f1o invierno de cada a\u00f1o; momento en que se experimentan las temperaturas m\u00e1s bajas y por tanto tambi\u00e9n el aumento del uso de calefacci\u00f3n domiciliaria, especialmente mediante la quema de le\u00f1a, cuyo uso con altos niveles de humedad constituye la principal fuente de contaminaci\u00f3n de la zona saturada de Coyhaique<\/p>\n<p style=\"text-align: justify;\">Seg\u00fan indica el reporte del a\u00f1o 2023, durante este periodo GEC, se registraron un total de 74 episodios cr\u00edticos constatados, un 16% m\u00e1s que el periodo 2022. Los episodios cr\u00edticos constatados se desglosan en 23 alertas, 32 preemergencias y 19 episodios de emergencia; respecto de estos \u00faltimos, se registra una disminuci\u00f3n de un 14% respecto del a\u00f1o anterior y una disminuci\u00f3n sostenida desde el inicio del Plan de Descontaminaci\u00f3n en 2016 de un 70%, momento en que se registraban 63 de los episodios de mayor concentraci\u00f3n de contaminantes.<\/p>\n<p style=\"text-align: justify;\">\u201cLas medidas en su conjunto est\u00e1n dando resultados, de esto nos habla la mirada hist\u00f3rica hacia el inicio de la aplicaci\u00f3n del PDA, que constata una disminuci\u00f3n de m\u00e1s de un 40% en el total de episodios, sin duda hay mucho m\u00e1s que reforzar a\u00fan, es por eso que se avecina un proceso de evaluaci\u00f3n a nuestro Plan de Descontaminaci\u00f3n Atmosf\u00e9rica, donde podremos mejorar nuestras acciones y activar los aprendizajes que nos ha dejado esta estrategia de largo plazo\u201d, asegur\u00f3 el SEREMI del Medio Ambiente, Yoal D\u00edaz<\/p>\n<p style=\"text-align: justify;\"><strong>Condiciones meteorol\u00f3gicas<\/strong><\/p>\n<p style=\"text-align: justify;\">En el marco del convenio de colaboraci\u00f3n que existe entre la Universidad de Ays\u00e9n, el Centro de Investigaci\u00f3n de Ecosistemas de la Patagonia CIEP y la SEREMI del Medio Ambiente, el Laboratorio Ecoclim\u00e1tico de CIEP realiz\u00f3 el\u00a0 informe \u201cUna mirada a la Gesti\u00f3n de Episodios Cr\u00edticos (GEC) en Coyhaique y su relaci\u00f3n con la Meteorolog\u00eda\u201d, donde una de sus principales conclusiones es que la mayor frecuencia de episodios se registra en un estrecho rango de 0\u00b0C a 5\u00b0C en temperatura y de 0 a 0.5 m\/s en magnitud de viento. Dichas condiciones atmosf\u00e9ricas limitan la dispersi\u00f3n de contaminantes, creando un entorno favorable para el incremento en la concentraci\u00f3n de part\u00edculas perjudiciales en el aire, como el material particulado MP2.5. As\u00ed, el estudio indica que las Alertas ocurren en promedio a una temperatura de 4\u00b0C, mientras que las Preemergencias y Emergencias lo hacen a una temperatura de 3\u00b0C y 2\u00b0C respectivamente.<\/p>\n<p style=\"text-align: justify;\">Otro de los hallazgos importantes dentro del an\u00e1lisis son las horas en el a\u00f1o con condiciones meteorol\u00f3gicas que favorecen la ocurrencia de episodios de contaminaci\u00f3n atmosf\u00e9rica. En este sentido, esa cantidad de horas han ido aumentando con el paso de los a\u00f1os, es decir cada a\u00f1o existen m\u00e1s horas de fr\u00edo y baja velocidad de viento \u201cla cantidad de horas con condiciones favorables para la contaminaci\u00f3n ha ido en aumento durante los \u00faltimos a\u00f1os. Este hallazgo es notable, ya que contradice la tendencia de disminuci\u00f3n de los episodios cr\u00edticos, lo cual sugiere una gesti\u00f3n ambiental efectiva por parte de las autoridades durante los \u00faltimos a\u00f1os, a pesar de esta tendencia adversa\u201d, concluye el informe del Laboratorio Ecoclim\u00e1tico de CIEP.<\/p>\n<p style=\"text-align: justify;\">\u201cCon este an\u00e1lisis detallado de la informaci\u00f3n que generan las estaciones de monitoreo de calidad del aire de Coyhaique y que realizan profesionales expertos del CIEP, estamos seguros de que las medidas que se implementan en el marco del Plan de Descontaminaci\u00f3n Atmosf\u00e9rica de Coyhaique han tenido un efecto positivo, aun cuando, las condiciones meteorol\u00f3gicas, que sabemos var\u00edan cada a\u00f1o, tienen una tendencia que no nos favorece desde el punto de vista de mejorar la calidad del aire\u201d, declar\u00f3 el SEREMI del Medio Ambiente, Yoal D\u00edaz<\/p>\n<p style=\"text-align: justify;\"><strong>Fiscalizaci\u00f3n<\/strong><\/p>\n<p style=\"text-align: justify;\">En t\u00e9rminos de fiscalizaci\u00f3n, es labor de la Superintendencia del Medio Ambiente SMA, verificar el cumplimiento de la prohibici\u00f3n del uso de artefactos a le\u00f1a en establecimientos p\u00fablicos, municipales y comercio local, medida que ha tenido un \u00e9xito rotundo seg\u00fan se informa desde la Superintendencia ya que durante este periodo no se constataron incumplimientos.<\/p>\n<p style=\"text-align: justify;\">As\u00ed tambi\u00e9n, durante el periodo GEC, es responsabilidad de la SEREMI de Salud, la fiscalizaci\u00f3n de las restricciones en la zona saturada activadas durante episodios de emergencia, pre emergencia y alerta, para lo que desde la SEREMI de Salud reportan que durante el periodo GEC 2023 se registraron seis sumarios sanitarios.<\/p>\n<p style=\"text-align: justify;\">Finalmente el SEREMI del Medio Ambiente reforz\u00f3 el llamado a la ciudadan\u00eda a seguir adhiriendo las medidas contenidas en el PDA, postulando a los subsidios de envolvente t\u00e9rmica, sum\u00e1ndose al pr\u00f3ximo llamado al recambio de calefactores planificado para el tercer trimestre de este a\u00f1o, pero tambi\u00e9n a tomar acciones preventivas \u201cvienen los meses m\u00e1s c\u00e1lidos y nos dan la oportunidad de avanzar y prepararnos para el pr\u00f3ximo invierno, para realizar mejoras en nuestros hogares, realizar mantenciones a nuestros artefactos de calefacci\u00f3n, todo suma en este compromiso que debemos abordar entre todos y todas\u201d, concluy\u00f3 el SEREMI del Medio Ambiente.<\/p>\n<\/div><\/section><\/div><div  style='height:50px' class='hr hr-invisible   avia-builder-el-6  el_after_av_one_full  el_before_av_social_share '><span class='hr-inner ' ><span class='hr-inner-style'><\/span><\/span><\/div><\/p>\n<div  class='av-social-sharing-box  avia-builder-el-7  el_after_av_hr  el_before_av_hr  '><div class='av-share-box'><h5 class='av-share-link-description av-no-toc '>Compartir esta noticia<\/h5><ul class='av-share-box-list noLightbox'><li class='av-share-link av-social-link-facebook' ><a target=\"_blank\" aria-label=\"Compartir en Facebook\" href='https:\/\/www.facebook.com\/sharer.php?u=https:\/\/radiorevelacionfm.cl\/?p=35609&#038;t=Finaliza%20periodo%20de%20Gesti%C3%B3n%20de%20Episodios%20Cr%C3%ADticos%20en%20Coyhaique' aria-hidden='false' data-av_icon='\ue8f3' data-av_iconfont='entypo-fontello' title='' data-avia-related-tooltip='Compartir en Facebook' rel=\"noopener\"><span class='avia_hidden_link_text'>Compartir en Facebook<\/span><\/a><\/li><li class='av-share-link av-social-link-twitter' ><a target=\"_blank\" aria-label=\"Compartir en Twitter\" href='https:\/\/twitter.com\/share?text=Finaliza%20periodo%20de%20Gesti%C3%B3n%20de%20Episodios%20Cr%C3%ADticos%20en%20Coyhaique&#038;url=https:\/\/radiorevelacionfm.cl\/?p=35609' aria-hidden='false' data-av_icon='\ue8f1' data-av_iconfont='entypo-fontello' title='' data-avia-related-tooltip='Compartir en Twitter' rel=\"noopener\"><span class='avia_hidden_link_text'>Compartir en Twitter<\/span><\/a><\/li><li class='av-share-link av-social-link-whatsapp' ><a target=\"_blank\" aria-label=\"Compartir en Whatsapp\" href='https:\/\/api.whatsapp.com\/send?text=https:\/\/radiorevelacionfm.cl\/?p=35609' aria-hidden='false' data-av_icon='\uf232' data-av_iconfont='entypo-fontello' title='' data-avia-related-tooltip='Compartir en Whatsapp' rel=\"noopener\"><span class='avia_hidden_link_text'>Compartir en Whatsapp<\/span><\/a><\/li><li class='av-share-link av-social-link-linkedin' ><a target=\"_blank\" aria-label=\"Compartir en LinkedIn\" href='https:\/\/linkedin.com\/shareArticle?mini=true&#038;title=Finaliza%20periodo%20de%20Gesti%C3%B3n%20de%20Episodios%20Cr%C3%ADticos%20en%20Coyhaique&#038;url=https:\/\/radiorevelacionfm.cl\/?p=35609' aria-hidden='false' data-av_icon='\ue8fc' data-av_iconfont='entypo-fontello' title='' data-avia-related-tooltip='Compartir en LinkedIn' rel=\"noopener\"><span class='avia_hidden_link_text'>Compartir en LinkedIn<\/span><\/a><\/li><li class='av-share-link av-social-link-mail' ><a  aria-label=\"Compartir por correo\" href='mailto:?subject=Finaliza%20periodo%20de%20Gesti%C3%B3n%20de%20Episodios%20Cr%C3%ADticos%20en%20Coyhaique&#038;body=https:\/\/radiorevelacionfm.cl\/?p=35609' aria-hidden='false' data-av_icon='\ue805' data-av_iconfont='entypo-fontello' title='' data-avia-related-tooltip='Compartir por correo'><span class='avia_hidden_link_text'>Compartir por correo<\/span><\/a><\/li><\/ul><\/div><\/div>\n<div  style='height:50px' class='hr hr-invisible   avia-builder-el-8  el_after_av_social_share  el_before_av_comments_list '><span class='hr-inner ' ><span class='hr-inner-style'><\/span><\/span><\/div>\n<div  class='av-buildercomment  av-blog-meta-html-info-disabled av-blog-meta-tag-disabled  '><\/div>\n","protected":false},"excerpt":{"rendered":"","protected":false},"author":1,"featured_media":35166,"comment_status":"open","ping_status":"open","sticky":false,"template":"","format":"standard","meta":{"footnotes":""},"categories":[39],"tags":[],"class_list":["post-35609","post","type-post","status-publish","format-standard","has-post-thumbnail","hentry","category-medio-ambiente"],"jetpack_featured_media_url":"https:\/\/radiorevelacionfm.cl\/wp-content\/uploads\/2023\/09\/Estacion-Monitoreo-Pto-Aysen-1-1.jpg","_links":{"self":[{"href":"https:\/\/radiorevelacionfm.cl\/index.php?rest_route=\/wp\/v2\/posts\/35609","targetHints":{"allow":["GET"]}}],"collection":[{"href":"https:\/\/radiorevelacionfm.cl\/index.php?rest_route=\/wp\/v2\/posts"}],"about":[{"href":"https:\/\/radiorevelacionfm.cl\/index.php?rest_route=\/wp\/v2\/types\/post"}],"author":[{"embeddable":true,"href":"https:\/\/radiorevelacionfm.cl\/index.php?rest_route=\/wp\/v2\/users\/1"}],"replies":[{"embeddable":true,"href":"https:\/\/radiorevelacionfm.cl\/index.php?rest_route=%2Fwp%2Fv2%2Fcomments&post=35609"}],"version-history":[{"count":1,"href":"https:\/\/radiorevelacionfm.cl\/index.php?rest_route=\/wp\/v2\/posts\/35609\/revisions"}],"predecessor-version":[{"id":35610,"href":"https:\/\/radiorevelacionfm.cl\/index.php?rest_route=\/wp\/v2\/posts\/35609\/revisions\/35610"}],"wp:featuredmedia":[{"embeddable":true,"href":"https:\/\/radiorevelacionfm.cl\/index.php?rest_route=\/wp\/v2\/media\/35166"}],"wp:attachment":[{"href":"https:\/\/radiorevelacionfm.cl\/index.php?rest_route=%2Fwp%2Fv2%2Fmedia&parent=35609"}],"wp:term":[{"taxonomy":"category","embeddable":true,"href":"https:\/\/radiorevelacionfm.cl\/index.php?rest_route=%2Fwp%2Fv2%2Fcategories&post=35609"},{"taxonomy":"post_tag","embeddable":true,"href":"https:\/\/radiorevelacionfm.cl\/index.php?rest_route=%2Fwp%2Fv2%2Ftags&post=35609"}],"curies":[{"name":"wp","href":"https:\/\/api.w.org\/{rel}","templated":true}]}}