{"id":35587,"date":"2023-10-03T11:26:22","date_gmt":"2023-10-03T14:26:22","guid":{"rendered":"https:\/\/radiorevelacionfm.cl\/?p=35587"},"modified":"2023-10-03T11:26:22","modified_gmt":"2023-10-03T14:26:22","slug":"corfo-presenta-innovador-programa-para-fortalecer-la-adaptacion-de-paisajes-y-destinos-turisticos-ante-el-cambio-climatico","status":"publish","type":"post","link":"https:\/\/radiorevelacionfm.cl\/?p=35587","title":{"rendered":"Corfo presenta innovador programa para fortalecer la adaptaci\u00f3n de paisajes y destinos tur\u00edsticos ante el cambio clim\u00e1tico"},"content":{"rendered":"<div class=\"flex_column av_one_full  flex_column_div av-zero-column-padding first  avia-builder-el-0  el_before_av_one_full  avia-builder-el-first  \" style='border-radius:0px; '><div  class='avia-image-container  av-styling-    avia-builder-el-1  avia-builder-el-no-sibling  avia-align-center '  itemprop=\"image\" itemscope=\"itemscope\" itemtype=\"https:\/\/schema.org\/ImageObject\"  ><div class='avia-image-container-inner'><div class='avia-image-overlay-wrap'><img decoding=\"async\" class='wp-image-35588 avia-img-lazy-loading-not-35588 avia_image' src=\"https:\/\/radiorevelacionfm.cl\/wp-content\/uploads\/2023\/10\/231003-carretera-austral-sernatur-2880x1520-1_optimized-1.jpg\" alt='' title='231003-carretera-austral-sernatur-2880x1520-(1)_optimized (1)' height=\"600\" width=\"1137\"  itemprop=\"thumbnailUrl\" srcset=\"https:\/\/radiorevelacionfm.cl\/wp-content\/uploads\/2023\/10\/231003-carretera-austral-sernatur-2880x1520-1_optimized-1.jpg 1137w, https:\/\/radiorevelacionfm.cl\/wp-content\/uploads\/2023\/10\/231003-carretera-austral-sernatur-2880x1520-1_optimized-1-300x158.jpg 300w, https:\/\/radiorevelacionfm.cl\/wp-content\/uploads\/2023\/10\/231003-carretera-austral-sernatur-2880x1520-1_optimized-1-1030x544.jpg 1030w, https:\/\/radiorevelacionfm.cl\/wp-content\/uploads\/2023\/10\/231003-carretera-austral-sernatur-2880x1520-1_optimized-1-768x405.jpg 768w, https:\/\/radiorevelacionfm.cl\/wp-content\/uploads\/2023\/10\/231003-carretera-austral-sernatur-2880x1520-1_optimized-1-710x375.jpg 710w, https:\/\/radiorevelacionfm.cl\/wp-content\/uploads\/2023\/10\/231003-carretera-austral-sernatur-2880x1520-1_optimized-1-705x372.jpg 705w, https:\/\/radiorevelacionfm.cl\/wp-content\/uploads\/2023\/10\/231003-carretera-austral-sernatur-2880x1520-1_optimized-1-450x237.jpg 450w, https:\/\/radiorevelacionfm.cl\/wp-content\/uploads\/2023\/10\/231003-carretera-austral-sernatur-2880x1520-1_optimized-1-600x317.jpg 600w\" sizes=\"(max-width: 1137px) 100vw, 1137px\" \/><\/div><\/div><\/div><\/div><div class=\"flex_column av_one_full  flex_column_div av-zero-column-padding first  avia-builder-el-2  el_after_av_one_full  el_before_av_one_full  column-top-margin\" style='border-radius:0px; '><section class=\"av_textblock_section \"  itemscope=\"itemscope\" itemtype=\"https:\/\/schema.org\/BlogPosting\" itemprop=\"blogPost\" ><div class='avia_textblock  '   itemprop=\"text\" ><p style=\"text-align: center;\"><span style=\"font-size: 18pt;\"><b>Corfo presenta innovador programa para fortalecer la adaptaci\u00f3n de paisajes y destinos tur\u00edsticos ante el cambio clim\u00e1tico<\/b><\/span><\/p>\n<div id=\"gtx-trans\" style=\"position: absolute; left: -50px; top: 4.31534px;\">\n<div class=\"gtx-trans-icon\"><\/div>\n<\/div>\n<\/div><\/section><\/div><div class=\"flex_column av_one_full  flex_column_div av-zero-column-padding first  avia-builder-el-4  el_after_av_one_full  el_before_av_hr  column-top-margin\" style='border-radius:0px; '><section class=\"av_textblock_section \"  itemscope=\"itemscope\" itemtype=\"https:\/\/schema.org\/BlogPosting\" itemprop=\"blogPost\" ><div class='avia_textblock  '   itemprop=\"text\" ><p style=\"text-align: justify;\">Corfo aprob\u00f3 un nuevo Programa Tecnol\u00f3gico para mitigar y acelerar la adaptaci\u00f3n de los efectos del cambio clim\u00e1tico, y contribuir a la productividad del sector tur\u00edstico. La iniciativa \u201cADAPT-Acci\u00f3n, acciones para el desarrollo adaptativo de paisajes, territorios y atractivos tur\u00edsticos\u201d considera un conjunto de medidas que ser\u00e1n ejecutadas en un periodo de 3,5 a\u00f1os, con un presupuesto de m\u00e1s de $1.100 millones.<\/p>\n<p style=\"text-align: justify;\">Humberto Mar\u00edn Leiva, director de Corfo Ays\u00e9n, detall\u00f3 los alcances del programa. \u201cLa comunidad local en nuestra regi\u00f3n experimenta tanto los beneficios econ\u00f3micos del turismo como los desaf\u00edos de la saturaci\u00f3n del destino, lo que provoca cambios en sus estilos de vida y acceso a servicios esenciales. Los resultados de este programa nos brindar\u00e1n la oportunidad de mejorar la calidad de vida de la comunidad local, garantizando un desarrollo econ\u00f3mico sostenible y equitativo. Adem\u00e1s, permitir\u00e1n preservar los recursos naturales y culturales de la regi\u00f3n, asegurando que futuras generaciones tambi\u00e9n puedan disfrutar de estos atractivos. Tambi\u00e9n se espera que el programa ayude a gestionar de manera m\u00e1s eficiente el flujo de turistas y a mitigar los impactos negativos del turismo en la comunidad\u201d.<\/p>\n<p style=\"text-align: justify;\">El programa fue adjudicado por la Pontificia Universidad Cat\u00f3lica junto a la Universidad San Sebasti\u00e1n, Universidad de Los Lagos, Innovaci\u00f3n Society SpA, Rut\u00e9nica SpA, Sistema Austral de Servicios CVX, Amercanda Ltda. y la Agencia de Comunicaciones Comun\u00edcate.\u00a0 Adem\u00e1s, participan como entidades asociadas, el Gobierno Regional de Los Lagos y los privados AWA y Lodge Petrohue.<\/p>\n<p style=\"text-align: justify;\">\u201cADAPT-Acci\u00f3n\u00bb se organiza en distintas l\u00edneas que buscan contribuir de manera integrada al fortalecimiento del sector y tambi\u00e9n de los destinos tur\u00edsticos, a trav\u00e9s de proyectos habilitantes para el desarrollo del territorio, como capacitaci\u00f3n a los municipios, herramientas de planificaci\u00f3n y gesti\u00f3n del destino. Tambi\u00e9n se implementar\u00e1n plataformas de datos que buscan apoyar tanto al sector privado en la toma de decisiones de inversi\u00f3n como al sector p\u00fablico\u201d, explic\u00f3 la directora del proyecto, Ximena Arizaga.<\/p>\n<p style=\"text-align: justify;\"><strong>GESTI\u00d3N DE TURISMO<\/strong><\/p>\n<p style=\"text-align: justify;\">Al finalizar el programa se esperan resultados de alto impacto en torno a los sistemas de drenaje, infraestructura verde para luchar contra las islas de calor, tecnolog\u00edas pasivas para mitigar la contaminaci\u00f3n de fuentes difusas en zonas lacustres\u00a0y para el tratamiento de aguas grises en hoteles y alojamientos tur\u00edsticos.<\/p>\n<p style=\"text-align: justify;\">La propuesta tambi\u00e9n incorpora el apoyo a la gesti\u00f3n del turismo en los municipios como la creaci\u00f3n de un software para la gesti\u00f3n de la capacidad de carga, especialmente de residuos s\u00f3lidos domiciliarios de vivienda, educaci\u00f3n y otros, y una propuesta de empaquetamiento y\/o programa para el escalamiento de las soluciones de agua potable y tratamiento de aguas servidas.<\/p>\n<\/div><\/section><\/div><div  style='height:50px' class='hr hr-invisible   avia-builder-el-6  el_after_av_one_full  el_before_av_social_share '><span class='hr-inner ' ><span class='hr-inner-style'><\/span><\/span><\/div><\/p>\n<div  class='av-social-sharing-box  avia-builder-el-7  el_after_av_hr  el_before_av_hr  '><div class='av-share-box'><h5 class='av-share-link-description av-no-toc '>Compartir esta noticia<\/h5><ul class='av-share-box-list noLightbox'><li class='av-share-link av-social-link-facebook' ><a target=\"_blank\" aria-label=\"Compartir en Facebook\" href='https:\/\/www.facebook.com\/sharer.php?u=https:\/\/radiorevelacionfm.cl\/?p=35587&#038;t=Corfo%20presenta%20innovador%20programa%20para%20fortalecer%20la%20adaptaci%C3%B3n%20de%20paisajes%20y%20destinos%20tur%C3%ADsticos%20ante%20el%20cambio%20clim%C3%A1tico' aria-hidden='false' data-av_icon='\ue8f3' data-av_iconfont='entypo-fontello' title='' data-avia-related-tooltip='Compartir en Facebook' rel=\"noopener\"><span class='avia_hidden_link_text'>Compartir en Facebook<\/span><\/a><\/li><li class='av-share-link av-social-link-twitter' ><a target=\"_blank\" aria-label=\"Compartir en Twitter\" href='https:\/\/twitter.com\/share?text=Corfo%20presenta%20innovador%20programa%20para%20fortalecer%20la%20adaptaci%C3%B3n%20de%20paisajes%20y%20destinos%20tur%C3%ADsticos%20ante%20el%20cambio%20clim%C3%A1tico&#038;url=https:\/\/radiorevelacionfm.cl\/?p=35587' aria-hidden='false' data-av_icon='\ue8f1' data-av_iconfont='entypo-fontello' title='' data-avia-related-tooltip='Compartir en Twitter' rel=\"noopener\"><span class='avia_hidden_link_text'>Compartir en Twitter<\/span><\/a><\/li><li class='av-share-link av-social-link-whatsapp' ><a target=\"_blank\" aria-label=\"Compartir en Whatsapp\" href='https:\/\/api.whatsapp.com\/send?text=https:\/\/radiorevelacionfm.cl\/?p=35587' aria-hidden='false' data-av_icon='\uf232' data-av_iconfont='entypo-fontello' title='' data-avia-related-tooltip='Compartir en Whatsapp' rel=\"noopener\"><span class='avia_hidden_link_text'>Compartir en Whatsapp<\/span><\/a><\/li><li class='av-share-link av-social-link-linkedin' ><a target=\"_blank\" aria-label=\"Compartir en LinkedIn\" href='https:\/\/linkedin.com\/shareArticle?mini=true&#038;title=Corfo%20presenta%20innovador%20programa%20para%20fortalecer%20la%20adaptaci%C3%B3n%20de%20paisajes%20y%20destinos%20tur%C3%ADsticos%20ante%20el%20cambio%20clim%C3%A1tico&#038;url=https:\/\/radiorevelacionfm.cl\/?p=35587' aria-hidden='false' data-av_icon='\ue8fc' data-av_iconfont='entypo-fontello' title='' data-avia-related-tooltip='Compartir en LinkedIn' rel=\"noopener\"><span class='avia_hidden_link_text'>Compartir en LinkedIn<\/span><\/a><\/li><li class='av-share-link av-social-link-mail' ><a  aria-label=\"Compartir por correo\" href='mailto:?subject=Corfo%20presenta%20innovador%20programa%20para%20fortalecer%20la%20adaptaci%C3%B3n%20de%20paisajes%20y%20destinos%20tur%C3%ADsticos%20ante%20el%20cambio%20clim%C3%A1tico&#038;body=https:\/\/radiorevelacionfm.cl\/?p=35587' aria-hidden='false' data-av_icon='\ue805' data-av_iconfont='entypo-fontello' title='' data-avia-related-tooltip='Compartir por correo'><span class='avia_hidden_link_text'>Compartir por correo<\/span><\/a><\/li><\/ul><\/div><\/div>\n<div  style='height:50px' class='hr hr-invisible   avia-builder-el-8  el_after_av_social_share  el_before_av_comments_list '><span class='hr-inner ' ><span class='hr-inner-style'><\/span><\/span><\/div>\n<div  class='av-buildercomment  av-blog-meta-html-info-disabled av-blog-meta-tag-disabled  '><\/div>\n","protected":false},"excerpt":{"rendered":"","protected":false},"author":1,"featured_media":35588,"comment_status":"open","ping_status":"open","sticky":false,"template":"","format":"standard","meta":{"footnotes":""},"categories":[54],"tags":[],"class_list":["post-35587","post","type-post","status-publish","format-standard","has-post-thumbnail","hentry","category-turismo"],"jetpack_featured_media_url":"https:\/\/radiorevelacionfm.cl\/wp-content\/uploads\/2023\/10\/231003-carretera-austral-sernatur-2880x1520-1_optimized-1.jpg","_links":{"self":[{"href":"https:\/\/radiorevelacionfm.cl\/index.php?rest_route=\/wp\/v2\/posts\/35587","targetHints":{"allow":["GET"]}}],"collection":[{"href":"https:\/\/radiorevelacionfm.cl\/index.php?rest_route=\/wp\/v2\/posts"}],"about":[{"href":"https:\/\/radiorevelacionfm.cl\/index.php?rest_route=\/wp\/v2\/types\/post"}],"author":[{"embeddable":true,"href":"https:\/\/radiorevelacionfm.cl\/index.php?rest_route=\/wp\/v2\/users\/1"}],"replies":[{"embeddable":true,"href":"https:\/\/radiorevelacionfm.cl\/index.php?rest_route=%2Fwp%2Fv2%2Fcomments&post=35587"}],"version-history":[{"count":1,"href":"https:\/\/radiorevelacionfm.cl\/index.php?rest_route=\/wp\/v2\/posts\/35587\/revisions"}],"predecessor-version":[{"id":35589,"href":"https:\/\/radiorevelacionfm.cl\/index.php?rest_route=\/wp\/v2\/posts\/35587\/revisions\/35589"}],"wp:featuredmedia":[{"embeddable":true,"href":"https:\/\/radiorevelacionfm.cl\/index.php?rest_route=\/wp\/v2\/media\/35588"}],"wp:attachment":[{"href":"https:\/\/radiorevelacionfm.cl\/index.php?rest_route=%2Fwp%2Fv2%2Fmedia&parent=35587"}],"wp:term":[{"taxonomy":"category","embeddable":true,"href":"https:\/\/radiorevelacionfm.cl\/index.php?rest_route=%2Fwp%2Fv2%2Fcategories&post=35587"},{"taxonomy":"post_tag","embeddable":true,"href":"https:\/\/radiorevelacionfm.cl\/index.php?rest_route=%2Fwp%2Fv2%2Ftags&post=35587"}],"curies":[{"name":"wp","href":"https:\/\/api.w.org\/{rel}","templated":true}]}}