{"id":35583,"date":"2023-10-03T10:05:19","date_gmt":"2023-10-03T13:05:19","guid":{"rendered":"https:\/\/radiorevelacionfm.cl\/?p=35583"},"modified":"2023-10-03T10:05:19","modified_gmt":"2023-10-03T13:05:19","slug":"piden-a-carabineros-ceder-terreno-para-la-construccion-de-viviendas-de-comite-de-villa-ohiggins","status":"publish","type":"post","link":"https:\/\/radiorevelacionfm.cl\/?p=35583","title":{"rendered":"Piden a Carabineros ceder terreno para la construcci\u00f3n de viviendas de comit\u00e9 de Villa O\u00b4Higgins"},"content":{"rendered":"<div class=\"flex_column av_one_full  flex_column_div av-zero-column-padding first  avia-builder-el-0  el_before_av_one_full  avia-builder-el-first  \" style='border-radius:0px; '><div  class='avia-image-container  av-styling-    avia-builder-el-1  avia-builder-el-no-sibling  avia-align-center '  itemprop=\"image\" itemscope=\"itemscope\" itemtype=\"https:\/\/schema.org\/ImageObject\"  ><div class='avia-image-container-inner'><div class='avia-image-overlay-wrap'><img decoding=\"async\" class='wp-image-35584 avia-img-lazy-loading-not-35584 avia_image' src=\"https:\/\/radiorevelacionfm.cl\/wp-content\/uploads\/2023\/10\/FOTO-REU-CARABINEROS-2-1-1.jpeg\" alt='' title='FOTO REU CARABINEROS 2 (1) (1)' height=\"600\" width=\"796\"  itemprop=\"thumbnailUrl\" srcset=\"https:\/\/radiorevelacionfm.cl\/wp-content\/uploads\/2023\/10\/FOTO-REU-CARABINEROS-2-1-1.jpeg 796w, https:\/\/radiorevelacionfm.cl\/wp-content\/uploads\/2023\/10\/FOTO-REU-CARABINEROS-2-1-1-300x226.jpeg 300w, https:\/\/radiorevelacionfm.cl\/wp-content\/uploads\/2023\/10\/FOTO-REU-CARABINEROS-2-1-1-768x579.jpeg 768w, https:\/\/radiorevelacionfm.cl\/wp-content\/uploads\/2023\/10\/FOTO-REU-CARABINEROS-2-1-1-705x531.jpeg 705w, https:\/\/radiorevelacionfm.cl\/wp-content\/uploads\/2023\/10\/FOTO-REU-CARABINEROS-2-1-1-450x339.jpeg 450w, https:\/\/radiorevelacionfm.cl\/wp-content\/uploads\/2023\/10\/FOTO-REU-CARABINEROS-2-1-1-600x452.jpeg 600w\" sizes=\"(max-width: 796px) 100vw, 796px\" \/><\/div><\/div><\/div><\/div><div class=\"flex_column av_one_full  flex_column_div av-zero-column-padding first  avia-builder-el-2  el_after_av_one_full  el_before_av_one_full  column-top-margin\" style='border-radius:0px; '><section class=\"av_textblock_section \"  itemscope=\"itemscope\" itemtype=\"https:\/\/schema.org\/BlogPosting\" itemprop=\"blogPost\" ><div class='avia_textblock  '   itemprop=\"text\" ><p style=\"text-align: center;\"><strong><span style=\"font-size: 18pt;\">Piden a Carabineros ceder terreno para la construcci\u00f3n de viviendas de comit\u00e9 de Villa O\u00b4Higgins <\/span><\/strong><\/p>\n<div id=\"gtx-trans\" style=\"position: absolute; left: -50px; top: 4.31534px;\">\n<div class=\"gtx-trans-icon\"><\/div>\n<\/div>\n<\/div><\/section><\/div><div class=\"flex_column av_one_full  flex_column_div av-zero-column-padding first  avia-builder-el-4  el_after_av_one_full  el_before_av_hr  column-top-margin\" style='border-radius:0px; '><section class=\"av_textblock_section \"  itemscope=\"itemscope\" itemtype=\"https:\/\/schema.org\/BlogPosting\" itemprop=\"blogPost\" ><div class='avia_textblock  '   itemprop=\"text\" ><p style=\"font-weight: 400; text-align: justify;\">El diputado Miguel \u00c1ngel Calisto, el alcalde de Villa de O\u00b4Higgins, Jos\u00e9 Fica, y la presidenta del comit\u00e9 de vivienda Villa Austral, Daniela Espinoza, se reunieron con el General de Carabineros de Ays\u00e9n, Patricio Santos, a quien le plantearon la posibilidad que esa instituci\u00f3n ponga a disposici\u00f3n un terreno para el desarrollo del proyecto habitacional para las familias de este comit\u00e9.<\/p>\n<p style=\"font-weight: 400; text-align: justify;\">En la reuni\u00f3n, donde tambi\u00e9n particip\u00f3 el Core Felipe Klein y asesores del alcalde, el General Santos manifest\u00f3 una buena disposici\u00f3n para avanzar en el tema.\u00a0 Seg\u00fan el diputado Calisto, \u201cnos reunimos con el General de Carabineros para buscar una soluci\u00f3n al comit\u00e9 Villa Austral de Villa OHiggins. Este comit\u00e9 no tiene espacio donde proyectar sus casas y la comuna no tiene terrenos disponibles para seguir creciendo. Por eso estamos conversando con Carabineros, como as\u00ed tambi\u00e9n lo haremos con el Ej\u00e9rcito, porque estas instituciones tienen terrenos bien ubicados en esta localidad\u201d.<\/p>\n<p style=\"font-weight: 400; text-align: justify;\">\u201cQuiero destacar el trabajo de Daniela como dirigenta, como as\u00ed tambi\u00e9n del equipo Municipal y del alcalde, Jos\u00e9 Fica, porque ya vemos la posibilidad real de conseguir un resultado concreto con una de las instituciones, por lo tanto esperamos tener buenas noticias de aqu\u00ed al mes de noviembre y as\u00ed las familias puedan acercarse a concretar le sue\u00f1o de la casa propia\u201d, indic\u00f3.<\/p>\n<p style=\"font-weight: 400; text-align: justify;\">Por su parte, el alcalde da la comuna, Jos\u00e9 Fica, asegur\u00f3 que \u201cnosotros como municipio estamos muy empe\u00f1ados para lograr los objetivos que persigue este comit\u00e9 de vivienda de Villa O\u00b4Higgins, que es tener un terreno. En nuestra localidad los espacios se agotaron. Hemos recibida buena recepci\u00f3n por parte de Carabineros y ahora nos queda reunirnos con el Ej\u00e9rcito\u201d.<\/p>\n<p style=\"font-weight: 400; text-align: justify;\">Finalmente, la Presidenta del Comit\u00e9 Villa Austral, Daniela Espinoza, afirm\u00f3 que \u201cel diputado Calisto con el alcalde gestionaron una reuni\u00f3n con el General Santos de Carabineros, donde pudimos traspasar muy bien nuestra informaci\u00f3n con respecto a nuestra solicitud, explic\u00e1ndole que no hay m\u00e1s terrenos en Villa O\u00b4Higgins. Fue una muy buena conversa y quedaron de darnos respuesta de la factibilidad de poder ceder estos terrenos\u201d.<\/p>\n<\/div><\/section><\/div><div  style='height:50px' class='hr hr-invisible   avia-builder-el-6  el_after_av_one_full  el_before_av_social_share '><span class='hr-inner ' ><span class='hr-inner-style'><\/span><\/span><\/div><\/p>\n<div  class='av-social-sharing-box  avia-builder-el-7  el_after_av_hr  el_before_av_hr  '><div class='av-share-box'><h5 class='av-share-link-description av-no-toc '>Compartir esta noticia<\/h5><ul class='av-share-box-list noLightbox'><li class='av-share-link av-social-link-facebook' ><a target=\"_blank\" aria-label=\"Compartir en Facebook\" href='https:\/\/www.facebook.com\/sharer.php?u=https:\/\/radiorevelacionfm.cl\/?p=35583&#038;t=Piden%20a%20Carabineros%20ceder%20terreno%20para%20la%20construcci%C3%B3n%20de%20viviendas%20de%20comit%C3%A9%20de%20Villa%20O%C2%B4Higgins' aria-hidden='false' data-av_icon='\ue8f3' data-av_iconfont='entypo-fontello' title='' data-avia-related-tooltip='Compartir en Facebook' rel=\"noopener\"><span class='avia_hidden_link_text'>Compartir en Facebook<\/span><\/a><\/li><li class='av-share-link av-social-link-twitter' ><a target=\"_blank\" aria-label=\"Compartir en Twitter\" href='https:\/\/twitter.com\/share?text=Piden%20a%20Carabineros%20ceder%20terreno%20para%20la%20construcci%C3%B3n%20de%20viviendas%20de%20comit%C3%A9%20de%20Villa%20O%C2%B4Higgins&#038;url=https:\/\/radiorevelacionfm.cl\/?p=35583' aria-hidden='false' data-av_icon='\ue8f1' data-av_iconfont='entypo-fontello' title='' data-avia-related-tooltip='Compartir en Twitter' rel=\"noopener\"><span class='avia_hidden_link_text'>Compartir en Twitter<\/span><\/a><\/li><li class='av-share-link av-social-link-whatsapp' ><a target=\"_blank\" aria-label=\"Compartir en Whatsapp\" href='https:\/\/api.whatsapp.com\/send?text=https:\/\/radiorevelacionfm.cl\/?p=35583' aria-hidden='false' data-av_icon='\uf232' data-av_iconfont='entypo-fontello' title='' data-avia-related-tooltip='Compartir en Whatsapp' rel=\"noopener\"><span class='avia_hidden_link_text'>Compartir en Whatsapp<\/span><\/a><\/li><li class='av-share-link av-social-link-linkedin' ><a target=\"_blank\" aria-label=\"Compartir en LinkedIn\" href='https:\/\/linkedin.com\/shareArticle?mini=true&#038;title=Piden%20a%20Carabineros%20ceder%20terreno%20para%20la%20construcci%C3%B3n%20de%20viviendas%20de%20comit%C3%A9%20de%20Villa%20O%C2%B4Higgins&#038;url=https:\/\/radiorevelacionfm.cl\/?p=35583' aria-hidden='false' data-av_icon='\ue8fc' data-av_iconfont='entypo-fontello' title='' data-avia-related-tooltip='Compartir en LinkedIn' rel=\"noopener\"><span class='avia_hidden_link_text'>Compartir en LinkedIn<\/span><\/a><\/li><li class='av-share-link av-social-link-mail' ><a  aria-label=\"Compartir por correo\" href='mailto:?subject=Piden%20a%20Carabineros%20ceder%20terreno%20para%20la%20construcci%C3%B3n%20de%20viviendas%20de%20comit%C3%A9%20de%20Villa%20O%C2%B4Higgins&#038;body=https:\/\/radiorevelacionfm.cl\/?p=35583' aria-hidden='false' data-av_icon='\ue805' data-av_iconfont='entypo-fontello' title='' data-avia-related-tooltip='Compartir por correo'><span class='avia_hidden_link_text'>Compartir por correo<\/span><\/a><\/li><\/ul><\/div><\/div>\n<div  style='height:50px' class='hr hr-invisible   avia-builder-el-8  el_after_av_social_share  el_before_av_comments_list '><span class='hr-inner ' ><span class='hr-inner-style'><\/span><\/span><\/div>\n<div  class='av-buildercomment  av-blog-meta-html-info-disabled av-blog-meta-tag-disabled  '><\/div>\n","protected":false},"excerpt":{"rendered":"","protected":false},"author":1,"featured_media":35584,"comment_status":"open","ping_status":"open","sticky":false,"template":"","format":"standard","meta":{"footnotes":""},"categories":[38],"tags":[],"class_list":["post-35583","post","type-post","status-publish","format-standard","has-post-thumbnail","hentry","category-regional"],"jetpack_featured_media_url":"https:\/\/radiorevelacionfm.cl\/wp-content\/uploads\/2023\/10\/FOTO-REU-CARABINEROS-2-1-1.jpeg","_links":{"self":[{"href":"https:\/\/radiorevelacionfm.cl\/index.php?rest_route=\/wp\/v2\/posts\/35583","targetHints":{"allow":["GET"]}}],"collection":[{"href":"https:\/\/radiorevelacionfm.cl\/index.php?rest_route=\/wp\/v2\/posts"}],"about":[{"href":"https:\/\/radiorevelacionfm.cl\/index.php?rest_route=\/wp\/v2\/types\/post"}],"author":[{"embeddable":true,"href":"https:\/\/radiorevelacionfm.cl\/index.php?rest_route=\/wp\/v2\/users\/1"}],"replies":[{"embeddable":true,"href":"https:\/\/radiorevelacionfm.cl\/index.php?rest_route=%2Fwp%2Fv2%2Fcomments&post=35583"}],"version-history":[{"count":1,"href":"https:\/\/radiorevelacionfm.cl\/index.php?rest_route=\/wp\/v2\/posts\/35583\/revisions"}],"predecessor-version":[{"id":35585,"href":"https:\/\/radiorevelacionfm.cl\/index.php?rest_route=\/wp\/v2\/posts\/35583\/revisions\/35585"}],"wp:featuredmedia":[{"embeddable":true,"href":"https:\/\/radiorevelacionfm.cl\/index.php?rest_route=\/wp\/v2\/media\/35584"}],"wp:attachment":[{"href":"https:\/\/radiorevelacionfm.cl\/index.php?rest_route=%2Fwp%2Fv2%2Fmedia&parent=35583"}],"wp:term":[{"taxonomy":"category","embeddable":true,"href":"https:\/\/radiorevelacionfm.cl\/index.php?rest_route=%2Fwp%2Fv2%2Fcategories&post=35583"},{"taxonomy":"post_tag","embeddable":true,"href":"https:\/\/radiorevelacionfm.cl\/index.php?rest_route=%2Fwp%2Fv2%2Ftags&post=35583"}],"curies":[{"name":"wp","href":"https:\/\/api.w.org\/{rel}","templated":true}]}}