{"id":35580,"date":"2023-10-02T19:40:51","date_gmt":"2023-10-02T22:40:51","guid":{"rendered":"https:\/\/radiorevelacionfm.cl\/?p=35580"},"modified":"2023-10-16T10:20:14","modified_gmt":"2023-10-16T13:20:14","slug":"finaliza-ciclo-de-talleres-sobre-impactos-del-fenomeno-de-el-nino-en-la-acuicultura","status":"publish","type":"post","link":"https:\/\/radiorevelacionfm.cl\/?p=35580","title":{"rendered":"Finaliza ciclo de talleres sobre impactos del fen\u00f3meno de El Ni\u00f1o en la acuicultura"},"content":{"rendered":"<div class=\"flex_column av_one_full  flex_column_div av-zero-column-padding first  avia-builder-el-0  el_before_av_one_full  avia-builder-el-first  \" style='border-radius:0px; '><div  class='avia-image-container  av-styling-    avia-builder-el-1  avia-builder-el-no-sibling  avia-align-center '  itemprop=\"image\" itemscope=\"itemscope\" itemtype=\"https:\/\/schema.org\/ImageObject\"  ><div class='avia-image-container-inner'><div class='avia-image-overlay-wrap'><img decoding=\"async\" class='wp-image-35581 avia-img-lazy-loading-not-35581 avia_image' src=\"https:\/\/radiorevelacionfm.cl\/wp-content\/uploads\/2023\/10\/5-71-1-1_optimized.jpg\" alt='' title='5-(71)-(1)-(1)_optimized' height=\"600\" width=\"900\"  itemprop=\"thumbnailUrl\" srcset=\"https:\/\/radiorevelacionfm.cl\/wp-content\/uploads\/2023\/10\/5-71-1-1_optimized.jpg 900w, https:\/\/radiorevelacionfm.cl\/wp-content\/uploads\/2023\/10\/5-71-1-1_optimized-300x200.jpg 300w, https:\/\/radiorevelacionfm.cl\/wp-content\/uploads\/2023\/10\/5-71-1-1_optimized-768x512.jpg 768w, https:\/\/radiorevelacionfm.cl\/wp-content\/uploads\/2023\/10\/5-71-1-1_optimized-705x470.jpg 705w, https:\/\/radiorevelacionfm.cl\/wp-content\/uploads\/2023\/10\/5-71-1-1_optimized-450x300.jpg 450w, https:\/\/radiorevelacionfm.cl\/wp-content\/uploads\/2023\/10\/5-71-1-1_optimized-600x400.jpg 600w\" sizes=\"(max-width: 900px) 100vw, 900px\" \/><\/div><\/div><\/div><\/div><div class=\"flex_column av_one_full  flex_column_div av-zero-column-padding first  avia-builder-el-2  el_after_av_one_full  el_before_av_one_full  column-top-margin\" style='border-radius:0px; '><section class=\"av_textblock_section \"  itemscope=\"itemscope\" itemtype=\"https:\/\/schema.org\/BlogPosting\" itemprop=\"blogPost\" ><div class='avia_textblock  '   itemprop=\"text\" ><p style=\"text-align: center;\"><strong><span style=\"font-size: 18pt;\">Finaliza ciclo de talleres sobre impactos del fen\u00f3meno de El Ni\u00f1o en la acuicultura<\/span><\/strong><\/p>\n<div id=\"gtx-trans\" style=\"position: absolute; left: -50px; top: 4.31534px;\">\n<div class=\"gtx-trans-icon\"><\/div>\n<\/div>\n<\/div><\/section><\/div><div class=\"flex_column av_one_full  flex_column_div av-zero-column-padding first  avia-builder-el-4  el_after_av_one_full  el_before_av_hr  column-top-margin\" style='border-radius:0px; '><section class=\"av_textblock_section \"  itemscope=\"itemscope\" itemtype=\"https:\/\/schema.org\/BlogPosting\" itemprop=\"blogPost\" ><div class='avia_textblock  '   itemprop=\"text\" ><p style=\"font-weight: 400; text-align: justify;\">En las regiones de Los Lagos, Ays\u00e9n y Magallanes se desarrollaron 3 talleres p\u00fablico \u2013 privado, en los que\u00a0se abordaron diversas tem\u00e1ticas relacionadas con las posibles consecuencias del fen\u00f3meno de El Ni\u00f1o en el sector salmonicultor, producto de la aparici\u00f3n de floraciones de algas nocivas, por especies como pseudochatonella sp. o Alexandrium catenella, entre otras, as\u00ed como bajas de ox\u00edgeno en el mar, eventos asociados a mortalidades masivas de salmones en cultivo.<\/p>\n<p style=\"font-weight: 400; text-align: justify;\">Soledad Tapia, directora nacional de Sernapesca sostuvo que \u00abla coordinaci\u00f3n para fortalecer el rol interinstitucional y el cumplimiento y responsabilidad por parte de la industria salmonicultora de enfrentar una eventual contingencia es fundamental para evitar repetir la experiencia del 2016 en Chilo\u00e9\u00bb.<\/p>\n<p style=\"font-weight: 400; text-align: justify;\">La autoridad hizo referencia al episodio vivido en nuestro pa\u00eds en donde en muy poco tiempo se registraron miles de toneladas de salmones muertos producto del Fen\u00f3meno de El Ni\u00f1o, y las complicaciones que trajo el retiro de esa mortalidad. \u00abEn marzo 2016, fue dif\u00edcil el retiro de mortalidades y un gran porcentaje se llev\u00f3 a plantas de proceso pero otro porcentaje menor se verti\u00f3 al mar. Tambi\u00e9n hubo varamientos otros recursos hidrobiol\u00f3gicos. Es importante hacer memoria, porque podemos enfrentar ese escenario est\u00e1 temporada estival, y debemos estar mejor informados y preparados\u00bb se\u00f1al\u00f3 Tapia.<\/p>\n<p style=\"font-weight: 400; text-align: justify;\">En la actividad replicada en las tres regiones, participaron representantes de las diferentes instituciones que conforman el Comit\u00e9 Interinstitucional de Contingencias Ambientales (CIICA) regional y nacional, que incluyen al Ministerio de Salud, el Ministerio de Medio Ambiente (MMA), la Superintendencia de Medio Ambiente (SMA), la Subsecretar\u00eda de Pesca y Acuicultura (Subpesca), DIRECTEMAR y el Servicio Nacional de Pesca y Acuicultura, con la participaci\u00f3n de SENAPRED, Instituto de Fomento Pesquero (IFOP), la Autoridad Mar\u00edtima regional y el Ministerio del Interior, adem\u00e1s de representantes de la industria acu\u00edcola.<\/p>\n<p style=\"font-weight: 400; text-align: justify;\">Es importante destacar que El Ni\u00f1o es parte de un ciclo natural que se caracteriza por generar calentamiento en las aguas superficiales del oc\u00e9ano Pac\u00edfico; cambios clim\u00e1ticos como consecuencia del calentamiento del oc\u00e9ano que pueden tener una serie de efectos clim\u00e1ticos en todo el mundo, como generar lluvias intensas en zonas que son secas o sequ\u00edas en zonas de mayor humedad; impacto en ecosistemas marinos por el aumento de la temperatura del agua, entre otros efectos. Es relevante se\u00f1alar adem\u00e1s que, hasta la fecha, se ha podido determinar un aumento significativo en las temperaturas de todo el planeta, lo que puede agudizar la ocurrencia de contingencias ambientales en el per\u00edodo estival.<\/p>\n<\/div><\/section><\/div><div  style='height:50px' class='hr hr-invisible   avia-builder-el-6  el_after_av_one_full  el_before_av_social_share '><span class='hr-inner ' ><span class='hr-inner-style'><\/span><\/span><\/div><\/p>\n<div  class='av-social-sharing-box  avia-builder-el-7  el_after_av_hr  el_before_av_hr  '><div class='av-share-box'><h5 class='av-share-link-description av-no-toc '>Compartir esta noticia<\/h5><ul class='av-share-box-list noLightbox'><li class='av-share-link av-social-link-facebook' ><a target=\"_blank\" aria-label=\"Compartir en Facebook\" href='https:\/\/www.facebook.com\/sharer.php?u=https:\/\/radiorevelacionfm.cl\/?p=35580&#038;t=Finaliza%20ciclo%20de%20talleres%20sobre%20impactos%20del%20fen%C3%B3meno%20de%20El%20Ni%C3%B1o%20en%20la%20acuicultura' aria-hidden='false' data-av_icon='\ue8f3' data-av_iconfont='entypo-fontello' title='' data-avia-related-tooltip='Compartir en Facebook' rel=\"noopener\"><span class='avia_hidden_link_text'>Compartir en Facebook<\/span><\/a><\/li><li class='av-share-link av-social-link-twitter' ><a target=\"_blank\" aria-label=\"Compartir en Twitter\" href='https:\/\/twitter.com\/share?text=Finaliza%20ciclo%20de%20talleres%20sobre%20impactos%20del%20fen%C3%B3meno%20de%20El%20Ni%C3%B1o%20en%20la%20acuicultura&#038;url=https:\/\/radiorevelacionfm.cl\/?p=35580' aria-hidden='false' data-av_icon='\ue8f1' data-av_iconfont='entypo-fontello' title='' data-avia-related-tooltip='Compartir en Twitter' rel=\"noopener\"><span class='avia_hidden_link_text'>Compartir en Twitter<\/span><\/a><\/li><li class='av-share-link av-social-link-whatsapp' ><a target=\"_blank\" aria-label=\"Compartir en Whatsapp\" href='https:\/\/api.whatsapp.com\/send?text=https:\/\/radiorevelacionfm.cl\/?p=35580' aria-hidden='false' data-av_icon='\uf232' data-av_iconfont='entypo-fontello' title='' data-avia-related-tooltip='Compartir en Whatsapp' rel=\"noopener\"><span class='avia_hidden_link_text'>Compartir en Whatsapp<\/span><\/a><\/li><li class='av-share-link av-social-link-linkedin' ><a target=\"_blank\" aria-label=\"Compartir en LinkedIn\" href='https:\/\/linkedin.com\/shareArticle?mini=true&#038;title=Finaliza%20ciclo%20de%20talleres%20sobre%20impactos%20del%20fen%C3%B3meno%20de%20El%20Ni%C3%B1o%20en%20la%20acuicultura&#038;url=https:\/\/radiorevelacionfm.cl\/?p=35580' aria-hidden='false' data-av_icon='\ue8fc' data-av_iconfont='entypo-fontello' title='' data-avia-related-tooltip='Compartir en LinkedIn' rel=\"noopener\"><span class='avia_hidden_link_text'>Compartir en LinkedIn<\/span><\/a><\/li><li class='av-share-link av-social-link-mail' ><a  aria-label=\"Compartir por correo\" href='mailto:?subject=Finaliza%20ciclo%20de%20talleres%20sobre%20impactos%20del%20fen%C3%B3meno%20de%20El%20Ni%C3%B1o%20en%20la%20acuicultura&#038;body=https:\/\/radiorevelacionfm.cl\/?p=35580' aria-hidden='false' data-av_icon='\ue805' data-av_iconfont='entypo-fontello' title='' data-avia-related-tooltip='Compartir por correo'><span class='avia_hidden_link_text'>Compartir por correo<\/span><\/a><\/li><\/ul><\/div><\/div>\n<div  style='height:50px' class='hr hr-invisible   avia-builder-el-8  el_after_av_social_share  el_before_av_comments_list '><span class='hr-inner ' ><span class='hr-inner-style'><\/span><\/span><\/div>\n<div  class='av-buildercomment  av-blog-meta-html-info-disabled av-blog-meta-tag-disabled  '><\/div>\n","protected":false},"excerpt":{"rendered":"","protected":false},"author":1,"featured_media":35581,"comment_status":"open","ping_status":"open","sticky":false,"template":"","format":"standard","meta":{"footnotes":""},"categories":[60],"tags":[],"class_list":["post-35580","post","type-post","status-publish","format-standard","has-post-thumbnail","hentry","category-pesca"],"jetpack_featured_media_url":"https:\/\/radiorevelacionfm.cl\/wp-content\/uploads\/2023\/10\/5-71-1-1_optimized.jpg","_links":{"self":[{"href":"https:\/\/radiorevelacionfm.cl\/index.php?rest_route=\/wp\/v2\/posts\/35580","targetHints":{"allow":["GET"]}}],"collection":[{"href":"https:\/\/radiorevelacionfm.cl\/index.php?rest_route=\/wp\/v2\/posts"}],"about":[{"href":"https:\/\/radiorevelacionfm.cl\/index.php?rest_route=\/wp\/v2\/types\/post"}],"author":[{"embeddable":true,"href":"https:\/\/radiorevelacionfm.cl\/index.php?rest_route=\/wp\/v2\/users\/1"}],"replies":[{"embeddable":true,"href":"https:\/\/radiorevelacionfm.cl\/index.php?rest_route=%2Fwp%2Fv2%2Fcomments&post=35580"}],"version-history":[{"count":1,"href":"https:\/\/radiorevelacionfm.cl\/index.php?rest_route=\/wp\/v2\/posts\/35580\/revisions"}],"predecessor-version":[{"id":35582,"href":"https:\/\/radiorevelacionfm.cl\/index.php?rest_route=\/wp\/v2\/posts\/35580\/revisions\/35582"}],"wp:featuredmedia":[{"embeddable":true,"href":"https:\/\/radiorevelacionfm.cl\/index.php?rest_route=\/wp\/v2\/media\/35581"}],"wp:attachment":[{"href":"https:\/\/radiorevelacionfm.cl\/index.php?rest_route=%2Fwp%2Fv2%2Fmedia&parent=35580"}],"wp:term":[{"taxonomy":"category","embeddable":true,"href":"https:\/\/radiorevelacionfm.cl\/index.php?rest_route=%2Fwp%2Fv2%2Fcategories&post=35580"},{"taxonomy":"post_tag","embeddable":true,"href":"https:\/\/radiorevelacionfm.cl\/index.php?rest_route=%2Fwp%2Fv2%2Ftags&post=35580"}],"curies":[{"name":"wp","href":"https:\/\/api.w.org\/{rel}","templated":true}]}}