{"id":35572,"date":"2023-10-03T10:19:58","date_gmt":"2023-10-03T13:19:58","guid":{"rendered":"https:\/\/radiorevelacionfm.cl\/?p=35572"},"modified":"2023-10-03T10:19:58","modified_gmt":"2023-10-03T13:19:58","slug":"injuv-inicia-la-convocatoria-para-el-vii-concurso-nacional-de-microrrelatos","status":"publish","type":"post","link":"https:\/\/radiorevelacionfm.cl\/?p=35572","title":{"rendered":"INJUV inicia la convocatoria para el VII Concurso Nacional de Microrrelatos"},"content":{"rendered":"<div class=\"flex_column av_one_full  flex_column_div av-zero-column-padding first  avia-builder-el-0  el_before_av_one_full  avia-builder-el-first  \" style='border-radius:0px; '><div  class='avia-image-container  av-styling-    avia-builder-el-1  avia-builder-el-no-sibling  avia-align-center '  itemprop=\"image\" itemscope=\"itemscope\" itemtype=\"https:\/\/schema.org\/ImageObject\"  ><div class='avia-image-container-inner'><div class='avia-image-overlay-wrap'><img decoding=\"async\" class='wp-image-35575 avia-img-lazy-loading-not-35575 avia_image' src=\"https:\/\/radiorevelacionfm.cl\/wp-content\/uploads\/2023\/10\/Microrrelatos-2023_Regiones-1-1.jpg\" alt='' title='Microrrelatos 2023_Regiones (1) (1)' height=\"600\" width=\"480\"  itemprop=\"thumbnailUrl\" srcset=\"https:\/\/radiorevelacionfm.cl\/wp-content\/uploads\/2023\/10\/Microrrelatos-2023_Regiones-1-1.jpg 480w, https:\/\/radiorevelacionfm.cl\/wp-content\/uploads\/2023\/10\/Microrrelatos-2023_Regiones-1-1-240x300.jpg 240w, https:\/\/radiorevelacionfm.cl\/wp-content\/uploads\/2023\/10\/Microrrelatos-2023_Regiones-1-1-450x563.jpg 450w\" sizes=\"(max-width: 480px) 100vw, 480px\" \/><\/div><\/div><\/div><\/div><div class=\"flex_column av_one_full  flex_column_div av-zero-column-padding first  avia-builder-el-2  el_after_av_one_full  el_before_av_one_full  column-top-margin\" style='border-radius:0px; '><section class=\"av_textblock_section \"  itemscope=\"itemscope\" itemtype=\"https:\/\/schema.org\/BlogPosting\" itemprop=\"blogPost\" ><div class='avia_textblock  '   itemprop=\"text\" ><p style=\"text-align: center;\"><strong><span style=\"font-size: 18pt;\">INJUV inicia la convocatoria para el VII Concurso Nacional de Microrrelatos<\/span><\/strong><\/p>\n<div id=\"gtx-trans\" style=\"position: absolute; left: -50px; top: 4.31534px;\">\n<div class=\"gtx-trans-icon\"><\/div>\n<\/div>\n<\/div><\/section><\/div><div class=\"flex_column av_one_full  flex_column_div av-zero-column-padding first  avia-builder-el-4  el_after_av_one_full  el_before_av_hr  column-top-margin\" style='border-radius:0px; '><section class=\"av_textblock_section \"  itemscope=\"itemscope\" itemtype=\"https:\/\/schema.org\/BlogPosting\" itemprop=\"blogPost\" ><div class='avia_textblock  '   itemprop=\"text\" ><p style=\"text-align: justify;\">El Instituto Nacional de la Juventud (INJUV) lanz\u00f3 la versi\u00f3n 2023 del VII Concurso Nacional de Microrrelatos, iniciativa que est\u00e1 contemplada dentro del Plan Nacional de Lectura y cuyo tema para este a\u00f1o es <em>\u201cMemoria, Democracia y Futuro. Rol de las juventudes en el proceso de reparaci\u00f3n, justicia y unidad a 50 a\u00f1os del Golpe de Estado\u201d.<\/em><\/p>\n<p style=\"text-align: justify;\">De esta manera, se busca relevar el protagonismo de las juventudes en este periodo de nuestra historia, as\u00ed como la importancia e incondicionalidad de la democracia, los derechos humanos y la no violencia. Para esto, deber\u00e1n plasmar sus ideas en un relato de m\u00e1ximo 300 caracteres el que ser\u00e1 evaluado por un jurado compuesto tanto por miembros del Plan Nacional de Lectura como del INJUV.<\/p>\n<p style=\"text-align: justify;\">\u201cEste concurso convoca a las juventudes a pensar la memoria como un ejercicio no solo de remembranza sino tambi\u00e9n en funci\u00f3n del futuro que queremos construir como sociedad. En esta edici\u00f3n buscamos reforzar el pensamiento cr\u00edtico y la reflexi\u00f3n en materias de reparaci\u00f3n, justicia y unidad, porque sabemos que las juventudes tienen mucho que decir y mucho que aportar en este \u00e1mbito\u201d, se\u00f1ala el director regional de INJUV Ays\u00e9n, Camilo Trivi\u00f1o Urtubia.<\/p>\n<p style=\"text-align: justify;\"><strong>\u00bfCu\u00e1les son los premios?<\/strong><\/p>\n<p style=\"text-align: justify;\">El concurso se dividir\u00e1 en tres categor\u00edas: j\u00f3venes de 15 a 18 a\u00f1os, de 19 a 24 y de 25 a 29. Adem\u00e1s, cada categor\u00eda contar\u00e1 con tres premios:<\/p>\n<p style=\"text-align: justify;\">1er lugar: $500.000<br \/>\n2do lugar: $300.000<br \/>\n3er lugar: $200.000<\/p>\n<p style=\"text-align: justify;\"><strong>\u00bfC\u00f3mo participar?<\/strong><\/p>\n<p style=\"text-align: justify;\">Para ser parte de VII Concurso Nacional de Microrrelatos hay que ingresar al sitio web\u00a0<a href=\"https:\/\/extranet.injuv.gob.cl\/microrrelatosinjuv\/\">https:\/\/extranet.injuv.gob.cl\/microrrelatosinjuv\/<\/a>. Las postulaciones estar\u00e1n abiertas hasta el 22 de octubre a las 23:59:59.<\/p>\n<p style=\"text-align: justify;\"><strong>Antecedentes del Concurso\u00a0\u00a0<\/strong><\/p>\n<p style=\"text-align: justify;\">El Concurso Nacional de Microrrelatos naci\u00f3 como iniciativa intersectorial INJUV el a\u00f1o 2016 y se contextualiza en su participaci\u00f3n en el Plan Nacional de la Lectura que, entre otros, busca promover la lectura en nuevos formatos, adem\u00e1s de estimular y difundir tanto la lectura y escritura como la creaci\u00f3n literaria entre j\u00f3venes de 15 a 29 a\u00f1os.<\/p>\n<p style=\"text-align: justify;\">Por su parte el concurso busca abrir nuevos espacios, reconociendo y visibilizando la lectura como derecho y pr\u00e1ctica que contribuye a acortar las brechas sociales y culturales, promoviendo el acceso a diversas pr\u00e1cticas y soportes de la lectura en el p\u00fablico joven y colaborando en la formaci\u00f3n de personas informadas, cr\u00edticas, creativas, reflexivas y participativas.<\/p>\n<\/div><\/section><\/div><div  style='height:50px' class='hr hr-invisible   avia-builder-el-6  el_after_av_one_full  el_before_av_social_share '><span class='hr-inner ' ><span class='hr-inner-style'><\/span><\/span><\/div><\/p>\n<div  class='av-social-sharing-box  avia-builder-el-7  el_after_av_hr  el_before_av_hr  '><div class='av-share-box'><h5 class='av-share-link-description av-no-toc '>Compartir esta noticia<\/h5><ul class='av-share-box-list noLightbox'><li class='av-share-link av-social-link-facebook' ><a target=\"_blank\" aria-label=\"Compartir en Facebook\" href='https:\/\/www.facebook.com\/sharer.php?u=https:\/\/radiorevelacionfm.cl\/?p=35572&#038;t=INJUV%20inicia%20la%20convocatoria%20para%20el%20VII%20Concurso%20Nacional%20de%20Microrrelatos' aria-hidden='false' data-av_icon='\ue8f3' data-av_iconfont='entypo-fontello' title='' data-avia-related-tooltip='Compartir en Facebook' rel=\"noopener\"><span class='avia_hidden_link_text'>Compartir en Facebook<\/span><\/a><\/li><li class='av-share-link av-social-link-twitter' ><a target=\"_blank\" aria-label=\"Compartir en Twitter\" href='https:\/\/twitter.com\/share?text=INJUV%20inicia%20la%20convocatoria%20para%20el%20VII%20Concurso%20Nacional%20de%20Microrrelatos&#038;url=https:\/\/radiorevelacionfm.cl\/?p=35572' aria-hidden='false' data-av_icon='\ue8f1' data-av_iconfont='entypo-fontello' title='' data-avia-related-tooltip='Compartir en Twitter' rel=\"noopener\"><span class='avia_hidden_link_text'>Compartir en Twitter<\/span><\/a><\/li><li class='av-share-link av-social-link-whatsapp' ><a target=\"_blank\" aria-label=\"Compartir en Whatsapp\" href='https:\/\/api.whatsapp.com\/send?text=https:\/\/radiorevelacionfm.cl\/?p=35572' aria-hidden='false' data-av_icon='\uf232' data-av_iconfont='entypo-fontello' title='' data-avia-related-tooltip='Compartir en Whatsapp' rel=\"noopener\"><span class='avia_hidden_link_text'>Compartir en Whatsapp<\/span><\/a><\/li><li class='av-share-link av-social-link-linkedin' ><a target=\"_blank\" aria-label=\"Compartir en LinkedIn\" href='https:\/\/linkedin.com\/shareArticle?mini=true&#038;title=INJUV%20inicia%20la%20convocatoria%20para%20el%20VII%20Concurso%20Nacional%20de%20Microrrelatos&#038;url=https:\/\/radiorevelacionfm.cl\/?p=35572' aria-hidden='false' data-av_icon='\ue8fc' data-av_iconfont='entypo-fontello' title='' data-avia-related-tooltip='Compartir en LinkedIn' rel=\"noopener\"><span class='avia_hidden_link_text'>Compartir en LinkedIn<\/span><\/a><\/li><li class='av-share-link av-social-link-mail' ><a  aria-label=\"Compartir por correo\" href='mailto:?subject=INJUV%20inicia%20la%20convocatoria%20para%20el%20VII%20Concurso%20Nacional%20de%20Microrrelatos&#038;body=https:\/\/radiorevelacionfm.cl\/?p=35572' aria-hidden='false' data-av_icon='\ue805' data-av_iconfont='entypo-fontello' title='' data-avia-related-tooltip='Compartir por correo'><span class='avia_hidden_link_text'>Compartir por correo<\/span><\/a><\/li><\/ul><\/div><\/div>\n<div  style='height:50px' class='hr hr-invisible   avia-builder-el-8  el_after_av_social_share  el_before_av_comments_list '><span class='hr-inner ' ><span class='hr-inner-style'><\/span><\/span><\/div>\n<div  class='av-buildercomment  av-blog-meta-html-info-disabled av-blog-meta-tag-disabled  '><\/div>\n","protected":false},"excerpt":{"rendered":"","protected":false},"author":1,"featured_media":35573,"comment_status":"open","ping_status":"open","sticky":false,"template":"","format":"standard","meta":{"footnotes":""},"categories":[61],"tags":[],"class_list":["post-35572","post","type-post","status-publish","format-standard","has-post-thumbnail","hentry","category-nacional"],"jetpack_featured_media_url":"https:\/\/radiorevelacionfm.cl\/wp-content\/uploads\/2023\/10\/Microrrelatos-2023_Regiones_A-1-1.jpg","_links":{"self":[{"href":"https:\/\/radiorevelacionfm.cl\/index.php?rest_route=\/wp\/v2\/posts\/35572","targetHints":{"allow":["GET"]}}],"collection":[{"href":"https:\/\/radiorevelacionfm.cl\/index.php?rest_route=\/wp\/v2\/posts"}],"about":[{"href":"https:\/\/radiorevelacionfm.cl\/index.php?rest_route=\/wp\/v2\/types\/post"}],"author":[{"embeddable":true,"href":"https:\/\/radiorevelacionfm.cl\/index.php?rest_route=\/wp\/v2\/users\/1"}],"replies":[{"embeddable":true,"href":"https:\/\/radiorevelacionfm.cl\/index.php?rest_route=%2Fwp%2Fv2%2Fcomments&post=35572"}],"version-history":[{"count":1,"href":"https:\/\/radiorevelacionfm.cl\/index.php?rest_route=\/wp\/v2\/posts\/35572\/revisions"}],"predecessor-version":[{"id":35576,"href":"https:\/\/radiorevelacionfm.cl\/index.php?rest_route=\/wp\/v2\/posts\/35572\/revisions\/35576"}],"wp:featuredmedia":[{"embeddable":true,"href":"https:\/\/radiorevelacionfm.cl\/index.php?rest_route=\/wp\/v2\/media\/35573"}],"wp:attachment":[{"href":"https:\/\/radiorevelacionfm.cl\/index.php?rest_route=%2Fwp%2Fv2%2Fmedia&parent=35572"}],"wp:term":[{"taxonomy":"category","embeddable":true,"href":"https:\/\/radiorevelacionfm.cl\/index.php?rest_route=%2Fwp%2Fv2%2Fcategories&post=35572"},{"taxonomy":"post_tag","embeddable":true,"href":"https:\/\/radiorevelacionfm.cl\/index.php?rest_route=%2Fwp%2Fv2%2Ftags&post=35572"}],"curies":[{"name":"wp","href":"https:\/\/api.w.org\/{rel}","templated":true}]}}