{"id":35569,"date":"2023-10-02T22:13:20","date_gmt":"2023-10-03T01:13:20","guid":{"rendered":"https:\/\/radiorevelacionfm.cl\/?p=35569"},"modified":"2023-10-02T22:13:20","modified_gmt":"2023-10-03T01:13:20","slug":"promueven-desarrollo-pesquero-y-ley-de-caletas-en-puerto-gaviota","status":"publish","type":"post","link":"https:\/\/radiorevelacionfm.cl\/?p=35569","title":{"rendered":"Promueven desarrollo pesquero y Ley de Caletas en Puerto Gaviota"},"content":{"rendered":"<div class=\"flex_column av_one_full  flex_column_div av-zero-column-padding first  avia-builder-el-0  el_before_av_one_full  avia-builder-el-first  \" style='border-radius:0px; '><div  class='avia-image-container  av-styling-    avia-builder-el-1  avia-builder-el-no-sibling  avia-align-center '  itemprop=\"image\" itemscope=\"itemscope\" itemtype=\"https:\/\/schema.org\/ImageObject\"  ><div class='avia-image-container-inner'><div class='avia-image-overlay-wrap'><img decoding=\"async\" class='wp-image-35570 avia-img-lazy-loading-not-35570 avia_image' src=\"https:\/\/radiorevelacionfm.cl\/wp-content\/uploads\/2023\/10\/1-_4_-1-1.jpg\" alt='' title='1-_4_ (1) (1)' height=\"600\" width=\"1333\"  itemprop=\"thumbnailUrl\" srcset=\"https:\/\/radiorevelacionfm.cl\/wp-content\/uploads\/2023\/10\/1-_4_-1-1.jpg 1333w, https:\/\/radiorevelacionfm.cl\/wp-content\/uploads\/2023\/10\/1-_4_-1-1-300x135.jpg 300w, https:\/\/radiorevelacionfm.cl\/wp-content\/uploads\/2023\/10\/1-_4_-1-1-1030x464.jpg 1030w, https:\/\/radiorevelacionfm.cl\/wp-content\/uploads\/2023\/10\/1-_4_-1-1-768x346.jpg 768w, https:\/\/radiorevelacionfm.cl\/wp-content\/uploads\/2023\/10\/1-_4_-1-1-705x317.jpg 705w, https:\/\/radiorevelacionfm.cl\/wp-content\/uploads\/2023\/10\/1-_4_-1-1-450x203.jpg 450w, https:\/\/radiorevelacionfm.cl\/wp-content\/uploads\/2023\/10\/1-_4_-1-1-600x270.jpg 600w\" sizes=\"(max-width: 1333px) 100vw, 1333px\" \/><\/div><\/div><\/div><\/div><div class=\"flex_column av_one_full  flex_column_div av-zero-column-padding first  avia-builder-el-2  el_after_av_one_full  el_before_av_one_full  column-top-margin\" style='border-radius:0px; '><section class=\"av_textblock_section \"  itemscope=\"itemscope\" itemtype=\"https:\/\/schema.org\/BlogPosting\" itemprop=\"blogPost\" ><div class='avia_textblock  '   itemprop=\"text\" ><p style=\"text-align: center;\"><strong><span style=\"font-size: 18pt;\">Promueven desarrollo pesquero y Ley de Caletas en Puerto Gaviota<\/span><\/strong><\/p>\n<div id=\"gtx-trans\" style=\"position: absolute; left: -50px; top: 4.31534px;\">\n<div class=\"gtx-trans-icon\"><\/div>\n<\/div>\n<\/div><\/section><\/div><div class=\"flex_column av_one_full  flex_column_div av-zero-column-padding first  avia-builder-el-4  el_after_av_one_full  el_before_av_hr  column-top-margin\" style='border-radius:0px; '><section class=\"av_textblock_section \"  itemscope=\"itemscope\" itemtype=\"https:\/\/schema.org\/BlogPosting\" itemprop=\"blogPost\" ><div class='avia_textblock  '   itemprop=\"text\" ><p style=\"font-weight: 400; text-align: justify;\">Con el objetivo de facilitar el cumplimiento normativo es que funcionarios y funcionarias del Servicio Nacional de pesca y Acuicultura de Ays\u00e9n fueron hasta Puerto Gaviota para atender diferentes tr\u00e1mites y consultas de usuarias y usuarios como inscripci\u00f3n en el Registro Pesquero Artesanal (RPA), actualizaciones de mismo registro, habilitaciones sanitarias a embarcaciones pesqueras y capacitaci\u00f3n en el sistema de trazabilidad.<\/p>\n<p style=\"font-weight: 400; text-align: justify;\">En esta oportunidad, adem\u00e1s de realizar la atenci\u00f3n de tr\u00e1mites en caletas remotas como parte del programa Caleta M\u00e1s Cerca de Sernapesca, asistieron autoridades regionales como Director Regional (s) de Sernapesca Ays\u00e9n, Jorge Padilla, el Director Regional de Obras Portuarias, \u00c1lvaro D\u00edaz, y en representaci\u00f3n del Gobierno Regional Ays\u00e9n, Mauricio Cisterna T, para sostener una reuni\u00f3n y difusi\u00f3n sobre la implementaci\u00f3n de la Ley de Caletas, mantenimiento de infraestructura portuaria y proyectos que se pueden implementar en la caleta.<\/p>\n<p style=\"font-weight: 400; text-align: justify;\">\u201cPudimos conversar con la gente de mar que vive en el sector Puerto Gaviota sobre la Ley de Caletas y cu\u00e1les son los pasos a seguir, como por ejemplo, el plan de administraci\u00f3n que deben presentar para que lo apruebe el comit\u00e9 intersectorial y de este modo optar a administrar por 30 a\u00f1os este espacio que han habitado hist\u00f3ricamente\u201d, coment\u00f3 Jorge Padilla, Director Regional (s) de Sernapesca Ays\u00e9n.<\/p>\n<p style=\"font-weight: 400; text-align: justify;\">Finalmente, junto a los Sindicatos de Pescadores y Pescadoras de Trabajadores Independientes (STI) Moraleda Puerto Gaviota, STI Amparo Puerto Gaviota y STI de Puerto Gaviota, se realiz\u00f3 la inspecci\u00f3n de los pol\u00edgonos para definir el \u00e1rea de la caleta y poder avanzar hacia la destinaci\u00f3n de la caleta muelle artesanal y posterior entrega de convenio de uso, una vez que se apruebe el plan de administraci\u00f3n que deber\u00e1n presentar en conjunto los sindicatos y de este modo optar la administraci\u00f3n de su caleta, diversificando la actividad pesquera y abriendo nuevos puntos de desarrollo econ\u00f3mico.<\/p>\n<\/div><\/section><\/div><div  style='height:50px' class='hr hr-invisible   avia-builder-el-6  el_after_av_one_full  el_before_av_social_share '><span class='hr-inner ' ><span class='hr-inner-style'><\/span><\/span><\/div><\/p>\n<div  class='av-social-sharing-box  avia-builder-el-7  el_after_av_hr  el_before_av_hr  '><div class='av-share-box'><h5 class='av-share-link-description av-no-toc '>Compartir esta noticia<\/h5><ul class='av-share-box-list noLightbox'><li class='av-share-link av-social-link-facebook' ><a target=\"_blank\" aria-label=\"Compartir en Facebook\" href='https:\/\/www.facebook.com\/sharer.php?u=https:\/\/radiorevelacionfm.cl\/?p=35569&#038;t=Promueven%20desarrollo%20pesquero%20y%20Ley%20de%20Caletas%20en%20Puerto%20Gaviota' aria-hidden='false' data-av_icon='\ue8f3' data-av_iconfont='entypo-fontello' title='' data-avia-related-tooltip='Compartir en Facebook' rel=\"noopener\"><span class='avia_hidden_link_text'>Compartir en Facebook<\/span><\/a><\/li><li class='av-share-link av-social-link-twitter' ><a target=\"_blank\" aria-label=\"Compartir en Twitter\" href='https:\/\/twitter.com\/share?text=Promueven%20desarrollo%20pesquero%20y%20Ley%20de%20Caletas%20en%20Puerto%20Gaviota&#038;url=https:\/\/radiorevelacionfm.cl\/?p=35569' aria-hidden='false' data-av_icon='\ue8f1' data-av_iconfont='entypo-fontello' title='' data-avia-related-tooltip='Compartir en Twitter' rel=\"noopener\"><span class='avia_hidden_link_text'>Compartir en Twitter<\/span><\/a><\/li><li class='av-share-link av-social-link-whatsapp' ><a target=\"_blank\" aria-label=\"Compartir en Whatsapp\" href='https:\/\/api.whatsapp.com\/send?text=https:\/\/radiorevelacionfm.cl\/?p=35569' aria-hidden='false' data-av_icon='\uf232' data-av_iconfont='entypo-fontello' title='' data-avia-related-tooltip='Compartir en Whatsapp' rel=\"noopener\"><span class='avia_hidden_link_text'>Compartir en Whatsapp<\/span><\/a><\/li><li class='av-share-link av-social-link-linkedin' ><a target=\"_blank\" aria-label=\"Compartir en LinkedIn\" href='https:\/\/linkedin.com\/shareArticle?mini=true&#038;title=Promueven%20desarrollo%20pesquero%20y%20Ley%20de%20Caletas%20en%20Puerto%20Gaviota&#038;url=https:\/\/radiorevelacionfm.cl\/?p=35569' aria-hidden='false' data-av_icon='\ue8fc' data-av_iconfont='entypo-fontello' title='' data-avia-related-tooltip='Compartir en LinkedIn' rel=\"noopener\"><span class='avia_hidden_link_text'>Compartir en LinkedIn<\/span><\/a><\/li><li class='av-share-link av-social-link-mail' ><a  aria-label=\"Compartir por correo\" href='mailto:?subject=Promueven%20desarrollo%20pesquero%20y%20Ley%20de%20Caletas%20en%20Puerto%20Gaviota&#038;body=https:\/\/radiorevelacionfm.cl\/?p=35569' aria-hidden='false' data-av_icon='\ue805' data-av_iconfont='entypo-fontello' title='' data-avia-related-tooltip='Compartir por correo'><span class='avia_hidden_link_text'>Compartir por correo<\/span><\/a><\/li><\/ul><\/div><\/div>\n<div  style='height:50px' class='hr hr-invisible   avia-builder-el-8  el_after_av_social_share  el_before_av_comments_list '><span class='hr-inner ' ><span class='hr-inner-style'><\/span><\/span><\/div>\n<div  class='av-buildercomment  av-blog-meta-html-info-disabled av-blog-meta-tag-disabled  '><\/div>\n","protected":false},"excerpt":{"rendered":"","protected":false},"author":1,"featured_media":35570,"comment_status":"open","ping_status":"open","sticky":false,"template":"","format":"standard","meta":{"footnotes":""},"categories":[60],"tags":[],"class_list":["post-35569","post","type-post","status-publish","format-standard","has-post-thumbnail","hentry","category-pesca"],"jetpack_featured_media_url":"https:\/\/radiorevelacionfm.cl\/wp-content\/uploads\/2023\/10\/1-_4_-1-1.jpg","_links":{"self":[{"href":"https:\/\/radiorevelacionfm.cl\/index.php?rest_route=\/wp\/v2\/posts\/35569","targetHints":{"allow":["GET"]}}],"collection":[{"href":"https:\/\/radiorevelacionfm.cl\/index.php?rest_route=\/wp\/v2\/posts"}],"about":[{"href":"https:\/\/radiorevelacionfm.cl\/index.php?rest_route=\/wp\/v2\/types\/post"}],"author":[{"embeddable":true,"href":"https:\/\/radiorevelacionfm.cl\/index.php?rest_route=\/wp\/v2\/users\/1"}],"replies":[{"embeddable":true,"href":"https:\/\/radiorevelacionfm.cl\/index.php?rest_route=%2Fwp%2Fv2%2Fcomments&post=35569"}],"version-history":[{"count":1,"href":"https:\/\/radiorevelacionfm.cl\/index.php?rest_route=\/wp\/v2\/posts\/35569\/revisions"}],"predecessor-version":[{"id":35571,"href":"https:\/\/radiorevelacionfm.cl\/index.php?rest_route=\/wp\/v2\/posts\/35569\/revisions\/35571"}],"wp:featuredmedia":[{"embeddable":true,"href":"https:\/\/radiorevelacionfm.cl\/index.php?rest_route=\/wp\/v2\/media\/35570"}],"wp:attachment":[{"href":"https:\/\/radiorevelacionfm.cl\/index.php?rest_route=%2Fwp%2Fv2%2Fmedia&parent=35569"}],"wp:term":[{"taxonomy":"category","embeddable":true,"href":"https:\/\/radiorevelacionfm.cl\/index.php?rest_route=%2Fwp%2Fv2%2Fcategories&post=35569"},{"taxonomy":"post_tag","embeddable":true,"href":"https:\/\/radiorevelacionfm.cl\/index.php?rest_route=%2Fwp%2Fv2%2Ftags&post=35569"}],"curies":[{"name":"wp","href":"https:\/\/api.w.org\/{rel}","templated":true}]}}