{"id":35565,"date":"2023-10-02T20:45:54","date_gmt":"2023-10-02T23:45:54","guid":{"rendered":"https:\/\/radiorevelacionfm.cl\/?p=35565"},"modified":"2023-10-02T20:45:54","modified_gmt":"2023-10-02T23:45:54","slug":"autoridades-reconocieron-y-celebraron-a-hombres-y-mujeres-guardaparques-en-su-dia","status":"publish","type":"post","link":"https:\/\/radiorevelacionfm.cl\/?p=35565","title":{"rendered":"Autoridades reconocieron y celebraron a hombres y mujeres Guardaparques en su d\u00eda"},"content":{"rendered":"<div class=\"flex_column av_one_full  flex_column_div av-zero-column-padding first  avia-builder-el-0  el_before_av_one_full  avia-builder-el-first  \" style='border-radius:0px; '><div  class='avia-image-container  av-styling-    avia-builder-el-1  avia-builder-el-no-sibling  avia-align-center '  itemprop=\"image\" itemscope=\"itemscope\" itemtype=\"https:\/\/schema.org\/ImageObject\"  ><div class='avia-image-container-inner'><div class='avia-image-overlay-wrap'><img decoding=\"async\" class='wp-image-35566 avia-img-lazy-loading-not-35566 avia_image' src=\"https:\/\/radiorevelacionfm.cl\/wp-content\/uploads\/2023\/10\/foto-4-6-1-1_optimized-1.jpeg\" alt='' title='foto-4-(6)-(1)-(1)_optimized (1)' height=\"600\" width=\"800\"  itemprop=\"thumbnailUrl\" srcset=\"https:\/\/radiorevelacionfm.cl\/wp-content\/uploads\/2023\/10\/foto-4-6-1-1_optimized-1.jpeg 800w, https:\/\/radiorevelacionfm.cl\/wp-content\/uploads\/2023\/10\/foto-4-6-1-1_optimized-1-300x225.jpeg 300w, https:\/\/radiorevelacionfm.cl\/wp-content\/uploads\/2023\/10\/foto-4-6-1-1_optimized-1-768x576.jpeg 768w, https:\/\/radiorevelacionfm.cl\/wp-content\/uploads\/2023\/10\/foto-4-6-1-1_optimized-1-705x529.jpeg 705w, https:\/\/radiorevelacionfm.cl\/wp-content\/uploads\/2023\/10\/foto-4-6-1-1_optimized-1-450x338.jpeg 450w, https:\/\/radiorevelacionfm.cl\/wp-content\/uploads\/2023\/10\/foto-4-6-1-1_optimized-1-600x450.jpeg 600w\" sizes=\"(max-width: 800px) 100vw, 800px\" \/><\/div><\/div><\/div><\/div>\n<div class=\"flex_column av_one_full  flex_column_div av-zero-column-padding first  avia-builder-el-2  el_after_av_one_full  el_before_av_one_full  column-top-margin\" style='border-radius:0px; '><section class=\"av_textblock_section \"  itemscope=\"itemscope\" itemtype=\"https:\/\/schema.org\/BlogPosting\" itemprop=\"blogPost\" ><div class='avia_textblock  '   itemprop=\"text\" ><p style=\"text-align: center;\"><strong><span style=\"font-size: 18pt;\">Autoridades reconocieron y celebraron a hombres y mujeres Guardaparques en su d\u00eda<\/span><\/strong><\/p>\n<div id=\"gtx-trans\" style=\"position: absolute; left: -50px; top: 4.31534px;\">\n<div class=\"gtx-trans-icon\"><\/div>\n<\/div>\n<\/div><\/section><\/div>\n<div class=\"flex_column av_one_full  flex_column_div av-zero-column-padding first  avia-builder-el-4  el_after_av_one_full  el_before_av_hr  column-top-margin\" style='border-radius:0px; '><section class=\"av_textblock_section \"  itemscope=\"itemscope\" itemtype=\"https:\/\/schema.org\/BlogPosting\" itemprop=\"blogPost\" ><div class='avia_textblock  '   itemprop=\"text\" ><p class=\"v1MsoNormal\" style=\"text-align: justify;\"><span lang=\"ES\">Con una jornada de capacitaci\u00f3n y una ceremonia en la que se entregaron reconocimientos a cuatro de nuestros guardaparques, quienes se han destacado por su \u00a0vinculaci\u00f3n con la comunidad, accesibilidad universal, la aplicaci\u00f3n de nuevas tecnolog\u00edas en monitoreo para la conservaci\u00f3n de la biodiversidad, adem\u00e1s de Integraci\u00f3n de la equidad de g\u00e9nero, Conaf Ays\u00e9n celebr\u00f3 el D\u00eda Nacional del Guardaparques.<\/span><\/p>\n<p class=\"v1MsoNormal\" style=\"text-align: justify;\"><span lang=\"ES\">La actividad, que se realiz\u00f3 el pasado 28 de septiembre en dependencias de la Corporaci\u00f3n Nacional Forestal (CONAF), y a la que asisti\u00f3 la totalidad del cuerpo de guardaparques, fue encabezada por nuestra Directora Regional, Loreto Pedrasa Manieu, y cont\u00f3 con la participaci\u00f3n de los Seremis de Agricultura y Medio Ambiente, Alan Espinoza Ortiz y Yoal D\u00edaz Reyes, respectivamente, adem\u00e1s de Directores de Servicios de Agro;\u00a0 Luis Azocar Carrillo, representante del sindicato de trabajadores de CONAF y Juan Pincheira Villalobos, Representante del Cuerpo de Guardaparques.<\/span><\/p>\n<p class=\"v1MsoNormal\" style=\"text-align: justify;\"><span lang=\"ES\">En la oportunidad, las autoridades asistentes valoraron y\u00a0 reconocieron la labor de los hombres y las mujeres que trabajan en pro de la conservaci\u00f3n del patrimonio natural y cultural que albergan las 103 unidades que componen el Sistema Nacional de \u00c1reas Silvestres Protegidas (SNASPE), conformado por 39 parques nacionales, 48 reservas nacionales y 16 monumentos naturales.<\/span><\/p>\n<p class=\"v1MsoNormal\" style=\"text-align: justify;\"><span lang=\"ES\">En este sentido, la Directora Regional de Conaf, destac\u00f3 la labor del cuerpo de guardaparques, se\u00f1alando que \u00abson un elemento fundamental para la administraci\u00f3n de las \u00e1reas silvestres y el el contacto con las comunidades aleda\u00f1as a las \u00c1reas Silvestres,\u00a0 para el desarrollo de las mismas y para el contacto de ellas con la naturaleza.<\/span><\/p>\n<p class=\"v1MsoNormal\" style=\"text-align: justify;\"><span lang=\"ES\">\u00abEsta celebraci\u00f3n del D\u00eda del Guardaparques -agreg\u00f3 Pedrasa Manieu-, viene con diversas actividades de capacitaci\u00f3n para que as\u00ed el cuerpo de guardaparques\u00a0 cuente con las habilidades necesarias para realizar su labor de la mejor manera posible.<\/span><\/p>\n<p class=\"v1MsoNormal\" style=\"text-align: justify;\"><span lang=\"ES\">En tanto, el Seremi de Agricultura, Alan Espinoza Ortiz, se\u00f1al\u00f3: \u00abQueremos reconocer el noble trabajo de todas las y los guardaparques lo largo y ancho de todo nuestro territorio, en especial nuestra regi\u00f3n de Ays\u00e9n donde parte importante su territorio m\u00e1s del 50% \u00c1reas Silvestres Protegidas. Por eso, a los 43 funcionarias y funcionarios de la CONAF, queremos hoy d\u00eda extender un tremendo reconocimiento y queremos seguir trabajando juntos y en conjunto por una mejor agricultura para nuestra regi\u00f3n de Ays\u00e9n\u00bb.<\/span><\/p>\n<p class=\"v1MsoNormal\" style=\"text-align: justify;\"><span lang=\"ES\">En este mismo sentido, el Seremi de Medio Ambiente, Yoal D\u00edaz, relev\u00f3 la promulgaci\u00f3n de la Ley <\/span><span lang=\"ES\">del Servicio de Biodiversidad y \u00c1reas Protegidas, se\u00f1alando que \u00abes una transformaci\u00f3n <\/span><span lang=\"ES\">institucional que viene a fortalecer el rol y pone tambi\u00e9n en relevancia lo que implica tener \u00e1reas <\/span><span lang=\"ES\">silvestres protegidas y en esa extensi\u00f3n en nuestra en nuestra regi\u00f3n. Por lo tanto, la invitaci\u00f3n es a seguir trabajando en colaboraci\u00f3n con el Ministerio Agricultura, con la CONAF, con todo lo guardaparques y as\u00ed podamos llegar y lograr la implementaci\u00f3n de un servicio que viene a transformar la mirada que tiene el territorio y las \u00e1reas silvestres protegidas del pa\u00eds.\u00bb<\/span><\/p>\n<p class=\"v1MsoNormal\" style=\"text-align: justify;\"><span lang=\"ES\">Por \u00faltimo, el representante de los guardaparques, Juan Pincheira, agradeci\u00f3 en nombre de sus compa\u00f1eros por la actividad, se\u00f1alando que: \u00abNosotros estamos muy contentos de que se conmemore el d\u00eda del guardaparque. Ahora, el 30 de septiembre lo estamos celebrando un poco antes y estamos muy contentos de las palabras que nos han dado, del reconocimiento y el equipo de ac\u00e1 est\u00e1 bien comprometido, as\u00ed que eso es. Muchas gracias\u00bb.<\/span><\/p>\n<p class=\"v1MsoNormal\" style=\"text-align: justify;\"><span lang=\"ES\">Cabe destacar que en esta ocasi\u00f3n los reconocimientos recayeron en Benjam\u00edn\u00a0 Molina\u00a0\u00a0 Landeros, guardaparques administrador del sector Jeinimeni del PN Patagonia, por vinculaci\u00f3n (participaci\u00f3n) comunitaria; Hern\u00e1n Amado Ojeda, guardaparques de la RN Coyhaique, por accesibilidad universal; Mario Alegr\u00eda Tenorio, administrador subrogante del PN Cerro Castillo, por la aplicaci\u00f3n y\/o innovaci\u00f3n de tecnolog\u00edas en el Monitoreo y Conservaci\u00f3n de la Biodiversidad (aplicaci\u00f3n y\/o innovaci\u00f3n); y finalmente, pero no menos importante, Mireya Azocar Bahamonde, guardaparque del PN Cerro Castillo, por integraci\u00f3n de la equidad de g\u00e9nero.<\/span><\/p>\n<p class=\"v1MsoNormal\" style=\"text-align: justify;\"><span lang=\"ES\">\u00a0<\/span><\/p>\n<\/div><\/section><\/div><div  style='height:50px' class='hr hr-invisible   avia-builder-el-6  el_after_av_one_full  el_before_av_social_share '><span class='hr-inner ' ><span class='hr-inner-style'><\/span><\/span><\/div><\/p>\n<div  class='av-social-sharing-box  avia-builder-el-7  el_after_av_hr  el_before_av_hr  '><div class='av-share-box'><h5 class='av-share-link-description av-no-toc '>Compartir esta noticia<\/h5><ul class='av-share-box-list noLightbox'><li class='av-share-link av-social-link-facebook' ><a target=\"_blank\" aria-label=\"Compartir en Facebook\" href='https:\/\/www.facebook.com\/sharer.php?u=https:\/\/radiorevelacionfm.cl\/?p=35565&#038;t=Autoridades%20reconocieron%20y%20celebraron%20a%20hombres%20y%20mujeres%20Guardaparques%20en%20su%20d%C3%ADa' aria-hidden='false' data-av_icon='\ue8f3' data-av_iconfont='entypo-fontello' title='' data-avia-related-tooltip='Compartir en Facebook' rel=\"noopener\"><span class='avia_hidden_link_text'>Compartir en Facebook<\/span><\/a><\/li><li class='av-share-link av-social-link-twitter' ><a target=\"_blank\" aria-label=\"Compartir en Twitter\" href='https:\/\/twitter.com\/share?text=Autoridades%20reconocieron%20y%20celebraron%20a%20hombres%20y%20mujeres%20Guardaparques%20en%20su%20d%C3%ADa&#038;url=https:\/\/radiorevelacionfm.cl\/?p=35565' aria-hidden='false' data-av_icon='\ue8f1' data-av_iconfont='entypo-fontello' title='' data-avia-related-tooltip='Compartir en Twitter' rel=\"noopener\"><span class='avia_hidden_link_text'>Compartir en Twitter<\/span><\/a><\/li><li class='av-share-link av-social-link-whatsapp' ><a target=\"_blank\" aria-label=\"Compartir en Whatsapp\" href='https:\/\/api.whatsapp.com\/send?text=https:\/\/radiorevelacionfm.cl\/?p=35565' aria-hidden='false' data-av_icon='\uf232' data-av_iconfont='entypo-fontello' title='' data-avia-related-tooltip='Compartir en Whatsapp' rel=\"noopener\"><span class='avia_hidden_link_text'>Compartir en Whatsapp<\/span><\/a><\/li><li class='av-share-link av-social-link-linkedin' ><a target=\"_blank\" aria-label=\"Compartir en LinkedIn\" href='https:\/\/linkedin.com\/shareArticle?mini=true&#038;title=Autoridades%20reconocieron%20y%20celebraron%20a%20hombres%20y%20mujeres%20Guardaparques%20en%20su%20d%C3%ADa&#038;url=https:\/\/radiorevelacionfm.cl\/?p=35565' aria-hidden='false' data-av_icon='\ue8fc' data-av_iconfont='entypo-fontello' title='' data-avia-related-tooltip='Compartir en LinkedIn' rel=\"noopener\"><span class='avia_hidden_link_text'>Compartir en LinkedIn<\/span><\/a><\/li><li class='av-share-link av-social-link-mail' ><a  aria-label=\"Compartir por correo\" href='mailto:?subject=Autoridades%20reconocieron%20y%20celebraron%20a%20hombres%20y%20mujeres%20Guardaparques%20en%20su%20d%C3%ADa&#038;body=https:\/\/radiorevelacionfm.cl\/?p=35565' aria-hidden='false' data-av_icon='\ue805' data-av_iconfont='entypo-fontello' title='' data-avia-related-tooltip='Compartir por correo'><span class='avia_hidden_link_text'>Compartir por correo<\/span><\/a><\/li><\/ul><\/div><\/div>\n<div  style='height:50px' class='hr hr-invisible   avia-builder-el-8  el_after_av_social_share  el_before_av_comments_list '><span class='hr-inner ' ><span class='hr-inner-style'><\/span><\/span><\/div>\n<div  class='av-buildercomment  av-blog-meta-html-info-disabled av-blog-meta-tag-disabled  '><\/div>\n","protected":false},"excerpt":{"rendered":"","protected":false},"author":1,"featured_media":35566,"comment_status":"open","ping_status":"open","sticky":false,"template":"","format":"standard","meta":{"footnotes":""},"categories":[38],"tags":[],"class_list":["post-35565","post","type-post","status-publish","format-standard","has-post-thumbnail","hentry","category-regional"],"jetpack_featured_media_url":"https:\/\/radiorevelacionfm.cl\/wp-content\/uploads\/2023\/10\/foto-4-6-1-1_optimized-1.jpeg","_links":{"self":[{"href":"https:\/\/radiorevelacionfm.cl\/index.php?rest_route=\/wp\/v2\/posts\/35565","targetHints":{"allow":["GET"]}}],"collection":[{"href":"https:\/\/radiorevelacionfm.cl\/index.php?rest_route=\/wp\/v2\/posts"}],"about":[{"href":"https:\/\/radiorevelacionfm.cl\/index.php?rest_route=\/wp\/v2\/types\/post"}],"author":[{"embeddable":true,"href":"https:\/\/radiorevelacionfm.cl\/index.php?rest_route=\/wp\/v2\/users\/1"}],"replies":[{"embeddable":true,"href":"https:\/\/radiorevelacionfm.cl\/index.php?rest_route=%2Fwp%2Fv2%2Fcomments&post=35565"}],"version-history":[{"count":2,"href":"https:\/\/radiorevelacionfm.cl\/index.php?rest_route=\/wp\/v2\/posts\/35565\/revisions"}],"predecessor-version":[{"id":35568,"href":"https:\/\/radiorevelacionfm.cl\/index.php?rest_route=\/wp\/v2\/posts\/35565\/revisions\/35568"}],"wp:featuredmedia":[{"embeddable":true,"href":"https:\/\/radiorevelacionfm.cl\/index.php?rest_route=\/wp\/v2\/media\/35566"}],"wp:attachment":[{"href":"https:\/\/radiorevelacionfm.cl\/index.php?rest_route=%2Fwp%2Fv2%2Fmedia&parent=35565"}],"wp:term":[{"taxonomy":"category","embeddable":true,"href":"https:\/\/radiorevelacionfm.cl\/index.php?rest_route=%2Fwp%2Fv2%2Fcategories&post=35565"},{"taxonomy":"post_tag","embeddable":true,"href":"https:\/\/radiorevelacionfm.cl\/index.php?rest_route=%2Fwp%2Fv2%2Ftags&post=35565"}],"curies":[{"name":"wp","href":"https:\/\/api.w.org\/{rel}","templated":true}]}}