{"id":35560,"date":"2023-10-02T18:02:30","date_gmt":"2023-10-02T21:02:30","guid":{"rendered":"https:\/\/radiorevelacionfm.cl\/?p=35560"},"modified":"2023-10-02T18:02:30","modified_gmt":"2023-10-02T21:02:30","slug":"formalizan-a-imputado-por-femicidio-frustrado-y-lesiones-menos-graves-en-contra-de-su-hija-de-3-anos","status":"publish","type":"post","link":"https:\/\/radiorevelacionfm.cl\/?p=35560","title":{"rendered":"Formalizan a imputado por femicidio frustrado y lesiones menos graves en contra de su hija de 3 a\u00f1os"},"content":{"rendered":"<div class=\"flex_column av_one_full  flex_column_div av-zero-column-padding first  avia-builder-el-0  el_before_av_one_full  avia-builder-el-first  \" style='border-radius:0px; '><div  class='avia-image-container  av-styling-    avia-builder-el-1  avia-builder-el-no-sibling  avia-align-center '  itemprop=\"image\" itemscope=\"itemscope\" itemtype=\"https:\/\/schema.org\/ImageObject\"  ><div class='avia-image-container-inner'><div class='avia-image-overlay-wrap'><img decoding=\"async\" class='wp-image-30466 avia-img-lazy-loading-not-30466 avia_image' src=\"https:\/\/radiorevelacionfm.cl\/wp-content\/uploads\/2023\/04\/fiscalia-1_optimized.jpeg\" alt='' title='fiscalia-(1)_optimized' height=\"600\" width=\"919\"  itemprop=\"thumbnailUrl\" srcset=\"https:\/\/radiorevelacionfm.cl\/wp-content\/uploads\/2023\/04\/fiscalia-1_optimized.jpeg 919w, https:\/\/radiorevelacionfm.cl\/wp-content\/uploads\/2023\/04\/fiscalia-1_optimized-300x196.jpeg 300w, https:\/\/radiorevelacionfm.cl\/wp-content\/uploads\/2023\/04\/fiscalia-1_optimized-768x501.jpeg 768w, https:\/\/radiorevelacionfm.cl\/wp-content\/uploads\/2023\/04\/fiscalia-1_optimized-705x460.jpeg 705w, https:\/\/radiorevelacionfm.cl\/wp-content\/uploads\/2023\/04\/fiscalia-1_optimized-450x294.jpeg 450w, https:\/\/radiorevelacionfm.cl\/wp-content\/uploads\/2023\/04\/fiscalia-1_optimized-600x392.jpeg 600w\" sizes=\"(max-width: 919px) 100vw, 919px\" \/><\/div><\/div><\/div><\/div><div class=\"flex_column av_one_full  flex_column_div av-zero-column-padding first  avia-builder-el-2  el_after_av_one_full  el_before_av_one_full  column-top-margin\" style='border-radius:0px; '><section class=\"av_textblock_section \"  itemscope=\"itemscope\" itemtype=\"https:\/\/schema.org\/BlogPosting\" itemprop=\"blogPost\" ><div class='avia_textblock  '   itemprop=\"text\" ><p style=\"text-align: center;\"><strong><span style=\"font-size: 18pt;\">Formalizan a imputado por femicidio frustrado y lesiones menos graves en contra de su hija de 3 a\u00f1os<\/span><\/strong><\/p>\n<div id=\"gtx-trans\" style=\"position: absolute; left: -50px; top: 4.31534px;\">\n<div class=\"gtx-trans-icon\"><\/div>\n<\/div>\n<\/div><\/section><\/div><div class=\"flex_column av_one_full  flex_column_div av-zero-column-padding first  avia-builder-el-4  el_after_av_one_full  el_before_av_hr  column-top-margin\" style='border-radius:0px; '><section class=\"av_textblock_section \"  itemscope=\"itemscope\" itemtype=\"https:\/\/schema.org\/BlogPosting\" itemprop=\"blogPost\" ><div class='avia_textblock  '   itemprop=\"text\" ><p style=\"font-weight: 400; text-align: justify;\">La Fiscal\u00eda Local de Coyhaique formaliz\u00f3 una investigaci\u00f3n por femicidio frustrado y lesiones menos graves en contra de un imputado de 35 a\u00f1os, quien agredi\u00f3 a su conviviente y tambi\u00e9n a su hija de tres a\u00f1os.<\/p>\n<p style=\"font-weight: 400; text-align: justify;\">Seg\u00fan explic\u00f3 el fiscal subrogante, Mat\u00edas Manzano, \u201cse control\u00f3 la detenci\u00f3n y formaliz\u00f3 investigaci\u00f3n en contra de un imputado que en horas de la madrugada del domingo 1\u00b0 de octubre, tras sostener una discusi\u00f3n con su conviviente en un domicilio de Coyhaique, procede a agredirla y posterior a eso, a ahorcarla\u201d.<\/p>\n<p style=\"font-weight: 400; text-align: justify;\">Esto, a\u00f1adi\u00f3 el persecutor penal, \u201cante la presencia de los hijos de la v\u00edctima que se encontraban al interior del domicilio, dentro de lo cual una menor de tres a\u00f1os trata de proteger a su madre\u201d, momento en que el imputado tambi\u00e9n agrede a la ni\u00f1a. El abogado Manzano agreg\u00f3 que, tras la llegada de Carabineros al lugar, \u201cel imputado trata de huir siendo posteriormente detenido por personal policial\u201d.<\/p>\n<p style=\"font-weight: 400; text-align: justify;\">FORMALIZACI\u00d3N<\/p>\n<p style=\"font-weight: 400; text-align: justify;\">El fiscal subrogante del Ministerio P\u00fablico sostuvo que \u201cse formaliz\u00f3 investigaci\u00f3n por femicidio frustrado y lesiones menos graves en el contexto de violencia intrafamiliar, esto \u00faltimo por las lesiones provocadas a la hija de tres a\u00f1os, siendo solicitada por el Ministerio P\u00fablico la medida cautelar de prisi\u00f3n preventiva, petici\u00f3n a la cual accedi\u00f3 el Juzgado de Garant\u00eda de Coyhaique\u201d.<\/p>\n<p style=\"font-weight: 400; text-align: justify;\">La prisi\u00f3n preventiva del imputado se decret\u00f3 por constituir la libertad del sujeto, \u201cun peligro para la seguridad de la sociedad, tomando tambi\u00e9n en consideraci\u00f3n que el imputado registraba condenas previas por delitos en contexto de violencia intrafamiliar\u201d.<\/p>\n<p style=\"font-weight: 400; text-align: justify;\">En el marco de este caso, \u201cse decret\u00f3 un plazo de investigaci\u00f3n de 60 d\u00edas a fin de completar la investigaci\u00f3n desarrollada por el Ministerio P\u00fablico\u201d, concluy\u00f3 Mat\u00edas Manzano.<\/p>\n<\/div><\/section><\/div><div  style='height:50px' class='hr hr-invisible   avia-builder-el-6  el_after_av_one_full  el_before_av_social_share '><span class='hr-inner ' ><span class='hr-inner-style'><\/span><\/span><\/div><\/p>\n<div  class='av-social-sharing-box  avia-builder-el-7  el_after_av_hr  el_before_av_hr  '><div class='av-share-box'><h5 class='av-share-link-description av-no-toc '>Compartir esta noticia<\/h5><ul class='av-share-box-list noLightbox'><li class='av-share-link av-social-link-facebook' ><a target=\"_blank\" aria-label=\"Compartir en Facebook\" href='https:\/\/www.facebook.com\/sharer.php?u=https:\/\/radiorevelacionfm.cl\/?p=35560&#038;t=Formalizan%20a%20imputado%20por%20femicidio%20frustrado%20y%20lesiones%20menos%20graves%20en%20contra%20de%20su%20hija%20de%203%20a%C3%B1os' aria-hidden='false' data-av_icon='\ue8f3' data-av_iconfont='entypo-fontello' title='' data-avia-related-tooltip='Compartir en Facebook' rel=\"noopener\"><span class='avia_hidden_link_text'>Compartir en Facebook<\/span><\/a><\/li><li class='av-share-link av-social-link-twitter' ><a target=\"_blank\" aria-label=\"Compartir en Twitter\" href='https:\/\/twitter.com\/share?text=Formalizan%20a%20imputado%20por%20femicidio%20frustrado%20y%20lesiones%20menos%20graves%20en%20contra%20de%20su%20hija%20de%203%20a%C3%B1os&#038;url=https:\/\/radiorevelacionfm.cl\/?p=35560' aria-hidden='false' data-av_icon='\ue8f1' data-av_iconfont='entypo-fontello' title='' data-avia-related-tooltip='Compartir en Twitter' rel=\"noopener\"><span class='avia_hidden_link_text'>Compartir en Twitter<\/span><\/a><\/li><li class='av-share-link av-social-link-whatsapp' ><a target=\"_blank\" aria-label=\"Compartir en Whatsapp\" href='https:\/\/api.whatsapp.com\/send?text=https:\/\/radiorevelacionfm.cl\/?p=35560' aria-hidden='false' data-av_icon='\uf232' data-av_iconfont='entypo-fontello' title='' data-avia-related-tooltip='Compartir en Whatsapp' rel=\"noopener\"><span class='avia_hidden_link_text'>Compartir en Whatsapp<\/span><\/a><\/li><li class='av-share-link av-social-link-linkedin' ><a target=\"_blank\" aria-label=\"Compartir en LinkedIn\" href='https:\/\/linkedin.com\/shareArticle?mini=true&#038;title=Formalizan%20a%20imputado%20por%20femicidio%20frustrado%20y%20lesiones%20menos%20graves%20en%20contra%20de%20su%20hija%20de%203%20a%C3%B1os&#038;url=https:\/\/radiorevelacionfm.cl\/?p=35560' aria-hidden='false' data-av_icon='\ue8fc' data-av_iconfont='entypo-fontello' title='' data-avia-related-tooltip='Compartir en LinkedIn' rel=\"noopener\"><span class='avia_hidden_link_text'>Compartir en LinkedIn<\/span><\/a><\/li><li class='av-share-link av-social-link-mail' ><a  aria-label=\"Compartir por correo\" href='mailto:?subject=Formalizan%20a%20imputado%20por%20femicidio%20frustrado%20y%20lesiones%20menos%20graves%20en%20contra%20de%20su%20hija%20de%203%20a%C3%B1os&#038;body=https:\/\/radiorevelacionfm.cl\/?p=35560' aria-hidden='false' data-av_icon='\ue805' data-av_iconfont='entypo-fontello' title='' data-avia-related-tooltip='Compartir por correo'><span class='avia_hidden_link_text'>Compartir por correo<\/span><\/a><\/li><\/ul><\/div><\/div>\n<div  style='height:50px' class='hr hr-invisible   avia-builder-el-8  el_after_av_social_share  el_before_av_comments_list '><span class='hr-inner ' ><span class='hr-inner-style'><\/span><\/span><\/div>\n<div  class='av-buildercomment  av-blog-meta-html-info-disabled av-blog-meta-tag-disabled  '><\/div>\n","protected":false},"excerpt":{"rendered":"","protected":false},"author":1,"featured_media":30466,"comment_status":"open","ping_status":"open","sticky":false,"template":"","format":"standard","meta":{"footnotes":""},"categories":[36],"tags":[],"class_list":["post-35560","post","type-post","status-publish","format-standard","has-post-thumbnail","hentry","category-policial"],"jetpack_featured_media_url":"https:\/\/radiorevelacionfm.cl\/wp-content\/uploads\/2023\/04\/fiscalia-1_optimized.jpeg","_links":{"self":[{"href":"https:\/\/radiorevelacionfm.cl\/index.php?rest_route=\/wp\/v2\/posts\/35560","targetHints":{"allow":["GET"]}}],"collection":[{"href":"https:\/\/radiorevelacionfm.cl\/index.php?rest_route=\/wp\/v2\/posts"}],"about":[{"href":"https:\/\/radiorevelacionfm.cl\/index.php?rest_route=\/wp\/v2\/types\/post"}],"author":[{"embeddable":true,"href":"https:\/\/radiorevelacionfm.cl\/index.php?rest_route=\/wp\/v2\/users\/1"}],"replies":[{"embeddable":true,"href":"https:\/\/radiorevelacionfm.cl\/index.php?rest_route=%2Fwp%2Fv2%2Fcomments&post=35560"}],"version-history":[{"count":1,"href":"https:\/\/radiorevelacionfm.cl\/index.php?rest_route=\/wp\/v2\/posts\/35560\/revisions"}],"predecessor-version":[{"id":35561,"href":"https:\/\/radiorevelacionfm.cl\/index.php?rest_route=\/wp\/v2\/posts\/35560\/revisions\/35561"}],"wp:featuredmedia":[{"embeddable":true,"href":"https:\/\/radiorevelacionfm.cl\/index.php?rest_route=\/wp\/v2\/media\/30466"}],"wp:attachment":[{"href":"https:\/\/radiorevelacionfm.cl\/index.php?rest_route=%2Fwp%2Fv2%2Fmedia&parent=35560"}],"wp:term":[{"taxonomy":"category","embeddable":true,"href":"https:\/\/radiorevelacionfm.cl\/index.php?rest_route=%2Fwp%2Fv2%2Fcategories&post=35560"},{"taxonomy":"post_tag","embeddable":true,"href":"https:\/\/radiorevelacionfm.cl\/index.php?rest_route=%2Fwp%2Fv2%2Ftags&post=35560"}],"curies":[{"name":"wp","href":"https:\/\/api.w.org\/{rel}","templated":true}]}}