{"id":35555,"date":"2023-10-02T18:39:35","date_gmt":"2023-10-02T21:39:35","guid":{"rendered":"https:\/\/radiorevelacionfm.cl\/?p=35555"},"modified":"2023-10-02T18:39:35","modified_gmt":"2023-10-02T21:39:35","slug":"tortel-a-traves-de-mis-ojos-reconociendo-la-mirada-de-ninos-y-ninas-sobre-su-propio-territorio","status":"publish","type":"post","link":"https:\/\/radiorevelacionfm.cl\/?p=35555","title":{"rendered":"Tortel a trav\u00e9s de mis ojos: reconociendo la mirada de ni\u00f1os y ni\u00f1as sobre su propio territorio"},"content":{"rendered":"<div class=\"flex_column av_one_full  flex_column_div av-zero-column-padding first  avia-builder-el-0  el_before_av_one_full  avia-builder-el-first  \" style='border-radius:0px; '><div  class='avia-image-container  av-styling-    avia-builder-el-1  avia-builder-el-no-sibling  avia-align-center '  itemprop=\"image\" itemscope=\"itemscope\" itemtype=\"https:\/\/schema.org\/ImageObject\"  ><div class='avia-image-container-inner'><div class='avia-image-overlay-wrap'><img decoding=\"async\" class='wp-image-35556 avia-img-lazy-loading-not-35556 avia_image' src=\"https:\/\/radiorevelacionfm.cl\/wp-content\/uploads\/2023\/10\/1696269808176-1_optimized.jpg\" alt='' title='1696269808176-(1)_optimized' height=\"600\" width=\"800\"  itemprop=\"thumbnailUrl\" srcset=\"https:\/\/radiorevelacionfm.cl\/wp-content\/uploads\/2023\/10\/1696269808176-1_optimized.jpg 800w, https:\/\/radiorevelacionfm.cl\/wp-content\/uploads\/2023\/10\/1696269808176-1_optimized-300x225.jpg 300w, https:\/\/radiorevelacionfm.cl\/wp-content\/uploads\/2023\/10\/1696269808176-1_optimized-768x576.jpg 768w, https:\/\/radiorevelacionfm.cl\/wp-content\/uploads\/2023\/10\/1696269808176-1_optimized-705x529.jpg 705w, https:\/\/radiorevelacionfm.cl\/wp-content\/uploads\/2023\/10\/1696269808176-1_optimized-450x338.jpg 450w, https:\/\/radiorevelacionfm.cl\/wp-content\/uploads\/2023\/10\/1696269808176-1_optimized-600x450.jpg 600w\" sizes=\"(max-width: 800px) 100vw, 800px\" \/><\/div><\/div><\/div><\/div><div class=\"flex_column av_one_full  flex_column_div av-zero-column-padding first  avia-builder-el-2  el_after_av_one_full  el_before_av_one_full  column-top-margin\" style='border-radius:0px; '><section class=\"av_textblock_section \"  itemscope=\"itemscope\" itemtype=\"https:\/\/schema.org\/BlogPosting\" itemprop=\"blogPost\" ><div class='avia_textblock  '   itemprop=\"text\" ><p style=\"text-align: center;\"><span style=\"font-size: 18pt;\"><strong>Tortel a trav\u00e9s de mis ojos: reconociendo la mirada de ni\u00f1os y ni\u00f1as sobre su propio territorio<\/strong><\/span><\/p>\n<div id=\"gtx-trans\" style=\"position: absolute; left: -50px; top: 4.31534px;\">\n<div class=\"gtx-trans-icon\"><\/div>\n<\/div>\n<\/div><\/section><\/div><div class=\"flex_column av_one_full  flex_column_div av-zero-column-padding first  avia-builder-el-4  el_after_av_one_full  el_before_av_hr  column-top-margin\" style='border-radius:0px; '><section class=\"av_textblock_section \"  itemscope=\"itemscope\" itemtype=\"https:\/\/schema.org\/BlogPosting\" itemprop=\"blogPost\" ><div class='avia_textblock  '   itemprop=\"text\" ><p style=\"text-align: justify;\">La comuna de Caleta Tortel destaca como un territorio con una geograf\u00eda particular. Vistas panor\u00e1micas, fiordos, glaciares y una memoria cultural guardada por pioneros y pioneras. Y aunque las generaciones van cambiando, para la administraci\u00f3n del alcalde Abel Becerra Vidal, la relaci\u00f3n de los m\u00e1s peque\u00f1os con su historia y patrimonio es fundamental.<\/p>\n<p style=\"text-align: justify;\">As\u00ed, este s\u00e1bado 30 de septiembre se dio inicio al proyecto FNDR 8% \u201cTortel a trav\u00e9s de mis ojos\u201d, documento audiovisual que narra la relaci\u00f3n de ni\u00f1os y ni\u00f1as con la localidad que habitan. En su hito de lanzamiento, los participantes realizaron una visita guiada al monumento hist\u00f3rico Isla de los Muertos, lugar donde reconocieron parte de la historia de su comuna.<\/p>\n<p style=\"text-align: justify;\">Para la administraci\u00f3n del alcalde Abel Becerra Vidal esta iniciativa es de suma relevancia, ya que evidencia su compromiso y visi\u00f3n por rescatar y relevar la historia de Tortel, a las nuevas generaciones. <em>\u201cHoy d\u00eda estamos en la primera jornada del proyecto que es financiado por el gobierno regional, y por supuesto apoyado por nosotros, como administraci\u00f3n de la municipalidad de Caleta Tortel y donde estamos vinculando a alumnos de la comuna a que se acerquen a la historia de la comuna\u201d<\/em> asegura Abel Becerra Vidal, alcalde de Tortel.<\/p>\n<p>Y es que el proyecto FNDR 8% \u00abTortel a trav\u00e9s de mis ojos\u00bb, es una iniciativa que busca salvaguardar el patrimonio natural a partir de la mirada que los ni\u00f1os y ni\u00f1as locales tienen de su entorno, enfatizando en su rol como guardadores de tradiciones y responsables del bienestar de la biodiversidad.<\/p>\n<p>Ocho ni\u00f1os ser\u00e1n los protagonistas de una aventura donde la identidad tortelina es la piedra angular en el relato, la que tendr\u00e1 como producto final cuatro micro documentales que dar\u00e1n una pincelada de la historia local, a partir de la mirada de los participantes.<\/p>\n<p style=\"text-align: justify;\"><em>\u201cPara nosotros como administraci\u00f3n municipal, es fundamental poder generar instancias dirigidas a toda nuestra comunidad y por sobre todo a los ni\u00f1os y ni\u00f1as de la comuna. Para que ellos conozcan cu\u00e1les son los distintos territorios que tenemos, la riqueza que nos rodea y que este conocimiento lo puedan transmitir desde su mirada\u201d<\/em> agrega Leslie Vargas, directora de Desarrollo Comunitario.<\/p>\n<p style=\"text-align: justify;\">El proyecto \u201cTortel a trav\u00e9s de mis ojos\u201d contempla cuatro salidas a terreno a distintos lugares ubicados en Caleta Tortel, cuyo desarrollo ser\u00e1 documentado en las cuatro c\u00e1psulas audiovisuales ya mencionadas. El resultado final del proceso ser\u00e1 dado a conocer en su comuna de origen y tambi\u00e9n en Coyhaique, capital de la regi\u00f3n de Ays\u00e9n.<\/p>\n<\/div><\/section><\/div><div  style='height:50px' class='hr hr-invisible   avia-builder-el-6  el_after_av_one_full  el_before_av_social_share '><span class='hr-inner ' ><span class='hr-inner-style'><\/span><\/span><\/div><\/p>\n<div  class='av-social-sharing-box  avia-builder-el-7  el_after_av_hr  el_before_av_hr  '><div class='av-share-box'><h5 class='av-share-link-description av-no-toc '>Compartir esta noticia<\/h5><ul class='av-share-box-list noLightbox'><li class='av-share-link av-social-link-facebook' ><a target=\"_blank\" aria-label=\"Compartir en Facebook\" href='https:\/\/www.facebook.com\/sharer.php?u=https:\/\/radiorevelacionfm.cl\/?p=35555&#038;t=Tortel%20a%20trav%C3%A9s%20de%20mis%20ojos%3A%20reconociendo%20la%20mirada%20de%20ni%C3%B1os%20y%20ni%C3%B1as%20sobre%20su%20propio%20territorio' aria-hidden='false' data-av_icon='\ue8f3' data-av_iconfont='entypo-fontello' title='' data-avia-related-tooltip='Compartir en Facebook' rel=\"noopener\"><span class='avia_hidden_link_text'>Compartir en Facebook<\/span><\/a><\/li><li class='av-share-link av-social-link-twitter' ><a target=\"_blank\" aria-label=\"Compartir en Twitter\" href='https:\/\/twitter.com\/share?text=Tortel%20a%20trav%C3%A9s%20de%20mis%20ojos%3A%20reconociendo%20la%20mirada%20de%20ni%C3%B1os%20y%20ni%C3%B1as%20sobre%20su%20propio%20territorio&#038;url=https:\/\/radiorevelacionfm.cl\/?p=35555' aria-hidden='false' data-av_icon='\ue8f1' data-av_iconfont='entypo-fontello' title='' data-avia-related-tooltip='Compartir en Twitter' rel=\"noopener\"><span class='avia_hidden_link_text'>Compartir en Twitter<\/span><\/a><\/li><li class='av-share-link av-social-link-whatsapp' ><a target=\"_blank\" aria-label=\"Compartir en Whatsapp\" href='https:\/\/api.whatsapp.com\/send?text=https:\/\/radiorevelacionfm.cl\/?p=35555' aria-hidden='false' data-av_icon='\uf232' data-av_iconfont='entypo-fontello' title='' data-avia-related-tooltip='Compartir en Whatsapp' rel=\"noopener\"><span class='avia_hidden_link_text'>Compartir en Whatsapp<\/span><\/a><\/li><li class='av-share-link av-social-link-linkedin' ><a target=\"_blank\" aria-label=\"Compartir en LinkedIn\" href='https:\/\/linkedin.com\/shareArticle?mini=true&#038;title=Tortel%20a%20trav%C3%A9s%20de%20mis%20ojos%3A%20reconociendo%20la%20mirada%20de%20ni%C3%B1os%20y%20ni%C3%B1as%20sobre%20su%20propio%20territorio&#038;url=https:\/\/radiorevelacionfm.cl\/?p=35555' aria-hidden='false' data-av_icon='\ue8fc' data-av_iconfont='entypo-fontello' title='' data-avia-related-tooltip='Compartir en LinkedIn' rel=\"noopener\"><span class='avia_hidden_link_text'>Compartir en LinkedIn<\/span><\/a><\/li><li class='av-share-link av-social-link-mail' ><a  aria-label=\"Compartir por correo\" href='mailto:?subject=Tortel%20a%20trav%C3%A9s%20de%20mis%20ojos%3A%20reconociendo%20la%20mirada%20de%20ni%C3%B1os%20y%20ni%C3%B1as%20sobre%20su%20propio%20territorio&#038;body=https:\/\/radiorevelacionfm.cl\/?p=35555' aria-hidden='false' data-av_icon='\ue805' data-av_iconfont='entypo-fontello' title='' data-avia-related-tooltip='Compartir por correo'><span class='avia_hidden_link_text'>Compartir por correo<\/span><\/a><\/li><\/ul><\/div><\/div>\n<div  style='height:50px' class='hr hr-invisible   avia-builder-el-8  el_after_av_social_share  el_before_av_comments_list '><span class='hr-inner ' ><span class='hr-inner-style'><\/span><\/span><\/div>\n<div  class='av-buildercomment  av-blog-meta-html-info-disabled av-blog-meta-tag-disabled  '><\/div>\n","protected":false},"excerpt":{"rendered":"","protected":false},"author":1,"featured_media":35556,"comment_status":"open","ping_status":"open","sticky":false,"template":"","format":"standard","meta":{"footnotes":""},"categories":[38],"tags":[],"class_list":["post-35555","post","type-post","status-publish","format-standard","has-post-thumbnail","hentry","category-regional"],"jetpack_featured_media_url":"https:\/\/radiorevelacionfm.cl\/wp-content\/uploads\/2023\/10\/1696269808176-1_optimized.jpg","_links":{"self":[{"href":"https:\/\/radiorevelacionfm.cl\/index.php?rest_route=\/wp\/v2\/posts\/35555","targetHints":{"allow":["GET"]}}],"collection":[{"href":"https:\/\/radiorevelacionfm.cl\/index.php?rest_route=\/wp\/v2\/posts"}],"about":[{"href":"https:\/\/radiorevelacionfm.cl\/index.php?rest_route=\/wp\/v2\/types\/post"}],"author":[{"embeddable":true,"href":"https:\/\/radiorevelacionfm.cl\/index.php?rest_route=\/wp\/v2\/users\/1"}],"replies":[{"embeddable":true,"href":"https:\/\/radiorevelacionfm.cl\/index.php?rest_route=%2Fwp%2Fv2%2Fcomments&post=35555"}],"version-history":[{"count":1,"href":"https:\/\/radiorevelacionfm.cl\/index.php?rest_route=\/wp\/v2\/posts\/35555\/revisions"}],"predecessor-version":[{"id":35557,"href":"https:\/\/radiorevelacionfm.cl\/index.php?rest_route=\/wp\/v2\/posts\/35555\/revisions\/35557"}],"wp:featuredmedia":[{"embeddable":true,"href":"https:\/\/radiorevelacionfm.cl\/index.php?rest_route=\/wp\/v2\/media\/35556"}],"wp:attachment":[{"href":"https:\/\/radiorevelacionfm.cl\/index.php?rest_route=%2Fwp%2Fv2%2Fmedia&parent=35555"}],"wp:term":[{"taxonomy":"category","embeddable":true,"href":"https:\/\/radiorevelacionfm.cl\/index.php?rest_route=%2Fwp%2Fv2%2Fcategories&post=35555"},{"taxonomy":"post_tag","embeddable":true,"href":"https:\/\/radiorevelacionfm.cl\/index.php?rest_route=%2Fwp%2Fv2%2Ftags&post=35555"}],"curies":[{"name":"wp","href":"https:\/\/api.w.org\/{rel}","templated":true}]}}