{"id":35552,"date":"2023-10-02T20:05:34","date_gmt":"2023-10-02T23:05:34","guid":{"rendered":"https:\/\/radiorevelacionfm.cl\/?p=35552"},"modified":"2023-10-02T20:05:34","modified_gmt":"2023-10-02T23:05:34","slug":"un-centenar-de-vecinos-celebraron-el-dia-de-las-artes-visuales-en-feria-las-quintas","status":"publish","type":"post","link":"https:\/\/radiorevelacionfm.cl\/?p=35552","title":{"rendered":"Un centenar de vecinos celebraron el D\u00eda de las Artes Visuales en Feria Las Quintas"},"content":{"rendered":"<div class=\"flex_column av_one_full  flex_column_div av-zero-column-padding first  avia-builder-el-0  el_before_av_one_full  avia-builder-el-first  \" style='border-radius:0px; '><div  class='avia-image-container  av-styling-    avia-builder-el-1  avia-builder-el-no-sibling  avia-align-center '  itemprop=\"image\" itemscope=\"itemscope\" itemtype=\"https:\/\/schema.org\/ImageObject\"  ><div class='avia-image-container-inner'><div class='avia-image-overlay-wrap'><img decoding=\"async\" class='wp-image-35553 avia-img-lazy-loading-not-35553 avia_image' src=\"https:\/\/radiorevelacionfm.cl\/wp-content\/uploads\/2023\/10\/culturas-aysen_rava_dia-aavv3-1_optimized.jpeg\" alt='' title='culturas-aysen_rava_dia-aavv3-(1)_optimized' height=\"600\" width=\"800\"  itemprop=\"thumbnailUrl\" srcset=\"https:\/\/radiorevelacionfm.cl\/wp-content\/uploads\/2023\/10\/culturas-aysen_rava_dia-aavv3-1_optimized.jpeg 800w, https:\/\/radiorevelacionfm.cl\/wp-content\/uploads\/2023\/10\/culturas-aysen_rava_dia-aavv3-1_optimized-300x225.jpeg 300w, https:\/\/radiorevelacionfm.cl\/wp-content\/uploads\/2023\/10\/culturas-aysen_rava_dia-aavv3-1_optimized-768x576.jpeg 768w, https:\/\/radiorevelacionfm.cl\/wp-content\/uploads\/2023\/10\/culturas-aysen_rava_dia-aavv3-1_optimized-705x529.jpeg 705w, https:\/\/radiorevelacionfm.cl\/wp-content\/uploads\/2023\/10\/culturas-aysen_rava_dia-aavv3-1_optimized-450x338.jpeg 450w, https:\/\/radiorevelacionfm.cl\/wp-content\/uploads\/2023\/10\/culturas-aysen_rava_dia-aavv3-1_optimized-600x450.jpeg 600w\" sizes=\"(max-width: 800px) 100vw, 800px\" \/><\/div><\/div><\/div><\/div><div class=\"flex_column av_one_full  flex_column_div av-zero-column-padding first  avia-builder-el-2  el_after_av_one_full  el_before_av_one_full  column-top-margin\" style='border-radius:0px; '><section class=\"av_textblock_section \"  itemscope=\"itemscope\" itemtype=\"https:\/\/schema.org\/BlogPosting\" itemprop=\"blogPost\" ><div class='avia_textblock  '   itemprop=\"text\" ><p style=\"text-align: center;\"><strong><span style=\"font-size: 18pt;\">Un centenar de vecinos celebraron el D\u00eda de las Artes Visuales en Feria Las Quintas<\/span><\/strong><\/p>\n<div id=\"gtx-trans\" style=\"position: absolute; left: -50px; top: 4.31534px;\">\n<div class=\"gtx-trans-icon\"><\/div>\n<\/div>\n<\/div><\/section><\/div><div class=\"flex_column av_one_full  flex_column_div av-zero-column-padding first  avia-builder-el-4  el_after_av_one_full  el_before_av_hr  column-top-margin\" style='border-radius:0px; '><section class=\"av_textblock_section \"  itemscope=\"itemscope\" itemtype=\"https:\/\/schema.org\/BlogPosting\" itemprop=\"blogPost\" ><div class='avia_textblock  '   itemprop=\"text\" ><p style=\"text-align: justify;\">Al menos un centenar de vecinos y vecinas de Coyhaique participaron en las celebraciones del D\u00eda Nacional de las Artes Visuales , que en nuestra capital regional tuvo lugar en la Feria Las Quintas.<\/p>\n<p style=\"text-align: justify;\">El trabajo, financiado por la Seremi de Culturas Ays\u00e9n, y llevado adelante por la Red de Artistas Visuales, RAVA Ays\u00e9n, consisti\u00f3 en una serie de talleres y un conversatorio, actividades que despertaron la curiosidad de quienes transitaron por la tradicional feria.<\/p>\n<p style=\"text-align: justify;\">Fredy Jofr\u00e9, artista visual y parte de RAVA Ays\u00e9n, explic\u00f3 que \u201ccon gran \u00e9xito y excelente\u00a0 participaci\u00f3n ciudadana se llev\u00f3 a cabo la celebraci\u00f3n del D\u00eda de las Artes Visuales. La actividad, que cont\u00f3 con talleres gratuitos de diversas disciplinas , como el dibujo, grabado , pintura, cer\u00e1mica, sorprendi\u00f3, cautiv\u00f3 y provoc\u00f3 una alta\u00a0 participaci\u00f3n por parte de las y los asistentes. Como agrupaci\u00f3n, estas instancias.<\/p>\n<p style=\"text-align: justify;\">Felipe Quiroz, Seremi de Culturas Ays\u00e9n, dijo que \u201cel arte en permanente conversaci\u00f3n con el espacio p\u00fablico; interpela los espacios y sus habitantes. Por eso result\u00f3 tan fascinante para el p\u00fablico de la Feria Las Quintas que la celebraci\u00f3n del D\u00eda de las Artes Visuales salga de los espacios convencionales y se acerque a los lugares donde las comunidades viven y respiran, como esta feria coyhaiquina. Como Gobierno, seguiremos trabajando en esta l\u00ednea, siempre del lado de creadores y en contacto con la comunidad\u201d.<\/p>\n<p style=\"text-align: justify;\">El taller de cer\u00e1mica estuvo cargo de \u00d3scar Picarte, quien trabaj\u00f3 moldeado y greda con moldes predeterminados. Cristina Pustela dict\u00f3 el taller de Grabado y Xilograf\u00eda en peque\u00f1o formato, solo en blanco y negro con gubias y matrices: \u201cHicieron grabados a cuchara, sin prensa, manual a la antigua. El d\u00eda estaba espectacular para el secado de las obras\u201d, detall\u00f3 Fredy.<\/p>\n<p style=\"text-align: justify;\">En acr\u00edlico trabaj\u00f3 Cristina Guti\u00e9rrez, tambi\u00e9n en peque\u00f1o formato, de 10 cm \u00d7 10 cm\u00a0 con materiales poco comunes como la c\u00farcuma y el bicarbonato. Fredy Jofr\u00e9 dict\u00f3 el taller de Dibujo, donde aplic\u00f3 l\u00e1piz grafito y de colores.<\/p>\n<p style=\"text-align: justify;\">Finalmente, el conservatorio vers\u00f3 sobre la gran pregunta: \u00bfQu\u00e9 es el arte?, y se exhibieron las\u00a0respuestas de las y los participantes y se trabaj\u00f3 con tizas de colores a libre disposici\u00f3n del p\u00fablico para crear en los alrededores de la feria.<\/p>\n<\/div><\/section><\/div><div  style='height:50px' class='hr hr-invisible   avia-builder-el-6  el_after_av_one_full  el_before_av_social_share '><span class='hr-inner ' ><span class='hr-inner-style'><\/span><\/span><\/div><\/p>\n<div  class='av-social-sharing-box  avia-builder-el-7  el_after_av_hr  el_before_av_hr  '><div class='av-share-box'><h5 class='av-share-link-description av-no-toc '>Compartir esta noticia<\/h5><ul class='av-share-box-list noLightbox'><li class='av-share-link av-social-link-facebook' ><a target=\"_blank\" aria-label=\"Compartir en Facebook\" href='https:\/\/www.facebook.com\/sharer.php?u=https:\/\/radiorevelacionfm.cl\/?p=35552&#038;t=Un%20centenar%20de%20vecinos%20celebraron%20el%20D%C3%ADa%20de%20las%20Artes%20Visuales%20en%20Feria%20Las%20Quintas' aria-hidden='false' data-av_icon='\ue8f3' data-av_iconfont='entypo-fontello' title='' data-avia-related-tooltip='Compartir en Facebook' rel=\"noopener\"><span class='avia_hidden_link_text'>Compartir en Facebook<\/span><\/a><\/li><li class='av-share-link av-social-link-twitter' ><a target=\"_blank\" aria-label=\"Compartir en Twitter\" href='https:\/\/twitter.com\/share?text=Un%20centenar%20de%20vecinos%20celebraron%20el%20D%C3%ADa%20de%20las%20Artes%20Visuales%20en%20Feria%20Las%20Quintas&#038;url=https:\/\/radiorevelacionfm.cl\/?p=35552' aria-hidden='false' data-av_icon='\ue8f1' data-av_iconfont='entypo-fontello' title='' data-avia-related-tooltip='Compartir en Twitter' rel=\"noopener\"><span class='avia_hidden_link_text'>Compartir en Twitter<\/span><\/a><\/li><li class='av-share-link av-social-link-whatsapp' ><a target=\"_blank\" aria-label=\"Compartir en Whatsapp\" href='https:\/\/api.whatsapp.com\/send?text=https:\/\/radiorevelacionfm.cl\/?p=35552' aria-hidden='false' data-av_icon='\uf232' data-av_iconfont='entypo-fontello' title='' data-avia-related-tooltip='Compartir en Whatsapp' rel=\"noopener\"><span class='avia_hidden_link_text'>Compartir en Whatsapp<\/span><\/a><\/li><li class='av-share-link av-social-link-linkedin' ><a target=\"_blank\" aria-label=\"Compartir en LinkedIn\" href='https:\/\/linkedin.com\/shareArticle?mini=true&#038;title=Un%20centenar%20de%20vecinos%20celebraron%20el%20D%C3%ADa%20de%20las%20Artes%20Visuales%20en%20Feria%20Las%20Quintas&#038;url=https:\/\/radiorevelacionfm.cl\/?p=35552' aria-hidden='false' data-av_icon='\ue8fc' data-av_iconfont='entypo-fontello' title='' data-avia-related-tooltip='Compartir en LinkedIn' rel=\"noopener\"><span class='avia_hidden_link_text'>Compartir en LinkedIn<\/span><\/a><\/li><li class='av-share-link av-social-link-mail' ><a  aria-label=\"Compartir por correo\" href='mailto:?subject=Un%20centenar%20de%20vecinos%20celebraron%20el%20D%C3%ADa%20de%20las%20Artes%20Visuales%20en%20Feria%20Las%20Quintas&#038;body=https:\/\/radiorevelacionfm.cl\/?p=35552' aria-hidden='false' data-av_icon='\ue805' data-av_iconfont='entypo-fontello' title='' data-avia-related-tooltip='Compartir por correo'><span class='avia_hidden_link_text'>Compartir por correo<\/span><\/a><\/li><\/ul><\/div><\/div>\n<div  style='height:50px' class='hr hr-invisible   avia-builder-el-8  el_after_av_social_share  el_before_av_comments_list '><span class='hr-inner ' ><span class='hr-inner-style'><\/span><\/span><\/div>\n<div  class='av-buildercomment  av-blog-meta-html-info-disabled av-blog-meta-tag-disabled  '><\/div>\n","protected":false},"excerpt":{"rendered":"","protected":false},"author":1,"featured_media":35553,"comment_status":"open","ping_status":"open","sticky":false,"template":"","format":"standard","meta":{"footnotes":""},"categories":[52],"tags":[],"class_list":["post-35552","post","type-post","status-publish","format-standard","has-post-thumbnail","hentry","category-cultura"],"jetpack_featured_media_url":"https:\/\/radiorevelacionfm.cl\/wp-content\/uploads\/2023\/10\/culturas-aysen_rava_dia-aavv3-1_optimized.jpeg","_links":{"self":[{"href":"https:\/\/radiorevelacionfm.cl\/index.php?rest_route=\/wp\/v2\/posts\/35552","targetHints":{"allow":["GET"]}}],"collection":[{"href":"https:\/\/radiorevelacionfm.cl\/index.php?rest_route=\/wp\/v2\/posts"}],"about":[{"href":"https:\/\/radiorevelacionfm.cl\/index.php?rest_route=\/wp\/v2\/types\/post"}],"author":[{"embeddable":true,"href":"https:\/\/radiorevelacionfm.cl\/index.php?rest_route=\/wp\/v2\/users\/1"}],"replies":[{"embeddable":true,"href":"https:\/\/radiorevelacionfm.cl\/index.php?rest_route=%2Fwp%2Fv2%2Fcomments&post=35552"}],"version-history":[{"count":1,"href":"https:\/\/radiorevelacionfm.cl\/index.php?rest_route=\/wp\/v2\/posts\/35552\/revisions"}],"predecessor-version":[{"id":35554,"href":"https:\/\/radiorevelacionfm.cl\/index.php?rest_route=\/wp\/v2\/posts\/35552\/revisions\/35554"}],"wp:featuredmedia":[{"embeddable":true,"href":"https:\/\/radiorevelacionfm.cl\/index.php?rest_route=\/wp\/v2\/media\/35553"}],"wp:attachment":[{"href":"https:\/\/radiorevelacionfm.cl\/index.php?rest_route=%2Fwp%2Fv2%2Fmedia&parent=35552"}],"wp:term":[{"taxonomy":"category","embeddable":true,"href":"https:\/\/radiorevelacionfm.cl\/index.php?rest_route=%2Fwp%2Fv2%2Fcategories&post=35552"},{"taxonomy":"post_tag","embeddable":true,"href":"https:\/\/radiorevelacionfm.cl\/index.php?rest_route=%2Fwp%2Fv2%2Ftags&post=35552"}],"curies":[{"name":"wp","href":"https:\/\/api.w.org\/{rel}","templated":true}]}}