{"id":35549,"date":"2023-10-02T17:37:14","date_gmt":"2023-10-02T20:37:14","guid":{"rendered":"https:\/\/radiorevelacionfm.cl\/?p=35549"},"modified":"2023-10-02T17:37:14","modified_gmt":"2023-10-02T20:37:14","slug":"entregan-nuevo-camion-recolector-para-rio-ibanez-cuya-inversion-supera-los-180-millones","status":"publish","type":"post","link":"https:\/\/radiorevelacionfm.cl\/?p=35549","title":{"rendered":"Entregan nuevo cami\u00f3n recolector para R\u00edo Ib\u00e1\u00f1ez, cuya inversi\u00f3n supera los $180 millones"},"content":{"rendered":"<div class=\"flex_column av_one_full  flex_column_div av-zero-column-padding first  avia-builder-el-0  el_before_av_one_full  avia-builder-el-first  \" style='border-radius:0px; '><div  class='avia-image-container  av-styling-    avia-builder-el-1  avia-builder-el-no-sibling  avia-align-center '  itemprop=\"image\" itemscope=\"itemscope\" itemtype=\"https:\/\/schema.org\/ImageObject\"  ><div class='avia-image-container-inner'><div class='avia-image-overlay-wrap'><img decoding=\"async\" class='wp-image-35550 avia-img-lazy-loading-not-35550 avia_image' src=\"https:\/\/radiorevelacionfm.cl\/wp-content\/uploads\/2023\/10\/WhatsApp-Image-2023-09-29-at-13.28.22-1-1.jpeg\" alt='' title='WhatsApp Image 2023-09-29 at 13.28.22 (1) (1)' height=\"600\" width=\"1067\"  itemprop=\"thumbnailUrl\" srcset=\"https:\/\/radiorevelacionfm.cl\/wp-content\/uploads\/2023\/10\/WhatsApp-Image-2023-09-29-at-13.28.22-1-1.jpeg 1067w, https:\/\/radiorevelacionfm.cl\/wp-content\/uploads\/2023\/10\/WhatsApp-Image-2023-09-29-at-13.28.22-1-1-300x169.jpeg 300w, https:\/\/radiorevelacionfm.cl\/wp-content\/uploads\/2023\/10\/WhatsApp-Image-2023-09-29-at-13.28.22-1-1-1030x579.jpeg 1030w, https:\/\/radiorevelacionfm.cl\/wp-content\/uploads\/2023\/10\/WhatsApp-Image-2023-09-29-at-13.28.22-1-1-768x432.jpeg 768w, https:\/\/radiorevelacionfm.cl\/wp-content\/uploads\/2023\/10\/WhatsApp-Image-2023-09-29-at-13.28.22-1-1-705x396.jpeg 705w, https:\/\/radiorevelacionfm.cl\/wp-content\/uploads\/2023\/10\/WhatsApp-Image-2023-09-29-at-13.28.22-1-1-450x253.jpeg 450w, https:\/\/radiorevelacionfm.cl\/wp-content\/uploads\/2023\/10\/WhatsApp-Image-2023-09-29-at-13.28.22-1-1-600x337.jpeg 600w\" sizes=\"(max-width: 1067px) 100vw, 1067px\" \/><\/div><\/div><\/div><\/div><div class=\"flex_column av_one_full  flex_column_div av-zero-column-padding first  avia-builder-el-2  el_after_av_one_full  el_before_av_one_full  column-top-margin\" style='border-radius:0px; '><section class=\"av_textblock_section \"  itemscope=\"itemscope\" itemtype=\"https:\/\/schema.org\/BlogPosting\" itemprop=\"blogPost\" ><div class='avia_textblock  '   itemprop=\"text\" ><p style=\"text-align: center;\"><strong><span style=\"font-size: 18pt;\">Entregan nuevo cami\u00f3n recolector para R\u00edo Ib\u00e1\u00f1ez, cuya inversi\u00f3n supera los $180 millones<\/span><\/strong><\/p>\n<div id=\"gtx-trans\" style=\"position: absolute; left: -50px; top: 4.31534px;\">\n<div class=\"gtx-trans-icon\"><\/div>\n<\/div>\n<\/div><\/section><\/div><div class=\"flex_column av_one_full  flex_column_div av-zero-column-padding first  avia-builder-el-4  el_after_av_one_full  el_before_av_hr  column-top-margin\" style='border-radius:0px; '><section class=\"av_textblock_section \"  itemscope=\"itemscope\" itemtype=\"https:\/\/schema.org\/BlogPosting\" itemprop=\"blogPost\" ><div class='avia_textblock  '   itemprop=\"text\" ><p dir=\"ltr\" style=\"text-align: justify;\">\u00abEstoy contento, porque se han mejorado las cosas y ahora lleg\u00f3 este cami\u00f3n ac\u00e1 y seguimos trabajando a pesar de todo el tiempo que ha pasado\u00bb, dijo contento Julio Cea Morales, quien desde 1989 trabaja en el \u00e1rea de gesti\u00f3n de residuos de la comuna de R\u00edo Ib\u00e1\u00f1ez. Cuando postul\u00f3 a la licitaci\u00f3n, lo hizo con un carro y uno de sus caballos, desde ese momento ha visto la evoluci\u00f3n y mejora de la recolecci\u00f3n de basura en el territorio.<\/p>\n<p dir=\"ltr\" style=\"text-align: justify;\">De 15 metros c\u00fabicos y con funci\u00f3n cuatro por cuatro es la nueva m\u00e1quina que este viernes la Gobernadora Regional, Andrea Mac\u00edas Palma, y el jefe de la Divisi\u00f3n de Infraestructura y Transporte (DIT) \u00d3scar Del Solar Navarrete,\u00a0 entregaron oficialmente a la comuna dirigida por el alcalde Marcelo Santana.<\/p>\n<p dir=\"ltr\" style=\"text-align: justify;\">\u00abEstamos muy contentos como Gobierno Regional de Ays\u00e9n y su Consejo, de estar en este tremendo hito aqu\u00ed con el alcalde de Ib\u00e1\u00f1ez, con la comunidad, compartiendo esta felicidad que significa contar con un nuevo cami\u00f3n recolector\u00bb, dijo la Gobernadora Mac\u00edas.<\/p>\n<p dir=\"ltr\" style=\"text-align: justify;\">La adquisici\u00f3n de esta nueva maquinaria para la comuna es parte del Plan de Gesti\u00f3n de Residuos Domiciliarios, que la administraci\u00f3n de la Gobernadora retom\u00f3 luego de unos a\u00f1os paralizado. El costo del veh\u00edculo es de casi $180 millones de pesos, los que se suman a los $125 millones que se aportan en concepto de operaci\u00f3n. Ante el aporte la autoridad regional manifest\u00f3 que: \u00abPor lo tanto, como Gobierno Regional es directa la colaboraci\u00f3n con los municipios, dado que tienen esta funci\u00f3n, sin embargo no siempre se cuenta con todo lo necesario para poder ofrecer este servicio a la comunidad de la manera que tambi\u00e9n se merece\u00bb.<\/p>\n<p dir=\"ltr\" style=\"text-align: justify;\">Uno de los objetivos de retomar la gesti\u00f3n de residuos, es tambi\u00e9n cambiarle la cara a la actividad. Por ello, el cami\u00f3n cuenta con una gr\u00e1fica personalizada de la comuna de Ib\u00e1\u00f1ez y que tambi\u00e9n representa a todas sus localidades.<\/p>\n<p dir=\"ltr\" style=\"text-align: justify;\">El alcalde de la comuna, Marcelo Santana, expres\u00f3 que tener este plan es mejorar los servicios municipales, ya que \u00aben ese sentido la recolecci\u00f3n de residuos es un servicio fundamental para el funcionamiento de las localidades. En la misma l\u00ednea, coment\u00f3 que: \u00abpara nosotros como municipio este proyecto nos va a ayudar mucho a mejorar la gesti\u00f3n de recolecci\u00f3n que hacemos, en este caso, en Puerto Ib\u00e1\u00f1ez y en Cerro Castillo, duplicando esa capacidad diaria de recolecci\u00f3n\u00bb.<\/p>\n<p dir=\"ltr\" style=\"text-align: justify;\">La llegada del nuevo veh\u00edculo permitir\u00e1 que los camiones recolectores que ya existen en el territorio, detienen tu recorrido a Bah\u00eda Murta y Puerto Tranquilo.<\/p>\n<\/div><\/section><\/div><div  style='height:50px' class='hr hr-invisible   avia-builder-el-6  el_after_av_one_full  el_before_av_social_share '><span class='hr-inner ' ><span class='hr-inner-style'><\/span><\/span><\/div><\/p>\n<div  class='av-social-sharing-box  avia-builder-el-7  el_after_av_hr  el_before_av_hr  '><div class='av-share-box'><h5 class='av-share-link-description av-no-toc '>Compartir esta noticia<\/h5><ul class='av-share-box-list noLightbox'><li class='av-share-link av-social-link-facebook' ><a target=\"_blank\" aria-label=\"Compartir en Facebook\" href='https:\/\/www.facebook.com\/sharer.php?u=https:\/\/radiorevelacionfm.cl\/?p=35549&#038;t=Entregan%20nuevo%20cami%C3%B3n%20recolector%20para%20R%C3%ADo%20Ib%C3%A1%C3%B1ez%2C%20cuya%20inversi%C3%B3n%20supera%20los%20%24180%20millones' aria-hidden='false' data-av_icon='\ue8f3' data-av_iconfont='entypo-fontello' title='' data-avia-related-tooltip='Compartir en Facebook' rel=\"noopener\"><span class='avia_hidden_link_text'>Compartir en Facebook<\/span><\/a><\/li><li class='av-share-link av-social-link-twitter' ><a target=\"_blank\" aria-label=\"Compartir en Twitter\" href='https:\/\/twitter.com\/share?text=Entregan%20nuevo%20cami%C3%B3n%20recolector%20para%20R%C3%ADo%20Ib%C3%A1%C3%B1ez%2C%20cuya%20inversi%C3%B3n%20supera%20los%20%24180%20millones&#038;url=https:\/\/radiorevelacionfm.cl\/?p=35549' aria-hidden='false' data-av_icon='\ue8f1' data-av_iconfont='entypo-fontello' title='' data-avia-related-tooltip='Compartir en Twitter' rel=\"noopener\"><span class='avia_hidden_link_text'>Compartir en Twitter<\/span><\/a><\/li><li class='av-share-link av-social-link-whatsapp' ><a target=\"_blank\" aria-label=\"Compartir en Whatsapp\" href='https:\/\/api.whatsapp.com\/send?text=https:\/\/radiorevelacionfm.cl\/?p=35549' aria-hidden='false' data-av_icon='\uf232' data-av_iconfont='entypo-fontello' title='' data-avia-related-tooltip='Compartir en Whatsapp' rel=\"noopener\"><span class='avia_hidden_link_text'>Compartir en Whatsapp<\/span><\/a><\/li><li class='av-share-link av-social-link-linkedin' ><a target=\"_blank\" aria-label=\"Compartir en LinkedIn\" href='https:\/\/linkedin.com\/shareArticle?mini=true&#038;title=Entregan%20nuevo%20cami%C3%B3n%20recolector%20para%20R%C3%ADo%20Ib%C3%A1%C3%B1ez%2C%20cuya%20inversi%C3%B3n%20supera%20los%20%24180%20millones&#038;url=https:\/\/radiorevelacionfm.cl\/?p=35549' aria-hidden='false' data-av_icon='\ue8fc' data-av_iconfont='entypo-fontello' title='' data-avia-related-tooltip='Compartir en LinkedIn' rel=\"noopener\"><span class='avia_hidden_link_text'>Compartir en LinkedIn<\/span><\/a><\/li><li class='av-share-link av-social-link-mail' ><a  aria-label=\"Compartir por correo\" href='mailto:?subject=Entregan%20nuevo%20cami%C3%B3n%20recolector%20para%20R%C3%ADo%20Ib%C3%A1%C3%B1ez%2C%20cuya%20inversi%C3%B3n%20supera%20los%20%24180%20millones&#038;body=https:\/\/radiorevelacionfm.cl\/?p=35549' aria-hidden='false' data-av_icon='\ue805' data-av_iconfont='entypo-fontello' title='' data-avia-related-tooltip='Compartir por correo'><span class='avia_hidden_link_text'>Compartir por correo<\/span><\/a><\/li><\/ul><\/div><\/div>\n<div  style='height:50px' class='hr hr-invisible   avia-builder-el-8  el_after_av_social_share  el_before_av_comments_list '><span class='hr-inner ' ><span class='hr-inner-style'><\/span><\/span><\/div>\n<div  class='av-buildercomment  av-blog-meta-html-info-disabled av-blog-meta-tag-disabled  '><\/div>\n","protected":false},"excerpt":{"rendered":"","protected":false},"author":1,"featured_media":35550,"comment_status":"open","ping_status":"open","sticky":false,"template":"","format":"standard","meta":{"footnotes":""},"categories":[38],"tags":[],"class_list":["post-35549","post","type-post","status-publish","format-standard","has-post-thumbnail","hentry","category-regional"],"jetpack_featured_media_url":"https:\/\/radiorevelacionfm.cl\/wp-content\/uploads\/2023\/10\/WhatsApp-Image-2023-09-29-at-13.28.22-1-1.jpeg","_links":{"self":[{"href":"https:\/\/radiorevelacionfm.cl\/index.php?rest_route=\/wp\/v2\/posts\/35549","targetHints":{"allow":["GET"]}}],"collection":[{"href":"https:\/\/radiorevelacionfm.cl\/index.php?rest_route=\/wp\/v2\/posts"}],"about":[{"href":"https:\/\/radiorevelacionfm.cl\/index.php?rest_route=\/wp\/v2\/types\/post"}],"author":[{"embeddable":true,"href":"https:\/\/radiorevelacionfm.cl\/index.php?rest_route=\/wp\/v2\/users\/1"}],"replies":[{"embeddable":true,"href":"https:\/\/radiorevelacionfm.cl\/index.php?rest_route=%2Fwp%2Fv2%2Fcomments&post=35549"}],"version-history":[{"count":1,"href":"https:\/\/radiorevelacionfm.cl\/index.php?rest_route=\/wp\/v2\/posts\/35549\/revisions"}],"predecessor-version":[{"id":35551,"href":"https:\/\/radiorevelacionfm.cl\/index.php?rest_route=\/wp\/v2\/posts\/35549\/revisions\/35551"}],"wp:featuredmedia":[{"embeddable":true,"href":"https:\/\/radiorevelacionfm.cl\/index.php?rest_route=\/wp\/v2\/media\/35550"}],"wp:attachment":[{"href":"https:\/\/radiorevelacionfm.cl\/index.php?rest_route=%2Fwp%2Fv2%2Fmedia&parent=35549"}],"wp:term":[{"taxonomy":"category","embeddable":true,"href":"https:\/\/radiorevelacionfm.cl\/index.php?rest_route=%2Fwp%2Fv2%2Fcategories&post=35549"},{"taxonomy":"post_tag","embeddable":true,"href":"https:\/\/radiorevelacionfm.cl\/index.php?rest_route=%2Fwp%2Fv2%2Ftags&post=35549"}],"curies":[{"name":"wp","href":"https:\/\/api.w.org\/{rel}","templated":true}]}}