{"id":35546,"date":"2023-10-03T11:09:25","date_gmt":"2023-10-03T14:09:25","guid":{"rendered":"https:\/\/radiorevelacionfm.cl\/?p=35546"},"modified":"2023-10-03T11:09:25","modified_gmt":"2023-10-03T14:09:25","slug":"destacan-anuncio-de-presupuesto-de-la-nacion-para-el-ano-2024","status":"publish","type":"post","link":"https:\/\/radiorevelacionfm.cl\/?p=35546","title":{"rendered":"Destacan anuncio de presupuesto de la naci\u00f3n para el a\u00f1o 2024"},"content":{"rendered":"<div class=\"flex_column av_one_full  flex_column_div av-zero-column-padding first  avia-builder-el-0  el_before_av_one_full  avia-builder-el-first  \" style='border-radius:0px; '><div  class='avia-image-container  av-styling-    avia-builder-el-1  avia-builder-el-no-sibling  avia-align-center '  itemprop=\"image\" itemscope=\"itemscope\" itemtype=\"https:\/\/schema.org\/ImageObject\"  ><div class='avia-image-container-inner'><div class='avia-image-overlay-wrap'><img decoding=\"async\" class='wp-image-35547 avia-img-lazy-loading-not-35547 avia_image' src=\"https:\/\/radiorevelacionfm.cl\/wp-content\/uploads\/2023\/10\/Jorge-Diaz-Guzman-DPPAysen-1-1.jpg\" alt='' title='Jorge Diaz Guzm\u00e1n DPPAys\u00e9n (1) (1)' height=\"600\" width=\"785\"  itemprop=\"thumbnailUrl\" srcset=\"https:\/\/radiorevelacionfm.cl\/wp-content\/uploads\/2023\/10\/Jorge-Diaz-Guzman-DPPAysen-1-1.jpg 785w, https:\/\/radiorevelacionfm.cl\/wp-content\/uploads\/2023\/10\/Jorge-Diaz-Guzman-DPPAysen-1-1-300x229.jpg 300w, https:\/\/radiorevelacionfm.cl\/wp-content\/uploads\/2023\/10\/Jorge-Diaz-Guzman-DPPAysen-1-1-768x587.jpg 768w, https:\/\/radiorevelacionfm.cl\/wp-content\/uploads\/2023\/10\/Jorge-Diaz-Guzman-DPPAysen-1-1-705x539.jpg 705w, https:\/\/radiorevelacionfm.cl\/wp-content\/uploads\/2023\/10\/Jorge-Diaz-Guzman-DPPAysen-1-1-450x344.jpg 450w, https:\/\/radiorevelacionfm.cl\/wp-content\/uploads\/2023\/10\/Jorge-Diaz-Guzman-DPPAysen-1-1-600x459.jpg 600w\" sizes=\"(max-width: 785px) 100vw, 785px\" \/><\/div><\/div><\/div><\/div><div class=\"flex_column av_one_full  flex_column_div av-zero-column-padding first  avia-builder-el-2  el_after_av_one_full  el_before_av_one_full  column-top-margin\" style='border-radius:0px; '><section class=\"av_textblock_section \"  itemscope=\"itemscope\" itemtype=\"https:\/\/schema.org\/BlogPosting\" itemprop=\"blogPost\" ><div class='avia_textblock  '   itemprop=\"text\" ><p style=\"text-align: center;\"><strong><span style=\"font-size: 18pt;\">Destacan anuncio de presupuesto de la naci\u00f3n para el a\u00f1o 2024<\/span><\/strong><\/p>\n<div id=\"gtx-trans\" style=\"position: absolute; left: -50px; top: 4.31534px;\">\n<div class=\"gtx-trans-icon\"><\/div>\n<\/div>\n<\/div><\/section><\/div><div class=\"flex_column av_one_full  flex_column_div av-zero-column-padding first  avia-builder-el-4  el_after_av_one_full  el_before_av_hr  column-top-margin\" style='border-radius:0px; '><section class=\"av_textblock_section \"  itemscope=\"itemscope\" itemtype=\"https:\/\/schema.org\/BlogPosting\" itemprop=\"blogPost\" ><div class='avia_textblock  '   itemprop=\"text\" ><p class=\"v1MsoNormal\" style=\"text-align: justify;\">Tras el reciente anuncio de la Ley de Presupuesto de la Naci\u00f3n para el a\u00f1o 2024 por parte del Presidente Gabriel Boric, el cual busca ampliar en un 3,5 % el gasto p\u00fablico, el Delegado Presidencial Provincial de Ays\u00e9n, Jorge D\u00edaz Guzm\u00e1n, relev\u00f3 las \u00e1reas donde se focalizar\u00e1n los esfuerzos de \u00a0inversi\u00f3n.<\/p>\n<p class=\"v1MsoNormal\" style=\"text-align: justify;\">La autoridad provincial enfatiz\u00f3 en el objetivo de la propuesta de Hacienda que ser\u00e1 enviada al Congreso, donde, lo que se busca -dijo- es seguir abriendo opciones de desarrollo para todas las personas de Chile, sin importar el lugar donde \u00e9stas vivan.<\/p>\n<p class=\"v1MsoNormal\" style=\"text-align: justify;\">En esta misma l\u00ednea, Jorge D\u00edaz Guzm\u00e1n, declar\u00f3 que \u00abel anuncio\u00a0 del Presidente de la Rep\u00fablica se traduce en mayor crecimiento para el pa\u00eds y una preocupaci\u00f3n muy especial por las personas y sus principales necesidades\u00bb, agreg\u00f3.<\/p>\n<p class=\"v1MsoNormal\" style=\"text-align: justify;\">Es as\u00ed como\u00a0 los ejes de inversi\u00f3n ver\u00e1n incrementados sus presupuestos en \u00e1reas como la salud (8,1%), donde se espera seguir avanzando en la reducci\u00f3n de\u00a0 listas de espera;\u00a0 Vivienda (11,9%), con la meta de entregar 260 mil nuevas casas en el pa\u00eds; Educaci\u00f3n (4,2 %) para consolidar el Plan de Reactivaci\u00f3n Educativa y m\u00e1s gratuidad; Emergencias (28%) para la prevenci\u00f3n y combate de incendios forestales, Seguridad (5,7%), mediante el fortalecimiento de las polic\u00edas\u00a0 y Cultura (6,8 %), con mayor infraestructura.<\/p>\n<p class=\"v1MsoNormal\" style=\"text-align: justify;\">Al vincular el anuncio presupuestario nacional, con la Regi\u00f3n y Provincia de Ays\u00e9n, Jorge D\u00edaz, explic\u00f3 que es muy importante el desarrollo en infraestructura\u00a0 p\u00fablica y conectividad que se proyecta para las zonas extremas. \u00abEl impacto ser\u00e1 muy significativo, debido a que\u00a0 nuestro territorio est\u00e1 en etapa de equipamiento, por lo que este tipo de anuncios se ven reflejados en el fortalecimiento de nuestra red caminera, pavimentaci\u00f3n, caletas pesqueras, aeropuertos, consolidando la log\u00edstica que nuestra Regi\u00f3n para aspirar al desarrollo que todos anhelamos, concluy\u00f3.<\/p>\n<\/div><\/section><\/div><div  style='height:50px' class='hr hr-invisible   avia-builder-el-6  el_after_av_one_full  el_before_av_social_share '><span class='hr-inner ' ><span class='hr-inner-style'><\/span><\/span><\/div><\/p>\n<div  class='av-social-sharing-box  avia-builder-el-7  el_after_av_hr  el_before_av_hr  '><div class='av-share-box'><h5 class='av-share-link-description av-no-toc '>Compartir esta noticia<\/h5><ul class='av-share-box-list noLightbox'><li class='av-share-link av-social-link-facebook' ><a target=\"_blank\" aria-label=\"Compartir en Facebook\" href='https:\/\/www.facebook.com\/sharer.php?u=https:\/\/radiorevelacionfm.cl\/?p=35546&#038;t=Destacan%20anuncio%20de%20presupuesto%20de%20la%20naci%C3%B3n%20para%20el%20a%C3%B1o%202024' aria-hidden='false' data-av_icon='\ue8f3' data-av_iconfont='entypo-fontello' title='' data-avia-related-tooltip='Compartir en Facebook' rel=\"noopener\"><span class='avia_hidden_link_text'>Compartir en Facebook<\/span><\/a><\/li><li class='av-share-link av-social-link-twitter' ><a target=\"_blank\" aria-label=\"Compartir en Twitter\" href='https:\/\/twitter.com\/share?text=Destacan%20anuncio%20de%20presupuesto%20de%20la%20naci%C3%B3n%20para%20el%20a%C3%B1o%202024&#038;url=https:\/\/radiorevelacionfm.cl\/?p=35546' aria-hidden='false' data-av_icon='\ue8f1' data-av_iconfont='entypo-fontello' title='' data-avia-related-tooltip='Compartir en Twitter' rel=\"noopener\"><span class='avia_hidden_link_text'>Compartir en Twitter<\/span><\/a><\/li><li class='av-share-link av-social-link-whatsapp' ><a target=\"_blank\" aria-label=\"Compartir en Whatsapp\" href='https:\/\/api.whatsapp.com\/send?text=https:\/\/radiorevelacionfm.cl\/?p=35546' aria-hidden='false' data-av_icon='\uf232' data-av_iconfont='entypo-fontello' title='' data-avia-related-tooltip='Compartir en Whatsapp' rel=\"noopener\"><span class='avia_hidden_link_text'>Compartir en Whatsapp<\/span><\/a><\/li><li class='av-share-link av-social-link-linkedin' ><a target=\"_blank\" aria-label=\"Compartir en LinkedIn\" href='https:\/\/linkedin.com\/shareArticle?mini=true&#038;title=Destacan%20anuncio%20de%20presupuesto%20de%20la%20naci%C3%B3n%20para%20el%20a%C3%B1o%202024&#038;url=https:\/\/radiorevelacionfm.cl\/?p=35546' aria-hidden='false' data-av_icon='\ue8fc' data-av_iconfont='entypo-fontello' title='' data-avia-related-tooltip='Compartir en LinkedIn' rel=\"noopener\"><span class='avia_hidden_link_text'>Compartir en LinkedIn<\/span><\/a><\/li><li class='av-share-link av-social-link-mail' ><a  aria-label=\"Compartir por correo\" href='mailto:?subject=Destacan%20anuncio%20de%20presupuesto%20de%20la%20naci%C3%B3n%20para%20el%20a%C3%B1o%202024&#038;body=https:\/\/radiorevelacionfm.cl\/?p=35546' aria-hidden='false' data-av_icon='\ue805' data-av_iconfont='entypo-fontello' title='' data-avia-related-tooltip='Compartir por correo'><span class='avia_hidden_link_text'>Compartir por correo<\/span><\/a><\/li><\/ul><\/div><\/div>\n<div  style='height:50px' class='hr hr-invisible   avia-builder-el-8  el_after_av_social_share  el_before_av_comments_list '><span class='hr-inner ' ><span class='hr-inner-style'><\/span><\/span><\/div>\n<div  class='av-buildercomment  av-blog-meta-html-info-disabled av-blog-meta-tag-disabled  '><\/div>\n","protected":false},"excerpt":{"rendered":"","protected":false},"author":1,"featured_media":35547,"comment_status":"open","ping_status":"open","sticky":false,"template":"","format":"standard","meta":{"footnotes":""},"categories":[38],"tags":[],"class_list":["post-35546","post","type-post","status-publish","format-standard","has-post-thumbnail","hentry","category-regional"],"jetpack_featured_media_url":"https:\/\/radiorevelacionfm.cl\/wp-content\/uploads\/2023\/10\/Jorge-Diaz-Guzman-DPPAysen-1-1.jpg","_links":{"self":[{"href":"https:\/\/radiorevelacionfm.cl\/index.php?rest_route=\/wp\/v2\/posts\/35546","targetHints":{"allow":["GET"]}}],"collection":[{"href":"https:\/\/radiorevelacionfm.cl\/index.php?rest_route=\/wp\/v2\/posts"}],"about":[{"href":"https:\/\/radiorevelacionfm.cl\/index.php?rest_route=\/wp\/v2\/types\/post"}],"author":[{"embeddable":true,"href":"https:\/\/radiorevelacionfm.cl\/index.php?rest_route=\/wp\/v2\/users\/1"}],"replies":[{"embeddable":true,"href":"https:\/\/radiorevelacionfm.cl\/index.php?rest_route=%2Fwp%2Fv2%2Fcomments&post=35546"}],"version-history":[{"count":1,"href":"https:\/\/radiorevelacionfm.cl\/index.php?rest_route=\/wp\/v2\/posts\/35546\/revisions"}],"predecessor-version":[{"id":35548,"href":"https:\/\/radiorevelacionfm.cl\/index.php?rest_route=\/wp\/v2\/posts\/35546\/revisions\/35548"}],"wp:featuredmedia":[{"embeddable":true,"href":"https:\/\/radiorevelacionfm.cl\/index.php?rest_route=\/wp\/v2\/media\/35547"}],"wp:attachment":[{"href":"https:\/\/radiorevelacionfm.cl\/index.php?rest_route=%2Fwp%2Fv2%2Fmedia&parent=35546"}],"wp:term":[{"taxonomy":"category","embeddable":true,"href":"https:\/\/radiorevelacionfm.cl\/index.php?rest_route=%2Fwp%2Fv2%2Fcategories&post=35546"},{"taxonomy":"post_tag","embeddable":true,"href":"https:\/\/radiorevelacionfm.cl\/index.php?rest_route=%2Fwp%2Fv2%2Ftags&post=35546"}],"curies":[{"name":"wp","href":"https:\/\/api.w.org\/{rel}","templated":true}]}}