{"id":35543,"date":"2023-10-02T15:29:54","date_gmt":"2023-10-02T18:29:54","guid":{"rendered":"https:\/\/radiorevelacionfm.cl\/?p=35543"},"modified":"2023-10-02T15:29:54","modified_gmt":"2023-10-02T18:29:54","slug":"cincuenta-familias-de-puerto-aysen-abrieron-este-domingo-las-puertas-de-su-casa-propia","status":"publish","type":"post","link":"https:\/\/radiorevelacionfm.cl\/?p=35543","title":{"rendered":"Cincuenta familias de Puerto Ays\u00e9n abrieron este domingo las puertas de su casa propia"},"content":{"rendered":"<div class=\"flex_column av_one_full  flex_column_div av-zero-column-padding first  avia-builder-el-0  el_before_av_one_full  avia-builder-el-first  \" style='border-radius:0px; '><div  class='avia-image-container  av-styling-    avia-builder-el-1  avia-builder-el-no-sibling  avia-align-center '  itemprop=\"image\" itemscope=\"itemscope\" itemtype=\"https:\/\/schema.org\/ImageObject\"  ><div class='avia-image-container-inner'><div class='avia-image-overlay-wrap'><img decoding=\"async\" class='wp-image-35544 avia-img-lazy-loading-not-35544 avia_image' src=\"https:\/\/radiorevelacionfm.cl\/wp-content\/uploads\/2023\/10\/autoridades-y-familias-en-el-tradicional-corte-de-cinta-que-da-por-inugurado-nuevo-conjunto-habitacional-en-puerto-aysen-1_optimized.jpg\" alt='' title='autoridades-y-familias-en-el-tradicional-corte-de-cinta-que-da-por-inugurado-nuevo-conjunto-habitacional-en-puerto-ays\u00e9n-(1)_optimized' height=\"600\" width=\"900\"  itemprop=\"thumbnailUrl\" srcset=\"https:\/\/radiorevelacionfm.cl\/wp-content\/uploads\/2023\/10\/autoridades-y-familias-en-el-tradicional-corte-de-cinta-que-da-por-inugurado-nuevo-conjunto-habitacional-en-puerto-aysen-1_optimized.jpg 900w, https:\/\/radiorevelacionfm.cl\/wp-content\/uploads\/2023\/10\/autoridades-y-familias-en-el-tradicional-corte-de-cinta-que-da-por-inugurado-nuevo-conjunto-habitacional-en-puerto-aysen-1_optimized-300x200.jpg 300w, https:\/\/radiorevelacionfm.cl\/wp-content\/uploads\/2023\/10\/autoridades-y-familias-en-el-tradicional-corte-de-cinta-que-da-por-inugurado-nuevo-conjunto-habitacional-en-puerto-aysen-1_optimized-768x512.jpg 768w, https:\/\/radiorevelacionfm.cl\/wp-content\/uploads\/2023\/10\/autoridades-y-familias-en-el-tradicional-corte-de-cinta-que-da-por-inugurado-nuevo-conjunto-habitacional-en-puerto-aysen-1_optimized-705x470.jpg 705w, https:\/\/radiorevelacionfm.cl\/wp-content\/uploads\/2023\/10\/autoridades-y-familias-en-el-tradicional-corte-de-cinta-que-da-por-inugurado-nuevo-conjunto-habitacional-en-puerto-aysen-1_optimized-450x300.jpg 450w, https:\/\/radiorevelacionfm.cl\/wp-content\/uploads\/2023\/10\/autoridades-y-familias-en-el-tradicional-corte-de-cinta-que-da-por-inugurado-nuevo-conjunto-habitacional-en-puerto-aysen-1_optimized-600x400.jpg 600w\" sizes=\"(max-width: 900px) 100vw, 900px\" \/><\/div><\/div><\/div><\/div><div class=\"flex_column av_one_full  flex_column_div av-zero-column-padding first  avia-builder-el-2  el_after_av_one_full  el_before_av_one_full  column-top-margin\" style='border-radius:0px; '><section class=\"av_textblock_section \"  itemscope=\"itemscope\" itemtype=\"https:\/\/schema.org\/BlogPosting\" itemprop=\"blogPost\" ><div class='avia_textblock  '   itemprop=\"text\" ><p style=\"text-align: center;\"><strong><span style=\"font-size: 18pt;\">Cincuenta familias de Puerto Ays\u00e9n abrieron este domingo las puertas de su casa propia<\/span><\/strong><\/p>\n<div id=\"gtx-trans\" style=\"position: absolute; left: -50px; top: 4.31534px;\">\n<div class=\"gtx-trans-icon\"><\/div>\n<\/div>\n<\/div><\/section><\/div><div class=\"flex_column av_one_full  flex_column_div av-zero-column-padding first  avia-builder-el-4  el_after_av_one_full  el_before_av_hr  column-top-margin\" style='border-radius:0px; '><section class=\"av_textblock_section \"  itemscope=\"itemscope\" itemtype=\"https:\/\/schema.org\/BlogPosting\" itemprop=\"blogPost\" ><div class='avia_textblock  '   itemprop=\"text\" ><p style=\"text-align: justify;\">Con gran emoci\u00f3n y alegr\u00eda se desarroll\u00f3 este domingo en Puerto Ays\u00e9n la ceremonia en que el Gobierno hizo entrega de sus viviendas definitivas a las 50 familias integrantes del comit\u00e9 \u201cNo Tengo casa Propia\u201d, quienes ven\u00edan trabajando por casi 9 a\u00f1os para poder cumplir el sue\u00f1o que ya les permite mejorar ostensiblemente su calidad de vida y su futuro. Al acto asistieron autoridades regionales y locales, adem\u00e1s de la Banda Instrumental de la Prefectura de Carabineros Ays\u00e9n, que fue la encargada de amenizar el encuentro.<\/p>\n<p style=\"text-align: justify;\">La empresa L Y D fue la encargada construir el nuevo conjunto habitacional en un plazo de 425 d\u00edas, a contar del mes de mayo de 2022. La entidad patrocinante del grupo fue Dalco Limitada y el proyecto se hizo realidad con una inversi\u00f3n que super\u00f3 los 3 mil 300 millones de pesos, incluyendo los aportes del Ministerio de Vivienda y el ahorro de los mismos beneficiarios.<\/p>\n<p style=\"text-align: justify;\">Tras la entrega de llaves a los felices propietarios, la Seremi de Vivienda, Paulina Ruz, valor\u00f3 la labor de las dirigentas y las familias, que con su casa propia consiguen una mayor dignidad, libertad y seguridad hacia el futuro. \u201cDesde el Plan de Emergencia Habitacional estamos presentes en todos los territorios construyendo cambios. Tenemos una meta de construir mil 293 viviendas en este periodo y no solo en Coyhaique y Puerto Ays\u00e9n, sino que tambi\u00e9n en los lugares m\u00e1s apartados de la regi\u00f3n. En la presentaci\u00f3n del proyecto de Ley de Presupuesto para 2024 el sector Vivienda alcanza un aumento de casi el 12 por ciento, lo cual incluye m\u00e1s inversi\u00f3n p\u00fablica y tambi\u00e9n m\u00e1s empleo, ayudando con ello a reactivar nuestra econom\u00eda. Es as\u00ed que seguimos trabajando para cumplir las metas, pero sobre todo para dar a las familias la seguridad de que van a tener su casa propia\u201d, precis\u00f3.<\/p>\n<p style=\"text-align: justify;\">La Presidenta del comit\u00e9 \u201cNo Tengo Casa Propia\u201d, Yoselin Co\u00f1uecar, agradeci\u00f3 el apoyo recibido en el proceso que signific\u00f3 muchas horas de dedicaci\u00f3n, esfuerzo y trabajo. \u201cHoy termina una etapa y solo queda agradecer a Dios por tantas bendiciones, a pesar de penas, l\u00e1grimas y rabia, nunca nos solt\u00f3 de la mano. Hoy es un d\u00eda de sensaciones encontradas, las cuales todav\u00eda nos tienen con el pecho apretado, ya que hoy se cumple una de nuestros m\u00e1s grandes sue\u00f1os, que despu\u00e9s de m\u00e1s de 9 a\u00f1os de espera, por fin tendremos nuestra casa propia, que ser\u00e1 un lugar digno y definitivo para nuestros hijos y familia. Solo me resta agradecer a todos los que hicieron posible cumplir este sue\u00f1o, a las autoridades, a la empresa, a la entidad patrocinante y a los socios y futuros vecinos\u201d, manifest\u00f3.<\/p>\n<p style=\"text-align: justify;\">El Delegado Presidencial Regional, Rodrigo Araya, felicit\u00f3 a las familias y destac\u00f3 los avances en materia habitacional, lo que ha permitido activar proyectos nuevos y algunos que estaban pendientes. \u201cHace poco estuvo la Ministra de Bienes Nacionales donde hubo transferencia a Serviu de m\u00e1s de 40 hect\u00e1reas que van a beneficiar a comit\u00e9s de vivienda en 7 comunas de nuestra regi\u00f3n. All\u00ed est\u00e1 el desaf\u00edo, entendiendo que las viviendas son una inversi\u00f3n tremendamente relevante. La semana pasada presentamos el presupuesto de la naci\u00f3n, donde los recursos para la vivienda vienen con un aumento importante. Es necesario que ese presupuesto se apruebe para poder lograr hitos c\u00f3mo este, que la gente tenga su vivienda propia\u201d, afirm\u00f3.<\/p>\n<p style=\"text-align: justify;\">El representante de la Gobernadora Regional, Oscar del Solar, destac\u00f3 el trabajo que est\u00e1 haciendo el Minvu a nivel nacional y regional, ya que sacar adelante un plan de Emergencia Habitacional requiere de mucho esfuerzo y coordinaci\u00f3n intersectorial. \u201cComo Gobierno Regional nos hacemos parte de este gran llamado que hace el Presidente Boric. Una nueva poblaci\u00f3n, villa o barrio requiere muchos esfuerzos posteriores, ahora el desaf\u00edo es para la gente, para que viva en comunidad, con todo lo que eso conlleva, como el tema de la basura, los perros y tantas cosas que uno ve en el d\u00eda a d\u00eda. Finalmente felicitar a los involucrados e instar para que se siga trabajando de esa manera\u201d, indic\u00f3.<\/p>\n<p style=\"text-align: justify;\">Las 50 viviendas del Comit\u00e9 No Tengo Casa Propia se ubican en la Ribera Norte de Puerto Ays\u00e9n y fueron construidas en estructuras de acero galvanizado, est\u00e1n divididas en 47 viviendas de 2 pisos, con 2 dormitorios, sala de estar, ba\u00f1o y cocina m\u00e1s 3 viviendas para personas con movilidad reducida, las que tienen un piso, con dos dormitorios, sala de estar, ba\u00f1o y cocina. Adem\u00e1s de la sede comunitaria el proyecto considera sus respectivas urbanizaciones, pavimentaci\u00f3n, agua potable, alcantarillado y electrificaci\u00f3n.<\/p>\n<\/div><\/section><\/div><div  style='height:50px' class='hr hr-invisible   avia-builder-el-6  el_after_av_one_full  el_before_av_social_share '><span class='hr-inner ' ><span class='hr-inner-style'><\/span><\/span><\/div><\/p>\n<div  class='av-social-sharing-box  avia-builder-el-7  el_after_av_hr  el_before_av_hr  '><div class='av-share-box'><h5 class='av-share-link-description av-no-toc '>Compartir esta noticia<\/h5><ul class='av-share-box-list noLightbox'><li class='av-share-link av-social-link-facebook' ><a target=\"_blank\" aria-label=\"Compartir en Facebook\" href='https:\/\/www.facebook.com\/sharer.php?u=https:\/\/radiorevelacionfm.cl\/?p=35543&#038;t=Cincuenta%20familias%20de%20Puerto%20Ays%C3%A9n%20abrieron%20este%20domingo%20las%20puertas%20de%20su%20casa%20propia' aria-hidden='false' data-av_icon='\ue8f3' data-av_iconfont='entypo-fontello' title='' data-avia-related-tooltip='Compartir en Facebook' rel=\"noopener\"><span class='avia_hidden_link_text'>Compartir en Facebook<\/span><\/a><\/li><li class='av-share-link av-social-link-twitter' ><a target=\"_blank\" aria-label=\"Compartir en Twitter\" href='https:\/\/twitter.com\/share?text=Cincuenta%20familias%20de%20Puerto%20Ays%C3%A9n%20abrieron%20este%20domingo%20las%20puertas%20de%20su%20casa%20propia&#038;url=https:\/\/radiorevelacionfm.cl\/?p=35543' aria-hidden='false' data-av_icon='\ue8f1' data-av_iconfont='entypo-fontello' title='' data-avia-related-tooltip='Compartir en Twitter' rel=\"noopener\"><span class='avia_hidden_link_text'>Compartir en Twitter<\/span><\/a><\/li><li class='av-share-link av-social-link-whatsapp' ><a target=\"_blank\" aria-label=\"Compartir en Whatsapp\" href='https:\/\/api.whatsapp.com\/send?text=https:\/\/radiorevelacionfm.cl\/?p=35543' aria-hidden='false' data-av_icon='\uf232' data-av_iconfont='entypo-fontello' title='' data-avia-related-tooltip='Compartir en Whatsapp' rel=\"noopener\"><span class='avia_hidden_link_text'>Compartir en Whatsapp<\/span><\/a><\/li><li class='av-share-link av-social-link-linkedin' ><a target=\"_blank\" aria-label=\"Compartir en LinkedIn\" href='https:\/\/linkedin.com\/shareArticle?mini=true&#038;title=Cincuenta%20familias%20de%20Puerto%20Ays%C3%A9n%20abrieron%20este%20domingo%20las%20puertas%20de%20su%20casa%20propia&#038;url=https:\/\/radiorevelacionfm.cl\/?p=35543' aria-hidden='false' data-av_icon='\ue8fc' data-av_iconfont='entypo-fontello' title='' data-avia-related-tooltip='Compartir en LinkedIn' rel=\"noopener\"><span class='avia_hidden_link_text'>Compartir en LinkedIn<\/span><\/a><\/li><li class='av-share-link av-social-link-mail' ><a  aria-label=\"Compartir por correo\" href='mailto:?subject=Cincuenta%20familias%20de%20Puerto%20Ays%C3%A9n%20abrieron%20este%20domingo%20las%20puertas%20de%20su%20casa%20propia&#038;body=https:\/\/radiorevelacionfm.cl\/?p=35543' aria-hidden='false' data-av_icon='\ue805' data-av_iconfont='entypo-fontello' title='' data-avia-related-tooltip='Compartir por correo'><span class='avia_hidden_link_text'>Compartir por correo<\/span><\/a><\/li><\/ul><\/div><\/div>\n<div  style='height:50px' class='hr hr-invisible   avia-builder-el-8  el_after_av_social_share  el_before_av_comments_list '><span class='hr-inner ' ><span class='hr-inner-style'><\/span><\/span><\/div>\n<div  class='av-buildercomment  av-blog-meta-html-info-disabled av-blog-meta-tag-disabled  '><\/div>\n","protected":false},"excerpt":{"rendered":"","protected":false},"author":1,"featured_media":35544,"comment_status":"open","ping_status":"open","sticky":false,"template":"","format":"standard","meta":{"footnotes":""},"categories":[57],"tags":[],"class_list":["post-35543","post","type-post","status-publish","format-standard","has-post-thumbnail","hentry","category-vivienda"],"jetpack_featured_media_url":"https:\/\/radiorevelacionfm.cl\/wp-content\/uploads\/2023\/10\/autoridades-y-familias-en-el-tradicional-corte-de-cinta-que-da-por-inugurado-nuevo-conjunto-habitacional-en-puerto-aysen-1_optimized.jpg","_links":{"self":[{"href":"https:\/\/radiorevelacionfm.cl\/index.php?rest_route=\/wp\/v2\/posts\/35543","targetHints":{"allow":["GET"]}}],"collection":[{"href":"https:\/\/radiorevelacionfm.cl\/index.php?rest_route=\/wp\/v2\/posts"}],"about":[{"href":"https:\/\/radiorevelacionfm.cl\/index.php?rest_route=\/wp\/v2\/types\/post"}],"author":[{"embeddable":true,"href":"https:\/\/radiorevelacionfm.cl\/index.php?rest_route=\/wp\/v2\/users\/1"}],"replies":[{"embeddable":true,"href":"https:\/\/radiorevelacionfm.cl\/index.php?rest_route=%2Fwp%2Fv2%2Fcomments&post=35543"}],"version-history":[{"count":1,"href":"https:\/\/radiorevelacionfm.cl\/index.php?rest_route=\/wp\/v2\/posts\/35543\/revisions"}],"predecessor-version":[{"id":35545,"href":"https:\/\/radiorevelacionfm.cl\/index.php?rest_route=\/wp\/v2\/posts\/35543\/revisions\/35545"}],"wp:featuredmedia":[{"embeddable":true,"href":"https:\/\/radiorevelacionfm.cl\/index.php?rest_route=\/wp\/v2\/media\/35544"}],"wp:attachment":[{"href":"https:\/\/radiorevelacionfm.cl\/index.php?rest_route=%2Fwp%2Fv2%2Fmedia&parent=35543"}],"wp:term":[{"taxonomy":"category","embeddable":true,"href":"https:\/\/radiorevelacionfm.cl\/index.php?rest_route=%2Fwp%2Fv2%2Fcategories&post=35543"},{"taxonomy":"post_tag","embeddable":true,"href":"https:\/\/radiorevelacionfm.cl\/index.php?rest_route=%2Fwp%2Fv2%2Ftags&post=35543"}],"curies":[{"name":"wp","href":"https:\/\/api.w.org\/{rel}","templated":true}]}}