{"id":3554,"date":"2021-04-27T11:11:59","date_gmt":"2021-04-27T14:11:59","guid":{"rendered":"https:\/\/radiorevelacionfm.cl\/?p=3554"},"modified":"2021-04-27T11:11:59","modified_gmt":"2021-04-27T14:11:59","slug":"fundacion-integra-realiza-lanzamiento-de-animacion-psicoeducativa","status":"publish","type":"post","link":"https:\/\/radiorevelacionfm.cl\/?p=3554","title":{"rendered":"Fundaci\u00f3n Integra realiza lanzamiento de Animaci\u00f3n psicoeducativa"},"content":{"rendered":"<div class=\"flex_column av_one_full  flex_column_div av-zero-column-padding first  avia-builder-el-0  el_before_av_one_full  avia-builder-el-first  \" style='border-radius:0px; '><div  class='avia-image-container  av-styling-    avia-builder-el-1  avia-builder-el-no-sibling  avia-align-center '  itemprop=\"image\" itemscope=\"itemscope\" itemtype=\"https:\/\/schema.org\/ImageObject\"  ><div class='avia-image-container-inner'><div class='avia-image-overlay-wrap'><img decoding=\"async\" class='wp-image-0 avia-img-lazy-loading-not-0 avia_image' src=\"https:\/\/radiorevelacionfm.cl\/wp-content\/uploads\/2021\/04\/2-32_optimized.jpg\" alt='' title=''   itemprop=\"thumbnailUrl\"  \/><\/div><\/div><\/div><\/div><div class=\"flex_column av_one_full  flex_column_div av-zero-column-padding first  avia-builder-el-2  el_after_av_one_full  el_before_av_one_full  column-top-margin\" style='border-radius:0px; '><section class=\"av_textblock_section \"  itemscope=\"itemscope\" itemtype=\"https:\/\/schema.org\/BlogPosting\" itemprop=\"blogPost\" ><div class='avia_textblock  '   itemprop=\"text\" ><p style=\"text-align: center;\"><strong><span style=\"font-size: 18pt;\">Fundaci\u00f3n Integra realiza lanzamiento de Animaci\u00f3n psicoeducativa<\/span><\/strong><\/p>\n<div id=\"gtx-trans\" style=\"position: absolute; left: -50px; top: 4.31534px;\">\n<div class=\"gtx-trans-icon\"><\/div>\n<\/div>\n<\/div><\/section><\/div><div class=\"flex_column av_one_full  flex_column_div av-zero-column-padding first  avia-builder-el-4  el_after_av_one_full  el_before_av_hr  column-top-margin\" style='border-radius:0px; '><section class=\"av_textblock_section \"  itemscope=\"itemscope\" itemtype=\"https:\/\/schema.org\/BlogPosting\" itemprop=\"blogPost\" ><div class='avia_textblock  '   itemprop=\"text\" ><p style=\"font-weight: 400; text-align: justify;\">El servicio Fonoinfancia de Fundaci\u00f3n Integra present\u00f3 un trabajo audiovisual que refleja\u00a0c\u00f3mo ni\u00f1os y ni\u00f1as vivencian distintos tipos de duelos y\/o p\u00e9rdidas significativas y ayuda a los adultos a enfrentar estos temas con sus hijos.<\/p>\n<p style=\"font-weight: 400; text-align: justify;\">El jueves 22 de abril fue el lanzamiento de la animaci\u00f3n psicoeducativa \u201cYo tambi\u00e9n me doy cuenta\u201d del servicio de Fonoinfancia de Fundaci\u00f3n Integra, que refleja\u00a0c\u00f3mo ni\u00f1os y ni\u00f1as vivencian distintos tipos de duelos y\/o p\u00e9rdidas significativas.\u00a0La producci\u00f3n tuvo el apoyo t\u00e9cnico del estudio de animaci\u00f3n Punkrobot (ganadora del Oscar por \u201cHistoria de un oso\u201d) y narra la historia de Amanda, una ni\u00f1a que sufre la muerte de su mascota y debe enfrentar su p\u00e9rdida.<\/p>\n<p style=\"font-weight: 400; text-align: justify;\">El duelo en la ni\u00f1ez fue seleccionado por el equipo de profesionales de Fonoinfancia como foco de esta animaci\u00f3n, porque ha sido una tem\u00e1tica demandada por los equipos educativos de salas cunas y jardines infantiles de Fundaci\u00f3n Integra, consultas que se han acrecentado en el contexto de la pandemia, tanto a trav\u00e9s de consultas al tel\u00e9fono de Fonoinfancia (800200818), as\u00ed como a su chat en\u00a0<a href=\"http:\/\/www.fonoinfancia.cl\/\" data-saferedirecturl=\"https:\/\/www.google.com\/url?q=http:\/\/www.fonoinfancia.cl&amp;source=gmail&amp;ust=1619562434956000&amp;usg=AFQjCNEmar2eqa0lthwqlk5t_IFLCLwjyQ\">www.fonoinfancia.cl<\/a>.<\/p>\n<p style=\"font-weight: 400; text-align: justify;\">La Primera Dama y presidente de Fundaci\u00f3n Integra, Cecilia Morel destaca que la animaci\u00f3n nos ense\u00f1a lo fundamental que es poder escuchar a ni\u00f1os y ni\u00f1as en temas tan sensibles como el duelo. \u201cEn esta animaci\u00f3n los ni\u00f1os son los protagonistas y eso es muy importante. Es posible que no siempre entiendan qu\u00e9 significa realmente una p\u00e9rdida y por eso, necesitan el apoyo de sus padres o de aquellos adultos significativos en su vida para enfrentar ese momento\u201d, explica.<\/p>\n<p style=\"font-weight: 400; text-align: justify;\">La presentaci\u00f3n de este nuevo recurso se realiz\u00f3 con un panel sobre el duelo en la infancia v\u00eda streaming en el que participaron\u00a0Claudia Espinoza,\u00a0psic\u00f3loga y acad\u00e9mica de la Pontificia Universidad\u00a0Cat\u00f3lica de Valpara\u00edso,\u00a0 y Camilo Morales, psic\u00f3logo cl\u00ednico y acad\u00e9mico de la Universidad de Chile;, ambos reconocidos expertos en el tema.<\/p>\n<p style=\"font-weight: 400; text-align: justify;\">Jos\u00e9 Manuel Ready, director ejecutivo de Fundaci\u00f3n Integra, aclara que Fonoinfancia tiene un rol clave en orientar a los equipos educativos de jardines infantiles y salas cuna as\u00ed como a las familias en dar contenci\u00f3n a ni\u00f1os y ni\u00f1as. \u201cSabemos que el bienestar psicoemocional es lo m\u00e1s relevante para que ni\u00f1os y ni\u00f1as logren aprendizajes y puedan crecer sanos y felices. Este \u00faltimo a\u00f1o esta tarea ha cobrado a\u00fan m\u00e1s importancia dado que las cuarentenas han obligado a suspender las actividades normales en salas cuna y jardines infantiles y los ni\u00f1os se han enfrentado a rupturas en sus rutinas y a cuarentenas que son complejas de comprender para ellos\u201d, se\u00f1ala<\/p>\n<p style=\"font-weight: 400; text-align: justify;\">Alicia Varela, psic\u00f3loga jefa de\u00a0 Fonoinfancia, aclara que\u00a0 en \u00a0la ni\u00f1ez hay diferentes formas de experimentar p\u00e9rdidas, las que van desde un juguete hasta una mascota o un ser querido y es importante saber c\u00f3mo acompa\u00f1arlos\/as.\u00a0 \u201cEsta animaci\u00f3n\u00a0se elabor\u00f3\u00a0considerando informaci\u00f3n\u00a0cient\u00edfica y experiencias en la atenci\u00f3n psicol\u00f3gica no presencial, respecto a la tem\u00e1tica del duelo, que hemos realizado por a\u00f1os en Fonoinfancia\u201d, destaca.<\/p>\n<p style=\"font-weight: 400; text-align: justify;\">La animaci\u00f3n est\u00e1 disponible para todas las familias en el canal de Youtube de Fonoinfancia en el link\u00a0<strong><a href=\"https:\/\/youtu.be\/-FpL33YV984\" data-saferedirecturl=\"https:\/\/www.google.com\/url?q=https:\/\/youtu.be\/-FpL33YV984&amp;source=gmail&amp;ust=1619562434956000&amp;usg=AFQjCNHqNvkn0YtbP6FhQ88HIOwjty7VTQ\">https:\/\/youtu.be\/-FpL33YV984<\/a><\/strong>.<\/p>\n<p style=\"font-weight: 400; text-align: justify;\">Integra pertenece a la Red de Fundaciones de la Presidencia de la Rep\u00fablica. Con 30 a\u00f1os de experiencia, es la red m\u00e1s grande de salas cuna y jardines infantiles del pa\u00eds con m\u00e1s de 1.200 establecimientos gratuitos, a los que asisten m\u00e1s de 90 mil ni\u00f1os y ni\u00f1as en todo Chile.<\/p>\n<\/div><\/section><\/div><div  style='height:50px' class='hr hr-invisible   avia-builder-el-6  el_after_av_one_full  el_before_av_social_share '><span class='hr-inner ' ><span class='hr-inner-style'><\/span><\/span><\/div><\/p>\n<div  class='av-social-sharing-box  avia-builder-el-7  el_after_av_hr  el_before_av_hr  '><div class='av-share-box'><h5 class='av-share-link-description av-no-toc '>Compartir esta noticia<\/h5><ul class='av-share-box-list noLightbox'><li class='av-share-link av-social-link-facebook' ><a target=\"_blank\" aria-label=\"Compartir en Facebook\" href='https:\/\/www.facebook.com\/sharer.php?u=https:\/\/radiorevelacionfm.cl\/?p=3554&#038;t=Fundaci%C3%B3n%20Integra%20realiza%20lanzamiento%20de%20Animaci%C3%B3n%20psicoeducativa' aria-hidden='false' data-av_icon='\ue8f3' data-av_iconfont='entypo-fontello' title='' data-avia-related-tooltip='Compartir en Facebook' rel=\"noopener\"><span class='avia_hidden_link_text'>Compartir en Facebook<\/span><\/a><\/li><li class='av-share-link av-social-link-twitter' ><a target=\"_blank\" aria-label=\"Compartir en Twitter\" href='https:\/\/twitter.com\/share?text=Fundaci%C3%B3n%20Integra%20realiza%20lanzamiento%20de%20Animaci%C3%B3n%20psicoeducativa&#038;url=https:\/\/radiorevelacionfm.cl\/?p=3554' aria-hidden='false' data-av_icon='\ue8f1' data-av_iconfont='entypo-fontello' title='' data-avia-related-tooltip='Compartir en Twitter' rel=\"noopener\"><span class='avia_hidden_link_text'>Compartir en Twitter<\/span><\/a><\/li><li class='av-share-link av-social-link-whatsapp' ><a target=\"_blank\" aria-label=\"Compartir en Whatsapp\" href='https:\/\/api.whatsapp.com\/send?text=https:\/\/radiorevelacionfm.cl\/?p=3554' aria-hidden='false' data-av_icon='\uf232' data-av_iconfont='entypo-fontello' title='' data-avia-related-tooltip='Compartir en Whatsapp' rel=\"noopener\"><span class='avia_hidden_link_text'>Compartir en Whatsapp<\/span><\/a><\/li><li class='av-share-link av-social-link-linkedin' ><a target=\"_blank\" aria-label=\"Compartir en LinkedIn\" href='https:\/\/linkedin.com\/shareArticle?mini=true&#038;title=Fundaci%C3%B3n%20Integra%20realiza%20lanzamiento%20de%20Animaci%C3%B3n%20psicoeducativa&#038;url=https:\/\/radiorevelacionfm.cl\/?p=3554' aria-hidden='false' data-av_icon='\ue8fc' data-av_iconfont='entypo-fontello' title='' data-avia-related-tooltip='Compartir en LinkedIn' rel=\"noopener\"><span class='avia_hidden_link_text'>Compartir en LinkedIn<\/span><\/a><\/li><li class='av-share-link av-social-link-mail' ><a  aria-label=\"Compartir por correo\" href='mailto:?subject=Fundaci%C3%B3n%20Integra%20realiza%20lanzamiento%20de%20Animaci%C3%B3n%20psicoeducativa&#038;body=https:\/\/radiorevelacionfm.cl\/?p=3554' aria-hidden='false' data-av_icon='\ue805' data-av_iconfont='entypo-fontello' title='' data-avia-related-tooltip='Compartir por correo'><span class='avia_hidden_link_text'>Compartir por correo<\/span><\/a><\/li><\/ul><\/div><\/div>\n<div  style='height:50px' class='hr hr-invisible   avia-builder-el-8  el_after_av_social_share  el_before_av_comments_list '><span class='hr-inner ' ><span class='hr-inner-style'><\/span><\/span><\/div>\n<div  class='av-buildercomment  av-blog-meta-html-info-disabled av-blog-meta-tag-disabled  '><\/div>\n","protected":false},"excerpt":{"rendered":"","protected":false},"author":1,"featured_media":0,"comment_status":"open","ping_status":"open","sticky":false,"template":"","format":"standard","meta":{"footnotes":""},"categories":[49],"tags":[],"class_list":["post-3554","post","type-post","status-publish","format-standard","hentry","category-educacion"],"jetpack_featured_media_url":"","_links":{"self":[{"href":"https:\/\/radiorevelacionfm.cl\/index.php?rest_route=\/wp\/v2\/posts\/3554","targetHints":{"allow":["GET"]}}],"collection":[{"href":"https:\/\/radiorevelacionfm.cl\/index.php?rest_route=\/wp\/v2\/posts"}],"about":[{"href":"https:\/\/radiorevelacionfm.cl\/index.php?rest_route=\/wp\/v2\/types\/post"}],"author":[{"embeddable":true,"href":"https:\/\/radiorevelacionfm.cl\/index.php?rest_route=\/wp\/v2\/users\/1"}],"replies":[{"embeddable":true,"href":"https:\/\/radiorevelacionfm.cl\/index.php?rest_route=%2Fwp%2Fv2%2Fcomments&post=3554"}],"version-history":[{"count":1,"href":"https:\/\/radiorevelacionfm.cl\/index.php?rest_route=\/wp\/v2\/posts\/3554\/revisions"}],"predecessor-version":[{"id":3556,"href":"https:\/\/radiorevelacionfm.cl\/index.php?rest_route=\/wp\/v2\/posts\/3554\/revisions\/3556"}],"wp:attachment":[{"href":"https:\/\/radiorevelacionfm.cl\/index.php?rest_route=%2Fwp%2Fv2%2Fmedia&parent=3554"}],"wp:term":[{"taxonomy":"category","embeddable":true,"href":"https:\/\/radiorevelacionfm.cl\/index.php?rest_route=%2Fwp%2Fv2%2Fcategories&post=3554"},{"taxonomy":"post_tag","embeddable":true,"href":"https:\/\/radiorevelacionfm.cl\/index.php?rest_route=%2Fwp%2Fv2%2Ftags&post=3554"}],"curies":[{"name":"wp","href":"https:\/\/api.w.org\/{rel}","templated":true}]}}