{"id":35537,"date":"2023-10-02T12:40:26","date_gmt":"2023-10-02T15:40:26","guid":{"rendered":"https:\/\/radiorevelacionfm.cl\/?p=35537"},"modified":"2023-10-02T12:40:26","modified_gmt":"2023-10-02T15:40:26","slug":"con-miras-a-seguir-posicionando-a-la-comuna-de-aysen-como-un-destino-imperdible-lanzan-temporada-de-turismo-2023-2024","status":"publish","type":"post","link":"https:\/\/radiorevelacionfm.cl\/?p=35537","title":{"rendered":"Con miras a seguir posicionando a la comuna de Ays\u00e9n como un destino imperdible lanzan temporada de turismo 2023 &#8211; 2024"},"content":{"rendered":"<div class=\"flex_column av_one_full  flex_column_div av-zero-column-padding first  avia-builder-el-0  el_before_av_one_full  avia-builder-el-first  \" style='border-radius:0px; '><div  class='avia-image-container  av-styling-    avia-builder-el-1  avia-builder-el-no-sibling  avia-align-center '  itemprop=\"image\" itemscope=\"itemscope\" itemtype=\"https:\/\/schema.org\/ImageObject\"  ><div class='avia-image-container-inner'><div class='avia-image-overlay-wrap'><img decoding=\"async\" class='wp-image-35538 avia-img-lazy-loading-not-35538 avia_image' src=\"https:\/\/radiorevelacionfm.cl\/wp-content\/uploads\/2023\/10\/temporada-aysen-1-2_optimized-1.jpg\" alt='' title='temporada-aysen-1-(2)_optimized (1)' height=\"600\" width=\"1235\"  itemprop=\"thumbnailUrl\" srcset=\"https:\/\/radiorevelacionfm.cl\/wp-content\/uploads\/2023\/10\/temporada-aysen-1-2_optimized-1.jpg 1235w, https:\/\/radiorevelacionfm.cl\/wp-content\/uploads\/2023\/10\/temporada-aysen-1-2_optimized-1-300x146.jpg 300w, https:\/\/radiorevelacionfm.cl\/wp-content\/uploads\/2023\/10\/temporada-aysen-1-2_optimized-1-1030x500.jpg 1030w, https:\/\/radiorevelacionfm.cl\/wp-content\/uploads\/2023\/10\/temporada-aysen-1-2_optimized-1-768x373.jpg 768w, https:\/\/radiorevelacionfm.cl\/wp-content\/uploads\/2023\/10\/temporada-aysen-1-2_optimized-1-705x343.jpg 705w, https:\/\/radiorevelacionfm.cl\/wp-content\/uploads\/2023\/10\/temporada-aysen-1-2_optimized-1-450x219.jpg 450w, https:\/\/radiorevelacionfm.cl\/wp-content\/uploads\/2023\/10\/temporada-aysen-1-2_optimized-1-600x291.jpg 600w\" sizes=\"(max-width: 1235px) 100vw, 1235px\" \/><\/div><\/div><\/div><\/div><div class=\"flex_column av_one_full  flex_column_div av-zero-column-padding first  avia-builder-el-2  el_after_av_one_full  el_before_av_one_full  column-top-margin\" style='border-radius:0px; '><section class=\"av_textblock_section \"  itemscope=\"itemscope\" itemtype=\"https:\/\/schema.org\/BlogPosting\" itemprop=\"blogPost\" ><div class='avia_textblock  '   itemprop=\"text\" ><p style=\"text-align: center;\"><strong><span style=\"font-size: 18pt;\">Con miras a seguir posicionando a la comuna de Ays\u00e9n como un destino imperdible lanzan temporada de turismo 2023 &#8211; 2024<\/span><\/strong><\/p>\n<div id=\"gtx-trans\" style=\"position: absolute; left: -50px; top: 4.31534px;\">\n<div class=\"gtx-trans-icon\"><\/div>\n<\/div>\n<\/div><\/section><\/div><div class=\"flex_column av_one_full  flex_column_div av-zero-column-padding first  avia-builder-el-4  el_after_av_one_full  el_before_av_hr  column-top-margin\" style='border-radius:0px; '><section class=\"av_textblock_section \"  itemscope=\"itemscope\" itemtype=\"https:\/\/schema.org\/BlogPosting\" itemprop=\"blogPost\" ><div class='avia_textblock  '   itemprop=\"text\" ><p style=\"text-align: justify;\">En la Casa de la Cultura se reunieron autoridades regionales, provinciales y comunales, lideradas por el Alcalde, Julio Uribe Alvarado, con el fin de dar inicio a la temporada de turismo 2023 \u2013 2024 en la comuna de Ays\u00e9n. Instancia en la que tambi\u00e9n se dio a conocer una p\u00e1gina web vinculada a \u201cla ruta del agua\u201d de la mano de Ays\u00e9n Patagonia.<\/p>\n<p style=\"text-align: justify;\">\u201cEstamos lanzando la temporada de turismo, con una gran p\u00e1gina web, que va a estar a cargo del Municipio, si bien, es una iniciativa del Per Turismo que trabaj\u00f3 con la C\u00e1mara de Turismo, de hacer una p\u00e1gina donde est\u00e9n todos nuestros atractivos tur\u00edsticos, nuestra hoteler\u00eda, alojamiento, restaurantes y todas las actividades que tenemos para ofrecerle al turista, hoy d\u00eda se va a poder ver e ir manteniendo, a trav\u00e9s de nuestra oficina de comunicaciones de la Ilustre Municipalidad de Ays\u00e9n, que va a estar vinculada a Ays\u00e9n Patagonia, que es una de las p\u00e1ginas donde ingresan los turistas de todo el mundo. Por lo tanto, es algo que nos tiene muy esperanzados, de seguir mejorando nuestra oferta tur\u00edstica y seguir mejorando la comunicaci\u00f3n desde los turistas hacia nuestros emprendedores\u201d, se\u00f1al\u00f3 el Alcalde Julio Uribe.<\/p>\n<p style=\"text-align: justify;\">En tanto, el Seremi de Econom\u00eda, Fomento y Turismo de la regi\u00f3n de Ays\u00e9n, Felipe Rojas, destac\u00f3 el potencial que posee la comuna de Ays\u00e9n en t\u00e9rminos productivos, \u201ces una comuna muy importante para lo que es la actividad econ\u00f3mica de la regi\u00f3n, tiene el litoral, tiene la acuicultura, pero tambi\u00e9n tiene al turismo como un eje central de sus oportunidades para mejorar el bienestar de la familia\u201d.<\/p>\n<p style=\"text-align: justify;\">El director regional de Sernatur, Claudio Montecinos, puso en valor el trabajo colaborativo entre lo p\u00fablico y lo privado en bien turismo en la comuna de Ays\u00e9n.<\/p>\n<p style=\"text-align: justify;\">\u201cRelevar el trabajo colaborativo que se genera en la comuna de Ays\u00e9n, a traves del Municipio y la C\u00e1mara de Turismo, particularmente en poner en valor el territorio, a traves de esta plataforma que se ha generado y que se ha trabajado hace un buen tiempo, para poder relevar un producto tan importante como la ruta del agua y particularmente el lanzamiento de la temporada de turismo 2023 \u2013 2024, que esperamos y estamos trabajando en conjunto con el sector privado, el poder recuperar los niveles de visitantes que tuvimos pre pandemia\u201d.<\/p>\n<p style=\"text-align: justify;\">Un trabajo permanente con la C\u00e1mara de Turismo de Ays\u00e9n, es el que ha desarrollado el Per Turismo, ahora, potenciando una p\u00e1gina web que permita promocionar la Ruta del Agua.<\/p>\n<p style=\"text-align: justify;\">\u201cActualmente estamos elaborando el sitio web de la Ruta del Agua, que es lo que nos estaba faltando y va a posicionar mucho m\u00e1s los productos y servicios tur\u00edsticos de la comuna. Todo es un trabajo entre el sector p\u00fablico \u2013 privado, la ventaja de esto es que, al final va posicionando, no solamente la comuna sino tambi\u00e9n la regi\u00f3n de Ays\u00e9n como destino tur\u00edstico y eso ayuda tambi\u00e9n a fortalecer los emprendimientos y el trabajo conjunto con los artesanos, los gastron\u00f3micos, los hoteleros, los mismos gu\u00edas que se han beneficiado. La idea es que, la gente se asocie y ojal\u00e1 siga creciendo la C\u00e1mara de Turismo de Puerto Ays\u00e9n y los otros gremios a nivel regional\u201d.<\/p>\n<p style=\"text-align: justify;\">La credibilidad que ha logrado en el tiempo la C\u00e1mara de Turismo de Ays\u00e9n, le ha facilitado el poder lograr un trabajo con el mundo p\u00fablico y privado. Seg\u00fan lo relev\u00f3 su presidente, Edgardo Abello.<\/p>\n<p style=\"text-align: justify;\">\u201cLa C\u00e1mara de Turismo de Puerto Ays\u00e9n desde hace muchos a\u00f1os tiene muy buena credibilidad, por lo tanto, es muy f\u00e1cil lograr socios colaboradores para ir montando proyectos y en eso un eje fundamental ha sido la Municipalidad, el Gobierno Regional, Corfo, Per Turismo, Sernatur, que son entidades con la que nosotros estamos trabajando permanentemente en distintas materias. Estuvimos trabajando la ruta del agua, estamos trabajando la ruta de los parques ahora y en general creando productos y actividades que nos vayan permitiendo posicionar a Puerto Ays\u00e9n, como un atractivo tur\u00edstico relevante\u201d.<\/p>\n<p style=\"text-align: justify;\">En la comuna de Ays\u00e9n, las distintas \u00e1reas del transporte, artesan\u00edas, servicios gastron\u00f3micos, hoteleros y de turismo en general, est\u00e1n preparados para enfrentar la temporada 2023 \u2013 2024, con la idea de que el turismo nacional y extranjero consuma los productos que se ofrecen, los recomienden, vuelvan y esta \u00e1rea productiva siga en crecimiento.<\/p>\n<\/div><\/section><\/div><div  style='height:50px' class='hr hr-invisible   avia-builder-el-6  el_after_av_one_full  el_before_av_social_share '><span class='hr-inner ' ><span class='hr-inner-style'><\/span><\/span><\/div><\/p>\n<div  class='av-social-sharing-box  avia-builder-el-7  el_after_av_hr  el_before_av_hr  '><div class='av-share-box'><h5 class='av-share-link-description av-no-toc '>Compartir esta noticia<\/h5><ul class='av-share-box-list noLightbox'><li class='av-share-link av-social-link-facebook' ><a target=\"_blank\" aria-label=\"Compartir en Facebook\" href='https:\/\/www.facebook.com\/sharer.php?u=https:\/\/radiorevelacionfm.cl\/?p=35537&#038;t=Con%20miras%20a%20seguir%20posicionando%20a%20la%20comuna%20de%20Ays%C3%A9n%20como%20un%20destino%20imperdible%20lanzan%20temporada%20de%20turismo%202023%20%E2%80%93%202024' aria-hidden='false' data-av_icon='\ue8f3' data-av_iconfont='entypo-fontello' title='' data-avia-related-tooltip='Compartir en Facebook' rel=\"noopener\"><span class='avia_hidden_link_text'>Compartir en Facebook<\/span><\/a><\/li><li class='av-share-link av-social-link-twitter' ><a target=\"_blank\" aria-label=\"Compartir en Twitter\" href='https:\/\/twitter.com\/share?text=Con%20miras%20a%20seguir%20posicionando%20a%20la%20comuna%20de%20Ays%C3%A9n%20como%20un%20destino%20imperdible%20lanzan%20temporada%20de%20turismo%202023%20%E2%80%93%202024&#038;url=https:\/\/radiorevelacionfm.cl\/?p=35537' aria-hidden='false' data-av_icon='\ue8f1' data-av_iconfont='entypo-fontello' title='' data-avia-related-tooltip='Compartir en Twitter' rel=\"noopener\"><span class='avia_hidden_link_text'>Compartir en Twitter<\/span><\/a><\/li><li class='av-share-link av-social-link-whatsapp' ><a target=\"_blank\" aria-label=\"Compartir en Whatsapp\" href='https:\/\/api.whatsapp.com\/send?text=https:\/\/radiorevelacionfm.cl\/?p=35537' aria-hidden='false' data-av_icon='\uf232' data-av_iconfont='entypo-fontello' title='' data-avia-related-tooltip='Compartir en Whatsapp' rel=\"noopener\"><span class='avia_hidden_link_text'>Compartir en Whatsapp<\/span><\/a><\/li><li class='av-share-link av-social-link-linkedin' ><a target=\"_blank\" aria-label=\"Compartir en LinkedIn\" href='https:\/\/linkedin.com\/shareArticle?mini=true&#038;title=Con%20miras%20a%20seguir%20posicionando%20a%20la%20comuna%20de%20Ays%C3%A9n%20como%20un%20destino%20imperdible%20lanzan%20temporada%20de%20turismo%202023%20%E2%80%93%202024&#038;url=https:\/\/radiorevelacionfm.cl\/?p=35537' aria-hidden='false' data-av_icon='\ue8fc' data-av_iconfont='entypo-fontello' title='' data-avia-related-tooltip='Compartir en LinkedIn' rel=\"noopener\"><span class='avia_hidden_link_text'>Compartir en LinkedIn<\/span><\/a><\/li><li class='av-share-link av-social-link-mail' ><a  aria-label=\"Compartir por correo\" href='mailto:?subject=Con%20miras%20a%20seguir%20posicionando%20a%20la%20comuna%20de%20Ays%C3%A9n%20como%20un%20destino%20imperdible%20lanzan%20temporada%20de%20turismo%202023%20%E2%80%93%202024&#038;body=https:\/\/radiorevelacionfm.cl\/?p=35537' aria-hidden='false' data-av_icon='\ue805' data-av_iconfont='entypo-fontello' title='' data-avia-related-tooltip='Compartir por correo'><span class='avia_hidden_link_text'>Compartir por correo<\/span><\/a><\/li><\/ul><\/div><\/div>\n<div  style='height:50px' class='hr hr-invisible   avia-builder-el-8  el_after_av_social_share  el_before_av_comments_list '><span class='hr-inner ' ><span class='hr-inner-style'><\/span><\/span><\/div>\n<div  class='av-buildercomment  av-blog-meta-html-info-disabled av-blog-meta-tag-disabled  '><\/div>\n","protected":false},"excerpt":{"rendered":"","protected":false},"author":1,"featured_media":35538,"comment_status":"open","ping_status":"open","sticky":false,"template":"","format":"standard","meta":{"footnotes":""},"categories":[54],"tags":[],"class_list":["post-35537","post","type-post","status-publish","format-standard","has-post-thumbnail","hentry","category-turismo"],"jetpack_featured_media_url":"https:\/\/radiorevelacionfm.cl\/wp-content\/uploads\/2023\/10\/temporada-aysen-1-2_optimized-1.jpg","_links":{"self":[{"href":"https:\/\/radiorevelacionfm.cl\/index.php?rest_route=\/wp\/v2\/posts\/35537","targetHints":{"allow":["GET"]}}],"collection":[{"href":"https:\/\/radiorevelacionfm.cl\/index.php?rest_route=\/wp\/v2\/posts"}],"about":[{"href":"https:\/\/radiorevelacionfm.cl\/index.php?rest_route=\/wp\/v2\/types\/post"}],"author":[{"embeddable":true,"href":"https:\/\/radiorevelacionfm.cl\/index.php?rest_route=\/wp\/v2\/users\/1"}],"replies":[{"embeddable":true,"href":"https:\/\/radiorevelacionfm.cl\/index.php?rest_route=%2Fwp%2Fv2%2Fcomments&post=35537"}],"version-history":[{"count":1,"href":"https:\/\/radiorevelacionfm.cl\/index.php?rest_route=\/wp\/v2\/posts\/35537\/revisions"}],"predecessor-version":[{"id":35539,"href":"https:\/\/radiorevelacionfm.cl\/index.php?rest_route=\/wp\/v2\/posts\/35537\/revisions\/35539"}],"wp:featuredmedia":[{"embeddable":true,"href":"https:\/\/radiorevelacionfm.cl\/index.php?rest_route=\/wp\/v2\/media\/35538"}],"wp:attachment":[{"href":"https:\/\/radiorevelacionfm.cl\/index.php?rest_route=%2Fwp%2Fv2%2Fmedia&parent=35537"}],"wp:term":[{"taxonomy":"category","embeddable":true,"href":"https:\/\/radiorevelacionfm.cl\/index.php?rest_route=%2Fwp%2Fv2%2Fcategories&post=35537"},{"taxonomy":"post_tag","embeddable":true,"href":"https:\/\/radiorevelacionfm.cl\/index.php?rest_route=%2Fwp%2Fv2%2Ftags&post=35537"}],"curies":[{"name":"wp","href":"https:\/\/api.w.org\/{rel}","templated":true}]}}