{"id":35531,"date":"2023-10-02T10:38:30","date_gmt":"2023-10-02T13:38:30","guid":{"rendered":"https:\/\/radiorevelacionfm.cl\/?p=35531"},"modified":"2023-10-02T10:38:30","modified_gmt":"2023-10-02T13:38:30","slug":"universidad-de-aysen-llama-a-postular-al-fuas-para-acceder-a-beneficios-estudiantiles","status":"publish","type":"post","link":"https:\/\/radiorevelacionfm.cl\/?p=35531","title":{"rendered":"Universidad de Ays\u00e9n llama a postular al FUAS para acceder a beneficios estudiantiles"},"content":{"rendered":"<div class=\"flex_column av_one_full  flex_column_div av-zero-column-padding first  avia-builder-el-0  el_before_av_one_full  avia-builder-el-first  \" style='border-radius:0px; '><div  class='avia-image-container  av-styling-    avia-builder-el-1  avia-builder-el-no-sibling  avia-align-center '  itemprop=\"image\" itemscope=\"itemscope\" itemtype=\"https:\/\/schema.org\/ImageObject\"  ><div class='avia-image-container-inner'><div class='avia-image-overlay-wrap'><img decoding=\"async\" class='wp-image-35532 avia-img-lazy-loading-not-35532 avia_image' src=\"https:\/\/radiorevelacionfm.cl\/wp-content\/uploads\/2023\/10\/0x9a4927-1_optimized-1_optimized.jpg\" alt='' title='0x9a4927-(1)_optimized-(1)_optimized' height=\"600\" width=\"888\"  itemprop=\"thumbnailUrl\" srcset=\"https:\/\/radiorevelacionfm.cl\/wp-content\/uploads\/2023\/10\/0x9a4927-1_optimized-1_optimized.jpg 888w, https:\/\/radiorevelacionfm.cl\/wp-content\/uploads\/2023\/10\/0x9a4927-1_optimized-1_optimized-300x203.jpg 300w, https:\/\/radiorevelacionfm.cl\/wp-content\/uploads\/2023\/10\/0x9a4927-1_optimized-1_optimized-768x519.jpg 768w, https:\/\/radiorevelacionfm.cl\/wp-content\/uploads\/2023\/10\/0x9a4927-1_optimized-1_optimized-705x476.jpg 705w, https:\/\/radiorevelacionfm.cl\/wp-content\/uploads\/2023\/10\/0x9a4927-1_optimized-1_optimized-450x304.jpg 450w, https:\/\/radiorevelacionfm.cl\/wp-content\/uploads\/2023\/10\/0x9a4927-1_optimized-1_optimized-600x405.jpg 600w\" sizes=\"(max-width: 888px) 100vw, 888px\" \/><\/div><\/div><\/div><\/div><div class=\"flex_column av_one_full  flex_column_div av-zero-column-padding first  avia-builder-el-2  el_after_av_one_full  el_before_av_one_full  column-top-margin\" style='border-radius:0px; '><section class=\"av_textblock_section \"  itemscope=\"itemscope\" itemtype=\"https:\/\/schema.org\/BlogPosting\" itemprop=\"blogPost\" ><div class='avia_textblock  '   itemprop=\"text\" ><p style=\"text-align: center;\"><strong><span style=\"font-size: 18pt;\">Universidad de Ays\u00e9n llama a postular al FUAS para acceder a beneficios estudiantiles<\/span><\/strong><\/p>\n<div id=\"gtx-trans\" style=\"position: absolute; left: -50px; top: 4.31534px;\">\n<div class=\"gtx-trans-icon\"><\/div>\n<\/div>\n<\/div><\/section><\/div><div class=\"flex_column av_one_full  flex_column_div av-zero-column-padding first  avia-builder-el-4  el_after_av_one_full  el_before_av_hr  column-top-margin\" style='border-radius:0px; '><section class=\"av_textblock_section \"  itemscope=\"itemscope\" itemtype=\"https:\/\/schema.org\/BlogPosting\" itemprop=\"blogPost\" ><div class='avia_textblock  '   itemprop=\"text\" ><p class=\"v1MsoNormal\" style=\"text-align: justify;\">Con la finalidad de que los y las j\u00f3venes estudiantes que pretenden ingresar a la educaci\u00f3n superior puedan obtener los diferentes beneficios, como la gratuidad y la mayor\u00eda de las becas y cr\u00e9ditos de arancel estatales, la Universidad de Ays\u00e9n hace un llamado a postular por medio del Formulario \u00danico de Acreditaci\u00f3n Socioecon\u00f3mica, FUAS 2024.<\/p>\n<p class=\"v1MsoNormal\" style=\"text-align: justify;\">Seg\u00fan lo informado por Jorge Mart\u00ednez, trabajador social de la UAys\u00e9n, esta postulaci\u00f3n es uno de los principales tr\u00e1mites que forman parte del proceso para ingresar a la educaci\u00f3n superior y consiste en un documento que se debe completar de forma online para postular a diferentes beneficios estatales. \u00abEstimadas y estimados estudiantes, quer\u00edamos contarles que a partir del 5 de octubre se encontrar\u00e1 abierto el Formulario \u00danico de Acreditaci\u00f3n Socioecon\u00f3mica; por intermedio de \u00e9l, ustedes podr\u00e1n optar a las becas del Ministerio de Educaci\u00f3n y a los cr\u00e9ditos de educaci\u00f3n superior. Es muy importante que se informen bien y vean las instrucciones para hacer un correcto llenado. Puedes encontrar mayor informaci\u00f3n en el portal\u00a0<a href=\"https:\/\/postulacion.beneficiosestudiantiles.cl\/fuas\/\" target=\"_blank\" rel=\"noopener noreferrer\">https:\/\/postulacion.beneficiosestudiantiles.cl\/fuas\/<\/a>\u00a0ah\u00ed encontrar\u00e1s todo acerca de gratuidad, becas del Ministerio de Educaci\u00f3n y cr\u00e9ditos de educaci\u00f3n superior, adem\u00e1s de c\u00f3mo postular y d\u00f3nde postular. Est\u00e1n todos invitados a llenar este formulario para poder tener financiamiento de sus carreras para el pr\u00f3ximo a\u00f1o\u00bb, explic\u00f3.<\/p>\n<p class=\"v1MsoNormal\" style=\"text-align: justify;\">Es importante destacar que este tr\u00e1mite cuenta con plazo establecidos, por lo que hay que tener en cuenta que las postulaciones a beneficios estudiantiles a trav\u00e9s del FUAS comienzan el 5 de octubre y se extender\u00e1n hasta el 26 del mismo mes.<\/p>\n<p class=\"v1MsoNormal\" style=\"text-align: justify;\">Los estudiantes que pueden rellenar el FUAS para postular a beneficios estudiantiles son, estudiantes nuevos, estudiantes antiguos con una beca o cr\u00e9dito vigente y estudiantes antiguos sin beneficios.<\/p>\n<p class=\"v1MsoNormal\" style=\"text-align: justify;\">\u00a0Cabe se\u00f1alar que la Universidad de Ays\u00e9n, al ser una instituci\u00f3n acreditada, cuenta con acceso a los diferentes beneficios, como la gratuidad y la mayor\u00eda de las becas y cr\u00e9ditos de arancel estatales, por lo que los y las interesados en estudiar en la casa de estudios regional y que deseen tener alg\u00fan beneficio invariablemente deben postular al FUAS.<\/p>\n<p class=\"v1MsoNormal\" style=\"text-align: justify;\">Los beneficios a los que se puede postular a trav\u00e9s del FUAS son:<\/p>\n<p class=\"v1MsoNormal\" style=\"text-align: justify;\">Gratuidad para primer y segundo a\u00f1o<\/p>\n<p class=\"v1MsoNormal\" style=\"text-align: justify;\">Beca Bicentenario para primer a\u00f1o y desde segundo a\u00f1o<\/p>\n<p class=\"v1MsoNormal\" style=\"text-align: justify;\">Beca Excelencia Acad\u00e9mica solo para primer a\u00f1o<\/p>\n<p class=\"v1MsoNormal\" style=\"text-align: justify;\">Beca Juan G\u00f3mez Millas para primer a\u00f1o y desde segundo a\u00f1o<\/p>\n<p class=\"v1MsoNormal\" style=\"text-align: justify;\">Beca Juan G\u00f3mez Millas Extranjeros solo para primer a\u00f1o<\/p>\n<p class=\"v1MsoNormal\" style=\"text-align: justify;\">Beca Nuevo Milenio para primer a\u00f1o y desde segundo a\u00f1o<\/p>\n<p class=\"v1MsoNormal\" style=\"text-align: justify;\">Beca Excelencia T\u00e9cnica (solo primer a\u00f1o)<\/p>\n<p class=\"v1MsoNormal\" style=\"text-align: justify;\">Beca para Hijos de Profesionales de la Educaci\u00f3n para primer a\u00f1o y desde segundo a\u00f1o<\/p>\n<p class=\"v1MsoNormal\" style=\"text-align: justify;\">Beca Puntaje Prueba de Transici\u00f3n solo para primer a\u00f1o<\/p>\n<p class=\"v1MsoNormal\" style=\"text-align: justify;\">Beca de Articulaci\u00f3n<\/p>\n<p class=\"v1MsoNormal\" style=\"text-align: justify;\">Becas para estudiantes en situaci\u00f3n de discapacidad<\/p>\n<p class=\"v1MsoNormal\" style=\"text-align: justify;\">Beca de Continuidad de Estudios por instituciones en cierre<\/p>\n<p class=\"v1MsoNormal\" style=\"text-align: justify;\">Fondo Solidario de Cr\u00e9dito Universitario solo para primer a\u00f1o<\/p>\n<p class=\"v1MsoNormal\" style=\"text-align: justify;\">Cr\u00e9dito con Garant\u00eda Estatal para primer a\u00f1o y desde segundo a\u00f1o<\/p>\n<p class=\"v1MsoNormal\" style=\"text-align: justify;\">Beca de Alimentaci\u00f3n (Junaeb)<\/p>\n<p class=\"v1MsoNormal\" style=\"text-align: justify;\">Los beneficios que cuentan con formularios espec\u00edficos dentro del mismo sitio, adem\u00e1s de registrarse en el FUAS 2024: son la Beca Vocaci\u00f3n de Profesor Pedagog\u00eda, Beca Vocaci\u00f3n de Profesor Licenciatura, Beca Vocaci\u00f3n de Profesor Licenciados y Profesionales y las Becas de Reparaci\u00f3n.<\/p>\n<p class=\"v1MsoNormal\" style=\"text-align: justify;\">Para mayor informaci\u00f3n si alg\u00fan interesado tiene dudas o consultas puede escribir al correo electr\u00f3nico\u00a0<a href=\"mailto:admison@uaysen.cl\" rel=\"noreferrer\">admison@uaysen.cl<\/a>\u00a0o dirigirse al Campus Lillo de la Universidad de Ays\u00e9n para una orientaci\u00f3n presencial.<\/p>\n<\/div><\/section><\/div><div  style='height:50px' class='hr hr-invisible   avia-builder-el-6  el_after_av_one_full  el_before_av_social_share '><span class='hr-inner ' ><span class='hr-inner-style'><\/span><\/span><\/div><\/p>\n<div  class='av-social-sharing-box  avia-builder-el-7  el_after_av_hr  el_before_av_hr  '><div class='av-share-box'><h5 class='av-share-link-description av-no-toc '>Compartir esta noticia<\/h5><ul class='av-share-box-list noLightbox'><li class='av-share-link av-social-link-facebook' ><a target=\"_blank\" aria-label=\"Compartir en Facebook\" href='https:\/\/www.facebook.com\/sharer.php?u=https:\/\/radiorevelacionfm.cl\/?p=35531&#038;t=Universidad%20de%20Ays%C3%A9n%20llama%20a%20postular%20al%20FUAS%20para%20acceder%20a%20beneficios%20estudiantiles' aria-hidden='false' data-av_icon='\ue8f3' data-av_iconfont='entypo-fontello' title='' data-avia-related-tooltip='Compartir en Facebook' rel=\"noopener\"><span class='avia_hidden_link_text'>Compartir en Facebook<\/span><\/a><\/li><li class='av-share-link av-social-link-twitter' ><a target=\"_blank\" aria-label=\"Compartir en Twitter\" href='https:\/\/twitter.com\/share?text=Universidad%20de%20Ays%C3%A9n%20llama%20a%20postular%20al%20FUAS%20para%20acceder%20a%20beneficios%20estudiantiles&#038;url=https:\/\/radiorevelacionfm.cl\/?p=35531' aria-hidden='false' data-av_icon='\ue8f1' data-av_iconfont='entypo-fontello' title='' data-avia-related-tooltip='Compartir en Twitter' rel=\"noopener\"><span class='avia_hidden_link_text'>Compartir en Twitter<\/span><\/a><\/li><li class='av-share-link av-social-link-whatsapp' ><a target=\"_blank\" aria-label=\"Compartir en Whatsapp\" href='https:\/\/api.whatsapp.com\/send?text=https:\/\/radiorevelacionfm.cl\/?p=35531' aria-hidden='false' data-av_icon='\uf232' data-av_iconfont='entypo-fontello' title='' data-avia-related-tooltip='Compartir en Whatsapp' rel=\"noopener\"><span class='avia_hidden_link_text'>Compartir en Whatsapp<\/span><\/a><\/li><li class='av-share-link av-social-link-linkedin' ><a target=\"_blank\" aria-label=\"Compartir en LinkedIn\" href='https:\/\/linkedin.com\/shareArticle?mini=true&#038;title=Universidad%20de%20Ays%C3%A9n%20llama%20a%20postular%20al%20FUAS%20para%20acceder%20a%20beneficios%20estudiantiles&#038;url=https:\/\/radiorevelacionfm.cl\/?p=35531' aria-hidden='false' data-av_icon='\ue8fc' data-av_iconfont='entypo-fontello' title='' data-avia-related-tooltip='Compartir en LinkedIn' rel=\"noopener\"><span class='avia_hidden_link_text'>Compartir en LinkedIn<\/span><\/a><\/li><li class='av-share-link av-social-link-mail' ><a  aria-label=\"Compartir por correo\" href='mailto:?subject=Universidad%20de%20Ays%C3%A9n%20llama%20a%20postular%20al%20FUAS%20para%20acceder%20a%20beneficios%20estudiantiles&#038;body=https:\/\/radiorevelacionfm.cl\/?p=35531' aria-hidden='false' data-av_icon='\ue805' data-av_iconfont='entypo-fontello' title='' data-avia-related-tooltip='Compartir por correo'><span class='avia_hidden_link_text'>Compartir por correo<\/span><\/a><\/li><\/ul><\/div><\/div>\n<div  style='height:50px' class='hr hr-invisible   avia-builder-el-8  el_after_av_social_share  el_before_av_comments_list '><span class='hr-inner ' ><span class='hr-inner-style'><\/span><\/span><\/div>\n<div  class='av-buildercomment  av-blog-meta-html-info-disabled av-blog-meta-tag-disabled  '><\/div>\n","protected":false},"excerpt":{"rendered":"","protected":false},"author":1,"featured_media":35532,"comment_status":"open","ping_status":"open","sticky":false,"template":"","format":"standard","meta":{"footnotes":""},"categories":[49],"tags":[],"class_list":["post-35531","post","type-post","status-publish","format-standard","has-post-thumbnail","hentry","category-educacion"],"jetpack_featured_media_url":"https:\/\/radiorevelacionfm.cl\/wp-content\/uploads\/2023\/10\/0x9a4927-1_optimized-1_optimized.jpg","_links":{"self":[{"href":"https:\/\/radiorevelacionfm.cl\/index.php?rest_route=\/wp\/v2\/posts\/35531","targetHints":{"allow":["GET"]}}],"collection":[{"href":"https:\/\/radiorevelacionfm.cl\/index.php?rest_route=\/wp\/v2\/posts"}],"about":[{"href":"https:\/\/radiorevelacionfm.cl\/index.php?rest_route=\/wp\/v2\/types\/post"}],"author":[{"embeddable":true,"href":"https:\/\/radiorevelacionfm.cl\/index.php?rest_route=\/wp\/v2\/users\/1"}],"replies":[{"embeddable":true,"href":"https:\/\/radiorevelacionfm.cl\/index.php?rest_route=%2Fwp%2Fv2%2Fcomments&post=35531"}],"version-history":[{"count":1,"href":"https:\/\/radiorevelacionfm.cl\/index.php?rest_route=\/wp\/v2\/posts\/35531\/revisions"}],"predecessor-version":[{"id":35533,"href":"https:\/\/radiorevelacionfm.cl\/index.php?rest_route=\/wp\/v2\/posts\/35531\/revisions\/35533"}],"wp:featuredmedia":[{"embeddable":true,"href":"https:\/\/radiorevelacionfm.cl\/index.php?rest_route=\/wp\/v2\/media\/35532"}],"wp:attachment":[{"href":"https:\/\/radiorevelacionfm.cl\/index.php?rest_route=%2Fwp%2Fv2%2Fmedia&parent=35531"}],"wp:term":[{"taxonomy":"category","embeddable":true,"href":"https:\/\/radiorevelacionfm.cl\/index.php?rest_route=%2Fwp%2Fv2%2Fcategories&post=35531"},{"taxonomy":"post_tag","embeddable":true,"href":"https:\/\/radiorevelacionfm.cl\/index.php?rest_route=%2Fwp%2Fv2%2Ftags&post=35531"}],"curies":[{"name":"wp","href":"https:\/\/api.w.org\/{rel}","templated":true}]}}