{"id":35527,"date":"2023-10-02T09:59:03","date_gmt":"2023-10-02T12:59:03","guid":{"rendered":"https:\/\/radiorevelacionfm.cl\/?p=35527"},"modified":"2023-10-02T09:59:03","modified_gmt":"2023-10-02T12:59:03","slug":"no-podemos-permitir-la-desinformacion-en-temas-tan-sensibles-declaro-el-director-de-agrupaysen-por-desafortunados-dichos-en-contra-del-sector-acuicola","status":"publish","type":"post","link":"https:\/\/radiorevelacionfm.cl\/?p=35527","title":{"rendered":"\u00abNo podemos permitir la desinformaci\u00f3n en temas tan sensibles\u00bb, declar\u00f3 el director de AGRUPAYSEN por desafortunados dichos en contra del sector acu\u00edcola"},"content":{"rendered":"<div class=\"flex_column av_one_full  flex_column_div av-zero-column-padding first  avia-builder-el-0  el_before_av_one_full  avia-builder-el-first  \" style='border-radius:0px; '><div  class='avia-image-container  av-styling-    avia-builder-el-1  avia-builder-el-no-sibling  avia-align-center '  itemprop=\"image\" itemscope=\"itemscope\" itemtype=\"https:\/\/schema.org\/ImageObject\"  ><div class='avia-image-container-inner'><div class='avia-image-overlay-wrap'><img decoding=\"async\" class='wp-image-35528 avia-img-lazy-loading-not-35528 avia_image' src=\"https:\/\/radiorevelacionfm.cl\/wp-content\/uploads\/2023\/10\/DSC_4179-1-1.jpg\" alt='' title='DSC_4179 (1) (1)' height=\"600\" width=\"899\"  itemprop=\"thumbnailUrl\" srcset=\"https:\/\/radiorevelacionfm.cl\/wp-content\/uploads\/2023\/10\/DSC_4179-1-1.jpg 899w, https:\/\/radiorevelacionfm.cl\/wp-content\/uploads\/2023\/10\/DSC_4179-1-1-300x200.jpg 300w, https:\/\/radiorevelacionfm.cl\/wp-content\/uploads\/2023\/10\/DSC_4179-1-1-768x513.jpg 768w, https:\/\/radiorevelacionfm.cl\/wp-content\/uploads\/2023\/10\/DSC_4179-1-1-705x471.jpg 705w, https:\/\/radiorevelacionfm.cl\/wp-content\/uploads\/2023\/10\/DSC_4179-1-1-450x300.jpg 450w, https:\/\/radiorevelacionfm.cl\/wp-content\/uploads\/2023\/10\/DSC_4179-1-1-600x400.jpg 600w\" sizes=\"(max-width: 899px) 100vw, 899px\" \/><\/div><\/div><\/div><\/div><div class=\"flex_column av_one_full  flex_column_div av-zero-column-padding first  avia-builder-el-2  el_after_av_one_full  el_before_av_one_full  column-top-margin\" style='border-radius:0px; '><section class=\"av_textblock_section \"  itemscope=\"itemscope\" itemtype=\"https:\/\/schema.org\/BlogPosting\" itemprop=\"blogPost\" ><div class='avia_textblock  '   itemprop=\"text\" ><p style=\"text-align: center;\"><span style=\"font-size: 18pt;\"><strong>\u00abNo podemos permitir la desinformaci\u00f3n en temas tan sensibles\u00bb, declar\u00f3 el director de AGRUPAYSEN por desafortunados dichos en contra del sector acu\u00edcola<\/strong><\/span><\/p>\n<div id=\"gtx-trans\" style=\"position: absolute; left: -50px; top: 4.31534px;\">\n<div class=\"gtx-trans-icon\"><\/div>\n<\/div>\n<\/div><\/section><\/div><div class=\"flex_column av_one_full  flex_column_div av-zero-column-padding first  avia-builder-el-4  el_after_av_one_full  el_before_av_hr  column-top-margin\" style='border-radius:0px; '><section class=\"av_textblock_section \"  itemscope=\"itemscope\" itemtype=\"https:\/\/schema.org\/BlogPosting\" itemprop=\"blogPost\" ><div class='avia_textblock  '   itemprop=\"text\" ><p style=\"text-align: justify;\">Ante las recientes declaraciones de la comunicadora Andrea Rosas, de Radio Santa Mar\u00eda, el gremio de prestadores de servicios acu\u00edcolas de la regi\u00f3n de Ays\u00e9n, AGRUPAYSEN, ha decidido alzar la voz para aclarar la situaci\u00f3n y desmentir las acusaciones infundadas vertidas en el espacio radial.<\/p>\n<p style=\"text-align: justify;\">Haciendo uso de su espacio \u201cel matinal Buenos D\u00edas Ays\u00e9n\u201d, la locutora Rosas gener\u00f3 controversia con sus declaraciones, sobre la actividad acu\u00edcola en la regi\u00f3n \u00abA pesar de autodefinirse como la mejor del mundo, y de dar tanto trabajo, trabajo donde se mueren cerca de 70 personas al a\u00f1o sobre todo en el \u00e1rea de mayor cuidado, nuestros buzos, el personal m\u00e1s profesional y capacitado que existe donde han tercerizado y precarizado el \u00e1rea laboral de tantas maneras, esa industria lamentablemente no se hace cargo y nosotros no hemos sabido controlarla\u201d.<\/p>\n<p style=\"text-align: justify;\">Ante tales afirmaciones, el director de AGRUPAYSEN, Giovanni Rosso, expres\u00f3 su profundo malestar: \u00abEs inaceptable que se utilice una plataforma de comunicaci\u00f3n para difundir informaci\u00f3n err\u00f3nea y realizar acusaciones tan graves sin pruebas. No podemos permitir la desinformaci\u00f3n en temas tan sensibles que afectan a nuestra comunidad y a la industria que representa a tantas familias en la regi\u00f3n\u00bb.<\/p>\n<p style=\"text-align: justify;\">Seg\u00fan datos oficiales proporcionados por la autoridad mar\u00edtima de Ays\u00e9n y los servicios de salud del pa\u00eds, los accidentes fatales relacionados con el buceo por descompresi\u00f3n inadecuada tienen un promedio anual de 6 personas en los \u00faltimos 10 a\u00f1os. AGRUPAYSEN est\u00e1 trabajando arduamente para mitigar estos accidentes, gestionando que la industria invierta m\u00e1s en capacitaciones y tecnolog\u00eda adecuada, para prevenir accidentes relacionadas con el rubro.<\/p>\n<p style=\"text-align: justify;\">Desde AGRUPAYSEN, hacemos un llamado a la responsabilidad y al compromiso con la verdad. Es esencial que los comunicadores verifiquen sus fuentes y se informen adecuadamente antes de emitir opiniones o declaraciones que puedan causar da\u00f1o o confusi\u00f3n en la comunidad.<\/p>\n<\/div><\/section><\/div><div  style='height:50px' class='hr hr-invisible   avia-builder-el-6  el_after_av_one_full  el_before_av_social_share '><span class='hr-inner ' ><span class='hr-inner-style'><\/span><\/span><\/div><\/p>\n<div  class='av-social-sharing-box  avia-builder-el-7  el_after_av_hr  el_before_av_hr  '><div class='av-share-box'><h5 class='av-share-link-description av-no-toc '>Compartir esta noticia<\/h5><ul class='av-share-box-list noLightbox'><li class='av-share-link av-social-link-facebook' ><a target=\"_blank\" aria-label=\"Compartir en Facebook\" href='https:\/\/www.facebook.com\/sharer.php?u=https:\/\/radiorevelacionfm.cl\/?p=35527&#038;t=%C2%ABNo%20podemos%20permitir%20la%20desinformaci%C3%B3n%20en%20temas%20tan%20sensibles%C2%BB%2C%20declar%C3%B3%20el%20director%20de%20AGRUPAYSEN%20por%20desafortunados%20dichos%20en%20contra%20del%20sector%20acu%C3%ADcola' aria-hidden='false' data-av_icon='\ue8f3' data-av_iconfont='entypo-fontello' title='' data-avia-related-tooltip='Compartir en Facebook' rel=\"noopener\"><span class='avia_hidden_link_text'>Compartir en Facebook<\/span><\/a><\/li><li class='av-share-link av-social-link-twitter' ><a target=\"_blank\" aria-label=\"Compartir en Twitter\" href='https:\/\/twitter.com\/share?text=%C2%ABNo%20podemos%20permitir%20la%20desinformaci%C3%B3n%20en%20temas%20tan%20sensibles%C2%BB%2C%20declar%C3%B3%20el%20director%20de%20AGRUPAYSEN%20por%20desafortunados%20dichos%20en%20contra%20del%20sector%20acu%C3%ADcola&#038;url=https:\/\/radiorevelacionfm.cl\/?p=35527' aria-hidden='false' data-av_icon='\ue8f1' data-av_iconfont='entypo-fontello' title='' data-avia-related-tooltip='Compartir en Twitter' rel=\"noopener\"><span class='avia_hidden_link_text'>Compartir en Twitter<\/span><\/a><\/li><li class='av-share-link av-social-link-whatsapp' ><a target=\"_blank\" aria-label=\"Compartir en Whatsapp\" href='https:\/\/api.whatsapp.com\/send?text=https:\/\/radiorevelacionfm.cl\/?p=35527' aria-hidden='false' data-av_icon='\uf232' data-av_iconfont='entypo-fontello' title='' data-avia-related-tooltip='Compartir en Whatsapp' rel=\"noopener\"><span class='avia_hidden_link_text'>Compartir en Whatsapp<\/span><\/a><\/li><li class='av-share-link av-social-link-linkedin' ><a target=\"_blank\" aria-label=\"Compartir en LinkedIn\" href='https:\/\/linkedin.com\/shareArticle?mini=true&#038;title=%C2%ABNo%20podemos%20permitir%20la%20desinformaci%C3%B3n%20en%20temas%20tan%20sensibles%C2%BB%2C%20declar%C3%B3%20el%20director%20de%20AGRUPAYSEN%20por%20desafortunados%20dichos%20en%20contra%20del%20sector%20acu%C3%ADcola&#038;url=https:\/\/radiorevelacionfm.cl\/?p=35527' aria-hidden='false' data-av_icon='\ue8fc' data-av_iconfont='entypo-fontello' title='' data-avia-related-tooltip='Compartir en LinkedIn' rel=\"noopener\"><span class='avia_hidden_link_text'>Compartir en LinkedIn<\/span><\/a><\/li><li class='av-share-link av-social-link-mail' ><a  aria-label=\"Compartir por correo\" href='mailto:?subject=%C2%ABNo%20podemos%20permitir%20la%20desinformaci%C3%B3n%20en%20temas%20tan%20sensibles%C2%BB%2C%20declar%C3%B3%20el%20director%20de%20AGRUPAYSEN%20por%20desafortunados%20dichos%20en%20contra%20del%20sector%20acu%C3%ADcola&#038;body=https:\/\/radiorevelacionfm.cl\/?p=35527' aria-hidden='false' data-av_icon='\ue805' data-av_iconfont='entypo-fontello' title='' data-avia-related-tooltip='Compartir por correo'><span class='avia_hidden_link_text'>Compartir por correo<\/span><\/a><\/li><\/ul><\/div><\/div>\n<div  style='height:50px' class='hr hr-invisible   avia-builder-el-8  el_after_av_social_share  el_before_av_comments_list '><span class='hr-inner ' ><span class='hr-inner-style'><\/span><\/span><\/div>\n<div  class='av-buildercomment  av-blog-meta-html-info-disabled av-blog-meta-tag-disabled  '><\/div>\n","protected":false},"excerpt":{"rendered":"","protected":false},"author":1,"featured_media":35528,"comment_status":"open","ping_status":"open","sticky":false,"template":"","format":"standard","meta":{"footnotes":""},"categories":[38],"tags":[],"class_list":["post-35527","post","type-post","status-publish","format-standard","has-post-thumbnail","hentry","category-regional"],"jetpack_featured_media_url":"https:\/\/radiorevelacionfm.cl\/wp-content\/uploads\/2023\/10\/DSC_4179-1-1.jpg","_links":{"self":[{"href":"https:\/\/radiorevelacionfm.cl\/index.php?rest_route=\/wp\/v2\/posts\/35527","targetHints":{"allow":["GET"]}}],"collection":[{"href":"https:\/\/radiorevelacionfm.cl\/index.php?rest_route=\/wp\/v2\/posts"}],"about":[{"href":"https:\/\/radiorevelacionfm.cl\/index.php?rest_route=\/wp\/v2\/types\/post"}],"author":[{"embeddable":true,"href":"https:\/\/radiorevelacionfm.cl\/index.php?rest_route=\/wp\/v2\/users\/1"}],"replies":[{"embeddable":true,"href":"https:\/\/radiorevelacionfm.cl\/index.php?rest_route=%2Fwp%2Fv2%2Fcomments&post=35527"}],"version-history":[{"count":1,"href":"https:\/\/radiorevelacionfm.cl\/index.php?rest_route=\/wp\/v2\/posts\/35527\/revisions"}],"predecessor-version":[{"id":35529,"href":"https:\/\/radiorevelacionfm.cl\/index.php?rest_route=\/wp\/v2\/posts\/35527\/revisions\/35529"}],"wp:featuredmedia":[{"embeddable":true,"href":"https:\/\/radiorevelacionfm.cl\/index.php?rest_route=\/wp\/v2\/media\/35528"}],"wp:attachment":[{"href":"https:\/\/radiorevelacionfm.cl\/index.php?rest_route=%2Fwp%2Fv2%2Fmedia&parent=35527"}],"wp:term":[{"taxonomy":"category","embeddable":true,"href":"https:\/\/radiorevelacionfm.cl\/index.php?rest_route=%2Fwp%2Fv2%2Fcategories&post=35527"},{"taxonomy":"post_tag","embeddable":true,"href":"https:\/\/radiorevelacionfm.cl\/index.php?rest_route=%2Fwp%2Fv2%2Ftags&post=35527"}],"curies":[{"name":"wp","href":"https:\/\/api.w.org\/{rel}","templated":true}]}}