{"id":35519,"date":"2023-10-01T21:53:18","date_gmt":"2023-10-02T00:53:18","guid":{"rendered":"https:\/\/radiorevelacionfm.cl\/?p=35519"},"modified":"2023-10-01T21:53:18","modified_gmt":"2023-10-02T00:53:18","slug":"seremi-karina-acevedo-este-gobierno-busca-dar-garantias-de-que-se-puede-envejecer-de-forma-digna","status":"publish","type":"post","link":"https:\/\/radiorevelacionfm.cl\/?p=35519","title":{"rendered":"Seremi Karina Acevedo: \u00abEste gobierno busca dar garant\u00edas de que se puede envejecer de forma digna\u00bb"},"content":{"rendered":"<div class=\"flex_column av_one_full  flex_column_div av-zero-column-padding first  avia-builder-el-0  el_before_av_one_full  avia-builder-el-first  \" style='border-radius:0px; '><div  class='avia-image-container  av-styling-    avia-builder-el-1  avia-builder-el-no-sibling  avia-align-center '  itemprop=\"image\" itemscope=\"itemscope\" itemtype=\"https:\/\/schema.org\/ImageObject\"  ><div class='avia-image-container-inner'><div class='avia-image-overlay-wrap'><img decoding=\"async\" class='wp-image-35520 avia-img-lazy-loading-not-35520 avia_image' src=\"https:\/\/radiorevelacionfm.cl\/wp-content\/uploads\/2023\/10\/mayores-1_optimized-1.jpg\" alt='' title='mayores-(1)_optimized (1)' height=\"600\" width=\"1067\"  itemprop=\"thumbnailUrl\" srcset=\"https:\/\/radiorevelacionfm.cl\/wp-content\/uploads\/2023\/10\/mayores-1_optimized-1.jpg 1067w, https:\/\/radiorevelacionfm.cl\/wp-content\/uploads\/2023\/10\/mayores-1_optimized-1-300x169.jpg 300w, https:\/\/radiorevelacionfm.cl\/wp-content\/uploads\/2023\/10\/mayores-1_optimized-1-1030x579.jpg 1030w, https:\/\/radiorevelacionfm.cl\/wp-content\/uploads\/2023\/10\/mayores-1_optimized-1-768x432.jpg 768w, https:\/\/radiorevelacionfm.cl\/wp-content\/uploads\/2023\/10\/mayores-1_optimized-1-705x396.jpg 705w, https:\/\/radiorevelacionfm.cl\/wp-content\/uploads\/2023\/10\/mayores-1_optimized-1-450x253.jpg 450w, https:\/\/radiorevelacionfm.cl\/wp-content\/uploads\/2023\/10\/mayores-1_optimized-1-600x337.jpg 600w\" sizes=\"(max-width: 1067px) 100vw, 1067px\" \/><\/div><\/div><\/div><\/div><div class=\"flex_column av_one_full  flex_column_div av-zero-column-padding first  avia-builder-el-2  el_after_av_one_full  el_before_av_one_full  column-top-margin\" style='border-radius:0px; '><section class=\"av_textblock_section \"  itemscope=\"itemscope\" itemtype=\"https:\/\/schema.org\/BlogPosting\" itemprop=\"blogPost\" ><div class='avia_textblock  '   itemprop=\"text\" ><p style=\"text-align: center;\"><span style=\"font-size: 18pt;\"><b>Seremi Karina Acevedo: \u00abEste gobierno busca dar garant\u00edas de que se puede envejecer de forma digna\u00bb<\/b><\/span><\/p>\n<div id=\"gtx-trans\" style=\"position: absolute; left: -50px; top: 4.31534px;\">\n<div class=\"gtx-trans-icon\"><\/div>\n<\/div>\n<\/div><\/section><\/div><div class=\"flex_column av_one_full  flex_column_div av-zero-column-padding first  avia-builder-el-4  el_after_av_one_full  el_before_av_social_share  column-top-margin\" style='border-radius:0px; '><section class=\"av_textblock_section \"  itemscope=\"itemscope\" itemtype=\"https:\/\/schema.org\/BlogPosting\" itemprop=\"blogPost\" ><div class='avia_textblock  '   itemprop=\"text\" ><div style=\"text-align: justify;\">Tras la celebraci\u00f3n del D\u00eda Internacional de Personas Mayores este 1 de octubre, diversos desaf\u00edos en la regi\u00f3n en esta materia, son los que plante\u00f3 la seremi de Desarrollo Social y Familia Karina Acevedo.<\/div>\n<div><\/div>\n<div style=\"text-align: justify;\">\n<p>Destac\u00f3 la autoridad el trabajo que encabezan para llevar a cabo el Sistema Nacional de Cuidados en donde las personas mayores son prioritarias \u00abVamos a iniciar este primero de octubre con grandes desaf\u00edos, el Presidente nos ha motivado y nos ha reforzado es el trabajo en \u00a0el sistema Nacional de Cuidados, una pol\u00edtica nacional que se instala desde la necesidad de \u00a0las comunidades, pero sobre todo de poder ayudar y colaborar a quienes prestan la labor de cuidado y a quienes lo requieren\u00bb.<\/p>\n<p>Respecto a lo mismo, agreg\u00f3 Karina Acevedo que \u00abPara las personas mayores esto es un tremendo mensaje, que van a tener garant\u00edas de contar con un sistema que va a dar protecci\u00f3n y cuidado cuando as\u00ed se requiera, as\u00ed que seguimos trabajando con mucho compromiso por pol\u00edticas p\u00fablicas basadas en derechos con un trato digno, justo e inclusivo y como gobierno agotaremos todas las instancias hasta lograr concretar un nuevo sistema de pensiones\u00bb.<\/p>\n<p>Proyectar el trabajo hacia personas mayores de forma inclusiva, digna, activa y que cuenten adicionalmente con un nuevo sistema de pensiones, es el desaf\u00edo planteado para este 2023, pero adicionalmente lograr cambios sustanciales con mejor atenci\u00f3n en todo el territorio, as\u00ed lo plante\u00f3 la Seremi Karina Acevedo \u00a0\u00abTenemos grandes desaf\u00edos, nuestra regi\u00f3n es muy extensa, es tremendamente dispersa y se requiere que lleguemos a todas las provincias y a las comunas, con poder atender desde un Eleam porqu\u00e9 no, con espacios de atenci\u00f3n diurna para personas mayores, con una red de cuidados, que estamos hoy d\u00eda trabajando para aquello, pero dar garant\u00edas que se puede envejecer en forma digna en el territorio donde sea\u00bb.<\/p>\n<p>Finalmente la representante en Ays\u00e9n de Desarrollo Social y Familia, Karina Acevedo anunci\u00f3 \u00a0que \u00abA corto plazo tenemos un di\u00e1logo regional de cuidado que tiene que ver justamente para poder fortalecer la pol\u00edtica p\u00fablica nacional que est\u00e1 en dise\u00f1o, pero con una mirada del territorio. Para nosotros es importante poder escuchar a todas y a todos las personas que requieren atenci\u00f3n y cuidado quienes prestan labor de cuidado, pero tambi\u00e9n a las personas mayores, que requieren compa\u00f1\u00eda y apoyo en el transcurso de su vida adulta\u00bb.<\/p>\n<\/div>\n<div><\/div>\n<\/div><\/section><\/div><div  class='av-social-sharing-box  avia-builder-el-6  el_after_av_one_full  el_before_av_comments_list  '><div class='av-share-box'><h5 class='av-share-link-description av-no-toc '>Compartir esta noticia<\/h5><ul class='av-share-box-list noLightbox'><li class='av-share-link av-social-link-facebook' ><a target=\"_blank\" aria-label=\"Compartir en Facebook\" href='https:\/\/www.facebook.com\/sharer.php?u=https:\/\/radiorevelacionfm.cl\/?p=35519&#038;t=Seremi%20Karina%20Acevedo%3A%20%C2%ABEste%20gobierno%20busca%20dar%20garant%C3%ADas%20de%20que%20se%20puede%20envejecer%20de%20forma%20digna%C2%BB' aria-hidden='false' data-av_icon='\ue8f3' data-av_iconfont='entypo-fontello' title='' data-avia-related-tooltip='Compartir en Facebook' rel=\"noopener\"><span class='avia_hidden_link_text'>Compartir en Facebook<\/span><\/a><\/li><li class='av-share-link av-social-link-twitter' ><a target=\"_blank\" aria-label=\"Compartir en Twitter\" href='https:\/\/twitter.com\/share?text=Seremi%20Karina%20Acevedo%3A%20%C2%ABEste%20gobierno%20busca%20dar%20garant%C3%ADas%20de%20que%20se%20puede%20envejecer%20de%20forma%20digna%C2%BB&#038;url=https:\/\/radiorevelacionfm.cl\/?p=35519' aria-hidden='false' data-av_icon='\ue8f1' data-av_iconfont='entypo-fontello' title='' data-avia-related-tooltip='Compartir en Twitter' rel=\"noopener\"><span class='avia_hidden_link_text'>Compartir en Twitter<\/span><\/a><\/li><li class='av-share-link av-social-link-whatsapp' ><a target=\"_blank\" aria-label=\"Compartir en Whatsapp\" href='https:\/\/api.whatsapp.com\/send?text=https:\/\/radiorevelacionfm.cl\/?p=35519' aria-hidden='false' data-av_icon='\uf232' data-av_iconfont='entypo-fontello' title='' data-avia-related-tooltip='Compartir en Whatsapp' rel=\"noopener\"><span class='avia_hidden_link_text'>Compartir en Whatsapp<\/span><\/a><\/li><li class='av-share-link av-social-link-linkedin' ><a target=\"_blank\" aria-label=\"Compartir en LinkedIn\" href='https:\/\/linkedin.com\/shareArticle?mini=true&#038;title=Seremi%20Karina%20Acevedo%3A%20%C2%ABEste%20gobierno%20busca%20dar%20garant%C3%ADas%20de%20que%20se%20puede%20envejecer%20de%20forma%20digna%C2%BB&#038;url=https:\/\/radiorevelacionfm.cl\/?p=35519' aria-hidden='false' data-av_icon='\ue8fc' data-av_iconfont='entypo-fontello' title='' data-avia-related-tooltip='Compartir en LinkedIn' rel=\"noopener\"><span class='avia_hidden_link_text'>Compartir en LinkedIn<\/span><\/a><\/li><li class='av-share-link av-social-link-mail' ><a  aria-label=\"Compartir por correo\" href='mailto:?subject=Seremi%20Karina%20Acevedo%3A%20%C2%ABEste%20gobierno%20busca%20dar%20garant%C3%ADas%20de%20que%20se%20puede%20envejecer%20de%20forma%20digna%C2%BB&#038;body=https:\/\/radiorevelacionfm.cl\/?p=35519' aria-hidden='false' data-av_icon='\ue805' data-av_iconfont='entypo-fontello' title='' data-avia-related-tooltip='Compartir por correo'><span class='avia_hidden_link_text'>Compartir por correo<\/span><\/a><\/li><\/ul><\/div><\/div><\/p>\n<div  class='av-buildercomment  av-blog-meta-html-info-disabled av-blog-meta-tag-disabled  '><\/div>\n","protected":false},"excerpt":{"rendered":"","protected":false},"author":1,"featured_media":35520,"comment_status":"open","ping_status":"open","sticky":false,"template":"","format":"standard","meta":{"footnotes":""},"categories":[38],"tags":[],"class_list":["post-35519","post","type-post","status-publish","format-standard","has-post-thumbnail","hentry","category-regional"],"jetpack_featured_media_url":"https:\/\/radiorevelacionfm.cl\/wp-content\/uploads\/2023\/10\/mayores-1_optimized-1.jpg","_links":{"self":[{"href":"https:\/\/radiorevelacionfm.cl\/index.php?rest_route=\/wp\/v2\/posts\/35519","targetHints":{"allow":["GET"]}}],"collection":[{"href":"https:\/\/radiorevelacionfm.cl\/index.php?rest_route=\/wp\/v2\/posts"}],"about":[{"href":"https:\/\/radiorevelacionfm.cl\/index.php?rest_route=\/wp\/v2\/types\/post"}],"author":[{"embeddable":true,"href":"https:\/\/radiorevelacionfm.cl\/index.php?rest_route=\/wp\/v2\/users\/1"}],"replies":[{"embeddable":true,"href":"https:\/\/radiorevelacionfm.cl\/index.php?rest_route=%2Fwp%2Fv2%2Fcomments&post=35519"}],"version-history":[{"count":1,"href":"https:\/\/radiorevelacionfm.cl\/index.php?rest_route=\/wp\/v2\/posts\/35519\/revisions"}],"predecessor-version":[{"id":35522,"href":"https:\/\/radiorevelacionfm.cl\/index.php?rest_route=\/wp\/v2\/posts\/35519\/revisions\/35522"}],"wp:featuredmedia":[{"embeddable":true,"href":"https:\/\/radiorevelacionfm.cl\/index.php?rest_route=\/wp\/v2\/media\/35520"}],"wp:attachment":[{"href":"https:\/\/radiorevelacionfm.cl\/index.php?rest_route=%2Fwp%2Fv2%2Fmedia&parent=35519"}],"wp:term":[{"taxonomy":"category","embeddable":true,"href":"https:\/\/radiorevelacionfm.cl\/index.php?rest_route=%2Fwp%2Fv2%2Fcategories&post=35519"},{"taxonomy":"post_tag","embeddable":true,"href":"https:\/\/radiorevelacionfm.cl\/index.php?rest_route=%2Fwp%2Fv2%2Ftags&post=35519"}],"curies":[{"name":"wp","href":"https:\/\/api.w.org\/{rel}","templated":true}]}}