{"id":35516,"date":"2023-10-01T16:11:18","date_gmt":"2023-10-01T19:11:18","guid":{"rendered":"https:\/\/radiorevelacionfm.cl\/?p=35516"},"modified":"2023-10-01T16:11:18","modified_gmt":"2023-10-01T19:11:18","slug":"iniciativa-cultura-asociativa-de-bahia-murta-cierra-exitoso-proceso-comunitario","status":"publish","type":"post","link":"https:\/\/radiorevelacionfm.cl\/?p=35516","title":{"rendered":"Iniciativa Cultura Asociativa de Bah\u00eda Murta cierra exitoso proceso comunitario"},"content":{"rendered":"<div class=\"flex_column av_one_full  flex_column_div av-zero-column-padding first  avia-builder-el-0  el_before_av_one_full  avia-builder-el-first  \" style='border-radius:0px; '><div  class='avia-image-container  av-styling-    avia-builder-el-1  avia-builder-el-no-sibling  avia-align-center '  itemprop=\"image\" itemscope=\"itemscope\" itemtype=\"https:\/\/schema.org\/ImageObject\"  ><div class='avia-image-container-inner'><div class='avia-image-overlay-wrap'><img decoding=\"async\" class='wp-image-35517 avia-img-lazy-loading-not-35517 avia_image' src=\"https:\/\/radiorevelacionfm.cl\/wp-content\/uploads\/2023\/10\/ica-murta3-1-1_optimized.jpg\" alt='' title='ica-murta3-(1)-(1)_optimized' height=\"600\" width=\"900\"  itemprop=\"thumbnailUrl\" srcset=\"https:\/\/radiorevelacionfm.cl\/wp-content\/uploads\/2023\/10\/ica-murta3-1-1_optimized.jpg 900w, https:\/\/radiorevelacionfm.cl\/wp-content\/uploads\/2023\/10\/ica-murta3-1-1_optimized-300x200.jpg 300w, https:\/\/radiorevelacionfm.cl\/wp-content\/uploads\/2023\/10\/ica-murta3-1-1_optimized-768x512.jpg 768w, https:\/\/radiorevelacionfm.cl\/wp-content\/uploads\/2023\/10\/ica-murta3-1-1_optimized-705x470.jpg 705w, https:\/\/radiorevelacionfm.cl\/wp-content\/uploads\/2023\/10\/ica-murta3-1-1_optimized-450x300.jpg 450w, https:\/\/radiorevelacionfm.cl\/wp-content\/uploads\/2023\/10\/ica-murta3-1-1_optimized-600x400.jpg 600w\" sizes=\"(max-width: 900px) 100vw, 900px\" \/><\/div><\/div><\/div><\/div><div class=\"flex_column av_one_full  flex_column_div av-zero-column-padding first  avia-builder-el-2  el_after_av_one_full  el_before_av_one_full  column-top-margin\" style='border-radius:0px; '><section class=\"av_textblock_section \"  itemscope=\"itemscope\" itemtype=\"https:\/\/schema.org\/BlogPosting\" itemprop=\"blogPost\" ><div class='avia_textblock  '   itemprop=\"text\" ><p style=\"text-align: center;\"><span style=\"font-size: 18pt;\"><b>Iniciativa Cultura Asociativa de Bah\u00eda Murta cierra exitoso proceso comunitario<\/b><\/span><\/p>\n<div id=\"gtx-trans\" style=\"position: absolute; left: -50px; top: 4.31534px;\">\n<div class=\"gtx-trans-icon\"><\/div>\n<\/div>\n<\/div><\/section><\/div><div class=\"flex_column av_one_full  flex_column_div av-zero-column-padding first  avia-builder-el-4  el_after_av_one_full  el_before_av_hr  column-top-margin\" style='border-radius:0px; '><section class=\"av_textblock_section \"  itemscope=\"itemscope\" itemtype=\"https:\/\/schema.org\/BlogPosting\" itemprop=\"blogPost\" ><div class='avia_textblock  '   itemprop=\"text\" ><p style=\"text-align: justify;\">Hasta la lacustre localidad de Bah\u00eda Murta llegaron el seremi de las Culturas, las Artes y el Patrimonio de la Regi\u00f3n de Ays\u00e9n, Felipe Quiroz, junto a la encargada de Ciudadan\u00eda, Karla Achivare, para conocer los detalles del cierre de la Iniciativa Cultural Asociativa, ICA, desarrollada por las organizaciones culturales comunitarias del territorio.<\/p>\n<p style=\"text-align: justify;\">El ICA de Bah\u00eda Murta cont\u00f3 con el trabajo de la Corporaci\u00f3n Chelenko, ejecutora del proyecto, financiado a trav\u00e9s del programa de Fomento a la Identidad Cultural Regional, FICR, del Ministerio de las Culturas, las Artes y el Patrimonio. En un trabajo mancomunado, agrupaciones, gestores, artistas y cultores se reunieron en el Parque 5 de Abril a compartir sus conclusiones y proyectar el trabajo futuro.<\/p>\n<p style=\"text-align: justify;\">Roc\u00edo Miranda, gestora cultural y parte del equipo explic\u00f3 que se trata de un resultado exitoso pues \u00abpudimos catastrar a 12 de las 16 organizaciones que est\u00e1n funcionando en Bah\u00eda Murta. Los dirigentes que estuvieron presentes en este proceso pudieron darnos a conocer los aprendizajes porque se trata de saber y de tener los conocimientos necesarios para llevar una organizaci\u00f3n y poder generar proyectos culturales y art\u00edsticos exitosos, donde puedan mostrar sus capacidades como patrimonio material e inmaterial de Bah\u00eda Murta. Estoy muy feliz por todo lo que est\u00e1 sucediendo hoy. Ha mejorado mis expectativas\u00bb.<\/p>\n<p style=\"text-align: justify;\">Degustaciones de productos de gastronom\u00eda tradicional, n\u00fameros musicales, muestras de artesan\u00eda y un conservatorio sobre el proyecto fueron parte de la programaci\u00f3n que reuni\u00f3 a artesanas, cultores, m\u00fasicos y familias de Bah\u00eda Murta en una primaveral jornada.<\/p>\n<p style=\"text-align: justify;\">El seremi de las Culturas Ays\u00e9n, Felipe Quiroz, dijo que \u00abestamos supercontentos como ministerio y tambi\u00e9n como Gobierno de poder llegar a los territorios m\u00e1s aislados de nuestra regi\u00f3n; sabemos que es fundamental que el Estado se haga presente y colabore con las organizaciones de car\u00e1cter comunitario y culturales. Queremos celebrar el entusiasmo de la comunidad y de las organizaciones que habitan entre ellas para poder levantar estas iniciativas y relevar cuestiones fundamentales para las culturas. Estamos trabajando asociativamente y en red; y estamos descentralizando para levantar ejercicios que permitan potenciar las herramientas de gesti\u00f3n cultural en cada territorio\u00bb.<\/p>\n<p style=\"text-align: justify;\">Para la presidenta de la Corporaci\u00f3n de Desarrollo Tur\u00edstico Sustentable Chelenko, Jasmia Y\u00e1\u00f1ez Henr\u00edquez, \u00abha sido un tremendo aprendizaje y una tremenda oportunidad de poder reconocernos como comunidad organizada. Siempre he dicho que de Bah\u00eda Murta, siendo mi pueblo de origen, me sorprende gratamente la gran cantidad de organizaciones activas que existen permanentemente y que est\u00e1n siempre trabajando por su comunidad. Eso yo lo valoro mucho. Hay un &#8216;power&#8217; tremendo en cuanto a l\u00edderes. Y este proceso les permiti\u00f3 aprender a desempe\u00f1ar mejor sus roles, no solo dirigenciales, sino tambi\u00e9n de asamble\u00edstas; y de reconocerse, que fue muy valioso eso de darse cuenta de todo lo que han hecho, porque tienen historia desde hace mucho tiempo y est\u00e1n trabajando por su comunidad para lograr los objetivos que se propusieron\u00bb.<\/p>\n<p style=\"text-align: justify;\">Carola Smith es integrante de la Agrupaci\u00f3n de Adultos Mayores y vive hace 23 a\u00f1os en Murta; sus productos gastron\u00f3micos fueron parte del cierre del ICA: \u00abLo encuentro espectacular, as\u00ed se pueden reunir todas las personas y siempre aprenden unas de otras. Llegu\u00e9 de Puerto Varas y el desarrollo cultural de Murta ha crecido mucho, especialmente en los \u00faltimos a\u00f1os. Ha habido un gran avance en todo sentido\u00bb.<\/p>\n<\/div><\/section><\/div><div  style='height:50px' class='hr hr-invisible   avia-builder-el-6  el_after_av_one_full  el_before_av_social_share '><span class='hr-inner ' ><span class='hr-inner-style'><\/span><\/span><\/div><\/p>\n<div  class='av-social-sharing-box  avia-builder-el-7  el_after_av_hr  el_before_av_hr  '><div class='av-share-box'><h5 class='av-share-link-description av-no-toc '>Compartir esta noticia<\/h5><ul class='av-share-box-list noLightbox'><li class='av-share-link av-social-link-facebook' ><a target=\"_blank\" aria-label=\"Compartir en Facebook\" href='https:\/\/www.facebook.com\/sharer.php?u=https:\/\/radiorevelacionfm.cl\/?p=35516&#038;t=Iniciativa%20Cultura%20Asociativa%20de%20Bah%C3%ADa%20Murta%20cierra%20exitoso%20proceso%20comunitario' aria-hidden='false' data-av_icon='\ue8f3' data-av_iconfont='entypo-fontello' title='' data-avia-related-tooltip='Compartir en Facebook' rel=\"noopener\"><span class='avia_hidden_link_text'>Compartir en Facebook<\/span><\/a><\/li><li class='av-share-link av-social-link-twitter' ><a target=\"_blank\" aria-label=\"Compartir en Twitter\" href='https:\/\/twitter.com\/share?text=Iniciativa%20Cultura%20Asociativa%20de%20Bah%C3%ADa%20Murta%20cierra%20exitoso%20proceso%20comunitario&#038;url=https:\/\/radiorevelacionfm.cl\/?p=35516' aria-hidden='false' data-av_icon='\ue8f1' data-av_iconfont='entypo-fontello' title='' data-avia-related-tooltip='Compartir en Twitter' rel=\"noopener\"><span class='avia_hidden_link_text'>Compartir en Twitter<\/span><\/a><\/li><li class='av-share-link av-social-link-whatsapp' ><a target=\"_blank\" aria-label=\"Compartir en Whatsapp\" href='https:\/\/api.whatsapp.com\/send?text=https:\/\/radiorevelacionfm.cl\/?p=35516' aria-hidden='false' data-av_icon='\uf232' data-av_iconfont='entypo-fontello' title='' data-avia-related-tooltip='Compartir en Whatsapp' rel=\"noopener\"><span class='avia_hidden_link_text'>Compartir en Whatsapp<\/span><\/a><\/li><li class='av-share-link av-social-link-linkedin' ><a target=\"_blank\" aria-label=\"Compartir en LinkedIn\" href='https:\/\/linkedin.com\/shareArticle?mini=true&#038;title=Iniciativa%20Cultura%20Asociativa%20de%20Bah%C3%ADa%20Murta%20cierra%20exitoso%20proceso%20comunitario&#038;url=https:\/\/radiorevelacionfm.cl\/?p=35516' aria-hidden='false' data-av_icon='\ue8fc' data-av_iconfont='entypo-fontello' title='' data-avia-related-tooltip='Compartir en LinkedIn' rel=\"noopener\"><span class='avia_hidden_link_text'>Compartir en LinkedIn<\/span><\/a><\/li><li class='av-share-link av-social-link-mail' ><a  aria-label=\"Compartir por correo\" href='mailto:?subject=Iniciativa%20Cultura%20Asociativa%20de%20Bah%C3%ADa%20Murta%20cierra%20exitoso%20proceso%20comunitario&#038;body=https:\/\/radiorevelacionfm.cl\/?p=35516' aria-hidden='false' data-av_icon='\ue805' data-av_iconfont='entypo-fontello' title='' data-avia-related-tooltip='Compartir por correo'><span class='avia_hidden_link_text'>Compartir por correo<\/span><\/a><\/li><\/ul><\/div><\/div>\n<div  style='height:50px' class='hr hr-invisible   avia-builder-el-8  el_after_av_social_share  el_before_av_comments_list '><span class='hr-inner ' ><span class='hr-inner-style'><\/span><\/span><\/div>\n<div  class='av-buildercomment  av-blog-meta-html-info-disabled av-blog-meta-tag-disabled  '><\/div>\n","protected":false},"excerpt":{"rendered":"","protected":false},"author":1,"featured_media":35517,"comment_status":"open","ping_status":"open","sticky":false,"template":"","format":"standard","meta":{"footnotes":""},"categories":[52],"tags":[],"class_list":["post-35516","post","type-post","status-publish","format-standard","has-post-thumbnail","hentry","category-cultura"],"jetpack_featured_media_url":"https:\/\/radiorevelacionfm.cl\/wp-content\/uploads\/2023\/10\/ica-murta3-1-1_optimized.jpg","_links":{"self":[{"href":"https:\/\/radiorevelacionfm.cl\/index.php?rest_route=\/wp\/v2\/posts\/35516","targetHints":{"allow":["GET"]}}],"collection":[{"href":"https:\/\/radiorevelacionfm.cl\/index.php?rest_route=\/wp\/v2\/posts"}],"about":[{"href":"https:\/\/radiorevelacionfm.cl\/index.php?rest_route=\/wp\/v2\/types\/post"}],"author":[{"embeddable":true,"href":"https:\/\/radiorevelacionfm.cl\/index.php?rest_route=\/wp\/v2\/users\/1"}],"replies":[{"embeddable":true,"href":"https:\/\/radiorevelacionfm.cl\/index.php?rest_route=%2Fwp%2Fv2%2Fcomments&post=35516"}],"version-history":[{"count":1,"href":"https:\/\/radiorevelacionfm.cl\/index.php?rest_route=\/wp\/v2\/posts\/35516\/revisions"}],"predecessor-version":[{"id":35518,"href":"https:\/\/radiorevelacionfm.cl\/index.php?rest_route=\/wp\/v2\/posts\/35516\/revisions\/35518"}],"wp:featuredmedia":[{"embeddable":true,"href":"https:\/\/radiorevelacionfm.cl\/index.php?rest_route=\/wp\/v2\/media\/35517"}],"wp:attachment":[{"href":"https:\/\/radiorevelacionfm.cl\/index.php?rest_route=%2Fwp%2Fv2%2Fmedia&parent=35516"}],"wp:term":[{"taxonomy":"category","embeddable":true,"href":"https:\/\/radiorevelacionfm.cl\/index.php?rest_route=%2Fwp%2Fv2%2Fcategories&post=35516"},{"taxonomy":"post_tag","embeddable":true,"href":"https:\/\/radiorevelacionfm.cl\/index.php?rest_route=%2Fwp%2Fv2%2Ftags&post=35516"}],"curies":[{"name":"wp","href":"https:\/\/api.w.org\/{rel}","templated":true}]}}