{"id":35513,"date":"2023-10-01T22:17:54","date_gmt":"2023-10-02T01:17:54","guid":{"rendered":"https:\/\/radiorevelacionfm.cl\/?p=35513"},"modified":"2023-10-01T22:17:54","modified_gmt":"2023-10-02T01:17:54","slug":"oficializan-compromiso-de-transferencia-de-inmueble-para-proyecto-de-centro-de-memoria-y-demencia-regional","status":"publish","type":"post","link":"https:\/\/radiorevelacionfm.cl\/?p=35513","title":{"rendered":"Oficializan compromiso de transferencia de inmueble para proyecto de Centro de Memoria y Demencia Regional"},"content":{"rendered":"<div class=\"flex_column av_one_full  flex_column_div av-zero-column-padding first  avia-builder-el-0  el_before_av_one_full  avia-builder-el-first  \" style='border-radius:0px; '><div  class='avia-image-container  av-styling-    avia-builder-el-1  avia-builder-el-no-sibling  avia-align-center '  itemprop=\"image\" itemscope=\"itemscope\" itemtype=\"https:\/\/schema.org\/ImageObject\"  ><div class='avia-image-container-inner'><div class='avia-image-overlay-wrap'><img decoding=\"async\" class='wp-image-35514 avia-img-lazy-loading-not-35514 avia_image' src=\"https:\/\/radiorevelacionfm.cl\/wp-content\/uploads\/2023\/10\/P1115118-1-1.jpg\" alt='' title='P1115118 (1) (1)' height=\"600\" width=\"799\"  itemprop=\"thumbnailUrl\" srcset=\"https:\/\/radiorevelacionfm.cl\/wp-content\/uploads\/2023\/10\/P1115118-1-1.jpg 799w, https:\/\/radiorevelacionfm.cl\/wp-content\/uploads\/2023\/10\/P1115118-1-1-300x225.jpg 300w, https:\/\/radiorevelacionfm.cl\/wp-content\/uploads\/2023\/10\/P1115118-1-1-768x577.jpg 768w, https:\/\/radiorevelacionfm.cl\/wp-content\/uploads\/2023\/10\/P1115118-1-1-705x529.jpg 705w, https:\/\/radiorevelacionfm.cl\/wp-content\/uploads\/2023\/10\/P1115118-1-1-450x338.jpg 450w, https:\/\/radiorevelacionfm.cl\/wp-content\/uploads\/2023\/10\/P1115118-1-1-600x451.jpg 600w\" sizes=\"(max-width: 799px) 100vw, 799px\" \/><\/div><\/div><\/div><\/div><div class=\"flex_column av_one_full  flex_column_div av-zero-column-padding first  avia-builder-el-2  el_after_av_one_full  el_before_av_one_full  column-top-margin\" style='border-radius:0px; '><section class=\"av_textblock_section \"  itemscope=\"itemscope\" itemtype=\"https:\/\/schema.org\/BlogPosting\" itemprop=\"blogPost\" ><div class='avia_textblock  '   itemprop=\"text\" ><p style=\"text-align: center;\"><strong><span style=\"font-size: 18pt;\">Oficializan compromiso de transferencia de inmueble para proyecto de Centro de Memoria y Demencia Regional<\/span><\/strong><\/p>\n<div id=\"gtx-trans\" style=\"position: absolute; left: -50px; top: 4.31534px;\">\n<div class=\"gtx-trans-icon\"><\/div>\n<\/div>\n<\/div><\/section><\/div><div class=\"flex_column av_one_full  flex_column_div av-zero-column-padding first  avia-builder-el-4  el_after_av_one_full  el_before_av_hr  column-top-margin\" style='border-radius:0px; '><section class=\"av_textblock_section \"  itemscope=\"itemscope\" itemtype=\"https:\/\/schema.org\/BlogPosting\" itemprop=\"blogPost\" ><div class='avia_textblock  '   itemprop=\"text\" ><p style=\"text-align: justify;\">Hasta la Direcci\u00f3n del Servicio de Salud Ays\u00e9n lleg\u00f3 la ministra de Bienes Nacionales, Marcela Sandoval Osorio, como parte de la gira que efect\u00fao a la regi\u00f3n, para oficializar el compromiso de transferencia de un inmueble en el centro de Puerto Ays\u00e9n, donde se llevar\u00e1 a cabo el proyecto que permitir\u00e1, en un futuro cercano, contar con el <strong>Centro de Memoria y Demencia Regional.<\/strong><\/p>\n<p style=\"text-align: justify;\">Este hito se dio a una semana de la conmemoraci\u00f3n del D\u00eda Mundial del Alzheimer, enfermedad neurodegenerativa que es la m\u00e1s com\u00fan de las demencias.<\/p>\n<p style=\"text-align: justify;\">\u201cEsta transferencia busca cumplir con uno de los compromisos del gobierno del presidente Boric que es dar cobertura para Salud Mental, y tiene que ver tambi\u00e9n con particularidades propias de esta regi\u00f3n: el envejecimiento, las patolog\u00edas asociadas a la salud mental que presentan vecinas y vecinos de avanzada edad y que se tienen que atender. Nos alegra que esto se destine a la Salud P\u00fablica\u201d, indic\u00f3 la ministra de Bienes Nacionales, Marcela Sandoval.<\/p>\n<p style=\"text-align: justify;\">\u00a0\u201cLas demencias son una de las causas m\u00e1s comunes de discapacidad y dependencia de las personas mayores y es importante avanzar en soluciones que nos permiten entregar una mejor prestaci\u00f3n. Nuestra poblaci\u00f3n est\u00e1 envejeciendo y como sector debemos estar preparados para entregar una mejor oferta, agradecemos el compromiso de las instituciones p\u00fablicas y en particular a Bienes Nacionales\u201d, dijo el director (s) del Servicio de Salud Ays\u00e9n, Mauricio Cortes Molina.<\/p>\n<p style=\"text-align: justify;\">Las estimaciones hablan de que el 1,6% de la poblaci\u00f3n chilena vive con Alzheimer u otras demencias. Es decir, en la regi\u00f3n de Ays\u00e9n m\u00e1s de mil familias conviven d\u00eda a d\u00eda con toda la inequidad que implica esta patolog\u00eda.<\/p>\n<p style=\"text-align: justify;\">El inmueble fiscal ubicado en Sargento Aldea 748, Puerto Ays\u00e9n, en pleno centro de la ciudad puerto, antiguamente estaba destinado como vivienda para el comisario de Carabineros y colinda con el otro terreno traspasado por Bienes Nacionales al Servicio de Salud Ays\u00e9n para la implementaci\u00f3n de los boxes de atenci\u00f3n que fortalecer\u00e1n el trabajo del policl\u00ednico de salud mental bajo el modelo comunitario.<\/p>\n<p style=\"text-align: justify;\">\u201cEl rol del Ministerio de Bienes Nacionales es disponer suelo fiscal justamente para los ejes importantes de nuestro gobierno que son Salud, Vivienda y Educaci\u00f3n. En el resto de la regi\u00f3n tambi\u00e9n le estamos dando prioridad a aquellos proyectos e iniciativas que van en estos ejes, para que se puedan concretar las iniciativas, en este caso Salud que es tremendamente importante para la regi\u00f3n\u201d, agreg\u00f3 la seremi de Bienes Nacionales, Irina Morend Valdebenito.<\/p>\n<p style=\"text-align: justify;\">Mientras que el Delegado Presidencial Regional, Rodrigo Araya Morales, indic\u00f3 que \u201cpara nuestro presidente Gabriel Boric el tema de salud mental es tremendamente relevante.<\/p>\n<p style=\"text-align: justify;\">Este establecimiento no solo permitir\u00e1 atender a personas con demencia, sino tambi\u00e9n dar un tratamiento oportuno a quienes tengan un diagn\u00f3stico de deterioro precoz, est\u00e1 establecido que las personas con deterioro inicial que tienen terapia y tratamiento, se retrasa mucho el proceso de demencia en muchos de los casos\u201d.<\/p>\n<\/div><\/section><\/div><div  style='height:50px' class='hr hr-invisible   avia-builder-el-6  el_after_av_one_full  el_before_av_social_share '><span class='hr-inner ' ><span class='hr-inner-style'><\/span><\/span><\/div><\/p>\n<div  class='av-social-sharing-box  avia-builder-el-7  el_after_av_hr  el_before_av_hr  '><div class='av-share-box'><h5 class='av-share-link-description av-no-toc '>Compartir esta noticia<\/h5><ul class='av-share-box-list noLightbox'><li class='av-share-link av-social-link-facebook' ><a target=\"_blank\" aria-label=\"Compartir en Facebook\" href='https:\/\/www.facebook.com\/sharer.php?u=https:\/\/radiorevelacionfm.cl\/?p=35513&#038;t=Oficializan%20compromiso%20de%20transferencia%20de%20inmueble%20para%20proyecto%20de%20Centro%20de%20Memoria%20y%20Demencia%20Regional' aria-hidden='false' data-av_icon='\ue8f3' data-av_iconfont='entypo-fontello' title='' data-avia-related-tooltip='Compartir en Facebook' rel=\"noopener\"><span class='avia_hidden_link_text'>Compartir en Facebook<\/span><\/a><\/li><li class='av-share-link av-social-link-twitter' ><a target=\"_blank\" aria-label=\"Compartir en Twitter\" href='https:\/\/twitter.com\/share?text=Oficializan%20compromiso%20de%20transferencia%20de%20inmueble%20para%20proyecto%20de%20Centro%20de%20Memoria%20y%20Demencia%20Regional&#038;url=https:\/\/radiorevelacionfm.cl\/?p=35513' aria-hidden='false' data-av_icon='\ue8f1' data-av_iconfont='entypo-fontello' title='' data-avia-related-tooltip='Compartir en Twitter' rel=\"noopener\"><span class='avia_hidden_link_text'>Compartir en Twitter<\/span><\/a><\/li><li class='av-share-link av-social-link-whatsapp' ><a target=\"_blank\" aria-label=\"Compartir en Whatsapp\" href='https:\/\/api.whatsapp.com\/send?text=https:\/\/radiorevelacionfm.cl\/?p=35513' aria-hidden='false' data-av_icon='\uf232' data-av_iconfont='entypo-fontello' title='' data-avia-related-tooltip='Compartir en Whatsapp' rel=\"noopener\"><span class='avia_hidden_link_text'>Compartir en Whatsapp<\/span><\/a><\/li><li class='av-share-link av-social-link-linkedin' ><a target=\"_blank\" aria-label=\"Compartir en LinkedIn\" href='https:\/\/linkedin.com\/shareArticle?mini=true&#038;title=Oficializan%20compromiso%20de%20transferencia%20de%20inmueble%20para%20proyecto%20de%20Centro%20de%20Memoria%20y%20Demencia%20Regional&#038;url=https:\/\/radiorevelacionfm.cl\/?p=35513' aria-hidden='false' data-av_icon='\ue8fc' data-av_iconfont='entypo-fontello' title='' data-avia-related-tooltip='Compartir en LinkedIn' rel=\"noopener\"><span class='avia_hidden_link_text'>Compartir en LinkedIn<\/span><\/a><\/li><li class='av-share-link av-social-link-mail' ><a  aria-label=\"Compartir por correo\" href='mailto:?subject=Oficializan%20compromiso%20de%20transferencia%20de%20inmueble%20para%20proyecto%20de%20Centro%20de%20Memoria%20y%20Demencia%20Regional&#038;body=https:\/\/radiorevelacionfm.cl\/?p=35513' aria-hidden='false' data-av_icon='\ue805' data-av_iconfont='entypo-fontello' title='' data-avia-related-tooltip='Compartir por correo'><span class='avia_hidden_link_text'>Compartir por correo<\/span><\/a><\/li><\/ul><\/div><\/div>\n<div  style='height:50px' class='hr hr-invisible   avia-builder-el-8  el_after_av_social_share  el_before_av_comments_list '><span class='hr-inner ' ><span class='hr-inner-style'><\/span><\/span><\/div>\n<div  class='av-buildercomment  av-blog-meta-html-info-disabled av-blog-meta-tag-disabled  '><\/div>\n","protected":false},"excerpt":{"rendered":"","protected":false},"author":1,"featured_media":35514,"comment_status":"open","ping_status":"open","sticky":false,"template":"","format":"standard","meta":{"footnotes":""},"categories":[38],"tags":[],"class_list":["post-35513","post","type-post","status-publish","format-standard","has-post-thumbnail","hentry","category-regional"],"jetpack_featured_media_url":"https:\/\/radiorevelacionfm.cl\/wp-content\/uploads\/2023\/10\/P1115118-1-1.jpg","_links":{"self":[{"href":"https:\/\/radiorevelacionfm.cl\/index.php?rest_route=\/wp\/v2\/posts\/35513","targetHints":{"allow":["GET"]}}],"collection":[{"href":"https:\/\/radiorevelacionfm.cl\/index.php?rest_route=\/wp\/v2\/posts"}],"about":[{"href":"https:\/\/radiorevelacionfm.cl\/index.php?rest_route=\/wp\/v2\/types\/post"}],"author":[{"embeddable":true,"href":"https:\/\/radiorevelacionfm.cl\/index.php?rest_route=\/wp\/v2\/users\/1"}],"replies":[{"embeddable":true,"href":"https:\/\/radiorevelacionfm.cl\/index.php?rest_route=%2Fwp%2Fv2%2Fcomments&post=35513"}],"version-history":[{"count":1,"href":"https:\/\/radiorevelacionfm.cl\/index.php?rest_route=\/wp\/v2\/posts\/35513\/revisions"}],"predecessor-version":[{"id":35515,"href":"https:\/\/radiorevelacionfm.cl\/index.php?rest_route=\/wp\/v2\/posts\/35513\/revisions\/35515"}],"wp:featuredmedia":[{"embeddable":true,"href":"https:\/\/radiorevelacionfm.cl\/index.php?rest_route=\/wp\/v2\/media\/35514"}],"wp:attachment":[{"href":"https:\/\/radiorevelacionfm.cl\/index.php?rest_route=%2Fwp%2Fv2%2Fmedia&parent=35513"}],"wp:term":[{"taxonomy":"category","embeddable":true,"href":"https:\/\/radiorevelacionfm.cl\/index.php?rest_route=%2Fwp%2Fv2%2Fcategories&post=35513"},{"taxonomy":"post_tag","embeddable":true,"href":"https:\/\/radiorevelacionfm.cl\/index.php?rest_route=%2Fwp%2Fv2%2Ftags&post=35513"}],"curies":[{"name":"wp","href":"https:\/\/api.w.org\/{rel}","templated":true}]}}