{"id":35510,"date":"2023-10-01T14:58:09","date_gmt":"2023-10-01T17:58:09","guid":{"rendered":"https:\/\/radiorevelacionfm.cl\/?p=35510"},"modified":"2023-10-01T14:58:09","modified_gmt":"2023-10-01T17:58:09","slug":"autoridades-y-comite-horticola-de-coyhaique-hacen-un-llamado-a-evitar-el-desperdicio-de-frutas-y-verduras","status":"publish","type":"post","link":"https:\/\/radiorevelacionfm.cl\/?p=35510","title":{"rendered":"Autoridades y Comit\u00e9 Hort\u00edcola de Coyhaique hacen un llamado a evitar el desperdicio de frutas y verduras"},"content":{"rendered":"<div class=\"flex_column av_one_full  flex_column_div av-zero-column-padding first  avia-builder-el-0  el_before_av_one_full  avia-builder-el-first  \" style='border-radius:0px; '><div  class='avia-image-container  av-styling-    avia-builder-el-1  avia-builder-el-no-sibling  avia-align-center '  itemprop=\"image\" itemscope=\"itemscope\" itemtype=\"https:\/\/schema.org\/ImageObject\"  ><div class='avia-image-container-inner'><div class='avia-image-overlay-wrap'><img decoding=\"async\" class='wp-image-35511 avia-img-lazy-loading-not-35511 avia_image' src=\"https:\/\/radiorevelacionfm.cl\/wp-content\/uploads\/2023\/10\/1z9a8890-copy-1_optimized-1.jpg\" alt='' title='1z9a8890-copy-(1)_optimized (1)' height=\"600\" width=\"948\"  itemprop=\"thumbnailUrl\" srcset=\"https:\/\/radiorevelacionfm.cl\/wp-content\/uploads\/2023\/10\/1z9a8890-copy-1_optimized-1.jpg 948w, https:\/\/radiorevelacionfm.cl\/wp-content\/uploads\/2023\/10\/1z9a8890-copy-1_optimized-1-300x190.jpg 300w, https:\/\/radiorevelacionfm.cl\/wp-content\/uploads\/2023\/10\/1z9a8890-copy-1_optimized-1-768x486.jpg 768w, https:\/\/radiorevelacionfm.cl\/wp-content\/uploads\/2023\/10\/1z9a8890-copy-1_optimized-1-705x446.jpg 705w, https:\/\/radiorevelacionfm.cl\/wp-content\/uploads\/2023\/10\/1z9a8890-copy-1_optimized-1-450x285.jpg 450w, https:\/\/radiorevelacionfm.cl\/wp-content\/uploads\/2023\/10\/1z9a8890-copy-1_optimized-1-600x380.jpg 600w\" sizes=\"(max-width: 948px) 100vw, 948px\" \/><\/div><\/div><\/div><\/div><div class=\"flex_column av_one_full  flex_column_div av-zero-column-padding first  avia-builder-el-2  el_after_av_one_full  el_before_av_one_full  column-top-margin\" style='border-radius:0px; '><section class=\"av_textblock_section \"  itemscope=\"itemscope\" itemtype=\"https:\/\/schema.org\/BlogPosting\" itemprop=\"blogPost\" ><div class='avia_textblock  '   itemprop=\"text\" ><p style=\"text-align: center;\"><span style=\"font-size: 18pt;\"><b><span class=\"v1ContentPasted1\">Autoridades y Comit\u00e9 Hort\u00edcola de Coyhaique hacen un llamado a evitar el desperdicio de frutas y verduras<\/span><\/b>\u00a0<\/span><\/p>\n<div id=\"gtx-trans\" style=\"position: absolute; left: -50px; top: 4.31534px;\">\n<div class=\"gtx-trans-icon\"><\/div>\n<\/div>\n<\/div><\/section><\/div><div class=\"flex_column av_one_full  flex_column_div av-zero-column-padding first  avia-builder-el-4  el_after_av_one_full  el_before_av_hr  column-top-margin\" style='border-radius:0px; '><section class=\"av_textblock_section \"  itemscope=\"itemscope\" itemtype=\"https:\/\/schema.org\/BlogPosting\" itemprop=\"blogPost\" ><div class='avia_textblock  '   itemprop=\"text\" ><p class=\"v1MsoNormal\" style=\"text-align: justify;\"><span class=\"v1ContentPasted1\">En el marco del D\u00eda Internacional de la Concienciaci\u00f3n sobre la P\u00e9rdida y Desperdicio de Alimentos -29 de septiembre-, la Seremi de Agricultura en colaboraci\u00f3n con INDAP y los Horticultores de R\u00edo Claro y Coyhaique Bajo llevaron a cabo una actividad para\u00a0sensibilizar sobre el desperdicio de alimentos, en la Feria Hort\u00edcola de la Calle Las Quintas de Coyhaique.\u00a0<\/span><\/p>\n<p class=\"v1MsoNormal\" style=\"text-align: justify;\"><span class=\"v1ContentPasted1\">Esta iniciativa forma parte de una serie de actividades impulsadas a nivel nacional por la Comisi\u00f3n Nacional para la Prevenci\u00f3n y Reducci\u00f3n de P\u00e9rdidas y Desperdicios de Alimentos, que involucra a sectores p\u00fablico, acad\u00e9mico, sociedad civil y privado. Instancia liderada por la Oficina de Estudios y Pol\u00edticas Agrarias\u00a0-Odepa-del Ministerio de Agricultura.\u00a0\u00a0\u00a0<\/span><\/p>\n<p class=\"v1MsoNormal\" style=\"text-align: justify;\"><span class=\"v1ContentPasted1\">En este contexto, Rodrigo Araya Morales, Delegado Regional Presidencial, destac\u00f3 la importancia de comprender que la reducci\u00f3n del desperdicio de alimentos contribuye directamente a abordar tres grandes crisis: la clim\u00e1tica, la p\u00e9rdida de biodiversidad y la contaminaci\u00f3n.\u00a0<\/span><\/p>\n<p class=\"v1MsoNormal\" style=\"text-align: justify;\"><span class=\"v1ContentPasted1\">\u00abQueremos aumentar la conciencia sobre la importancia de optimizar los alimentos en un mundo donde la alimentaci\u00f3n se vuelve cada vez m\u00e1s dif\u00edcil. Debemos aprender a utilizar todo lo que tenemos a nuestro alcance para nutrirnos adecuadamente\u00bb, se\u00f1al\u00f3.\u00a0<\/span><\/p>\n<p class=\"v1MsoNormal\" style=\"text-align: justify;\"><span class=\"v1ContentPasted1\">Por su parte, el Seremi de Agricultura, Alan Espinoza Ortiz, explic\u00f3 que el Ministerio de Agricultura de Chile, \u00abest\u00e1 abordando este desaf\u00edo de manera integral y promueve en todo el pa\u00eds la importancia de la Agricultura Familiar Campesina en estrategias para reducir el desperdicio de alimentos\u00bb, se\u00f1al\u00f3\u00a0<\/span><\/p>\n<p class=\"v1MsoNormal\" style=\"text-align: justify;\"><span class=\"v1ContentPasted1\">Carolina Soto Z\u00fa\u00f1iga, presidenta del Comit\u00e9 de Horticultores R\u00edo Claro Coyhaique Bajo, reiter\u00f3 el llamado a evitar el desperdicio de alimentos y a preferir los productos regionales.\u00a0\u00a0<\/span><\/p>\n<p class=\"v1MsoNormal\" style=\"text-align: justify;\"><span class=\"v1ContentPasted1\">\u00abDemos una segunda oportunidad a esas verduras ricas y regional como las que tenemos en el\u00a0\u00a0Comit\u00e9 Hort\u00edcola. Invitamos a toda la comunidad a visitarnos de ocho de la ma\u00f1ana a dos de la tarde para disfrutar de nuestros productos frescos\u00bb, a\u00f1adi\u00f3.\u00a0<\/span><\/p>\n<p class=\"v1MsoNormal\" style=\"text-align: justify;\"><span class=\"v1ContentPasted1\">Este mensaje fue respaldado por el Director (s) de INDAP, Ricardo Konig Parada, quien destac\u00f3 el inicio de la temporada de ferias en toda\u00a0 la regi\u00f3n. \u00abEstamos dando inicio a la temporada de ferias con productos locales y regionales. Esperamos que esta feria y otras que se llevar\u00e1n a cabo en la regi\u00f3n cobren vida en esta \u00e9poca\u00bb.\u00a0<\/span><\/p>\n<p class=\"v1MsoNormal\" style=\"text-align: justify;\"><span class=\"v1ContentPasted1\">La jornada realizada el d\u00eda s\u00e1bado\u00a030 en la Feria Hort\u00edcola de la Calle Las Quintas de Coyhaique cont\u00f3 con demostraciones\u00a0de cocina en vivo y la presencia de\u00a0 \u00abZanahor\u00edn\u00bb del programa Frutas y Hortalizas que impulsa la Seremi de Agricultura con fondos del Gobierno Regional de Ays\u00e9n y\u00a0\u00abVitalito\u00bb del Programa Elije Vivir Sano del Ministerio de Desarrollo Social y Familia.\u00a0\u00a0<\/span><\/p>\n<p class=\"v1MsoNormal\" style=\"text-align: justify;\"><span class=\"v1ContentPasted1\">Seg\u00fan informaci\u00f3n de la Organizaci\u00f3n de las Naciones Unidas para la Agricultura y Alimentaci\u00f3n (FAO), aproximadamente un tercio de los alimentos producidos para el consumo humano se pierde o desperdicia en el mundo, ya sea en las etapas de producci\u00f3n, postcosecha, almacenamiento o procesamiento de alimentos, es decir, antes de llegar a los consumidores finales o a la venta minorista. En Chile, la Comisi\u00f3n Nacional para la Prevenci\u00f3n y Reducci\u00f3n de P\u00e9rdidas y Desperdicios de Alimentos, integrada por representantes del sector p\u00fablico, academia, sociedad civil y sector privado, trabaja incansablemente para reducir y prevenir estas p\u00e9rdidas y desperdicios.\u00a0\u00a0<\/span><\/p>\n<p class=\"v1MsoNormal\" style=\"text-align: justify;\"><span class=\"v1ContentPasted1\">Durante el periodo 2022-2023, la Comisi\u00f3n desarroll\u00f3 una Hoja de Ruta que establece una agenda de trabajo para el periodo 2023-2024, centrada en las siguientes \u00e1reas de acci\u00f3n: Pol\u00edticas y normativas, Investigaci\u00f3n y docencia, Innovaci\u00f3n y transferencia tecnol\u00f3gica, Iniciativas y programas, Informaci\u00f3n para la toma de decisiones, adem\u00e1s de Difusi\u00f3n y Comunicaci\u00f3n.\u00a0<\/span><\/p>\n<\/div><\/section><\/div><div  style='height:50px' class='hr hr-invisible   avia-builder-el-6  el_after_av_one_full  el_before_av_social_share '><span class='hr-inner ' ><span class='hr-inner-style'><\/span><\/span><\/div><\/p>\n<div  class='av-social-sharing-box  avia-builder-el-7  el_after_av_hr  el_before_av_hr  '><div class='av-share-box'><h5 class='av-share-link-description av-no-toc '>Compartir esta noticia<\/h5><ul class='av-share-box-list noLightbox'><li class='av-share-link av-social-link-facebook' ><a target=\"_blank\" aria-label=\"Compartir en Facebook\" href='https:\/\/www.facebook.com\/sharer.php?u=https:\/\/radiorevelacionfm.cl\/?p=35510&#038;t=Autoridades%20y%20Comit%C3%A9%20Hort%C3%ADcola%20de%20Coyhaique%20hacen%20un%20llamado%20a%20evitar%20el%20desperdicio%20de%20frutas%20y%20verduras' aria-hidden='false' data-av_icon='\ue8f3' data-av_iconfont='entypo-fontello' title='' data-avia-related-tooltip='Compartir en Facebook' rel=\"noopener\"><span class='avia_hidden_link_text'>Compartir en Facebook<\/span><\/a><\/li><li class='av-share-link av-social-link-twitter' ><a target=\"_blank\" aria-label=\"Compartir en Twitter\" href='https:\/\/twitter.com\/share?text=Autoridades%20y%20Comit%C3%A9%20Hort%C3%ADcola%20de%20Coyhaique%20hacen%20un%20llamado%20a%20evitar%20el%20desperdicio%20de%20frutas%20y%20verduras&#038;url=https:\/\/radiorevelacionfm.cl\/?p=35510' aria-hidden='false' data-av_icon='\ue8f1' data-av_iconfont='entypo-fontello' title='' data-avia-related-tooltip='Compartir en Twitter' rel=\"noopener\"><span class='avia_hidden_link_text'>Compartir en Twitter<\/span><\/a><\/li><li class='av-share-link av-social-link-whatsapp' ><a target=\"_blank\" aria-label=\"Compartir en Whatsapp\" href='https:\/\/api.whatsapp.com\/send?text=https:\/\/radiorevelacionfm.cl\/?p=35510' aria-hidden='false' data-av_icon='\uf232' data-av_iconfont='entypo-fontello' title='' data-avia-related-tooltip='Compartir en Whatsapp' rel=\"noopener\"><span class='avia_hidden_link_text'>Compartir en Whatsapp<\/span><\/a><\/li><li class='av-share-link av-social-link-linkedin' ><a target=\"_blank\" aria-label=\"Compartir en LinkedIn\" href='https:\/\/linkedin.com\/shareArticle?mini=true&#038;title=Autoridades%20y%20Comit%C3%A9%20Hort%C3%ADcola%20de%20Coyhaique%20hacen%20un%20llamado%20a%20evitar%20el%20desperdicio%20de%20frutas%20y%20verduras&#038;url=https:\/\/radiorevelacionfm.cl\/?p=35510' aria-hidden='false' data-av_icon='\ue8fc' data-av_iconfont='entypo-fontello' title='' data-avia-related-tooltip='Compartir en LinkedIn' rel=\"noopener\"><span class='avia_hidden_link_text'>Compartir en LinkedIn<\/span><\/a><\/li><li class='av-share-link av-social-link-mail' ><a  aria-label=\"Compartir por correo\" href='mailto:?subject=Autoridades%20y%20Comit%C3%A9%20Hort%C3%ADcola%20de%20Coyhaique%20hacen%20un%20llamado%20a%20evitar%20el%20desperdicio%20de%20frutas%20y%20verduras&#038;body=https:\/\/radiorevelacionfm.cl\/?p=35510' aria-hidden='false' data-av_icon='\ue805' data-av_iconfont='entypo-fontello' title='' data-avia-related-tooltip='Compartir por correo'><span class='avia_hidden_link_text'>Compartir por correo<\/span><\/a><\/li><\/ul><\/div><\/div>\n<div  style='height:50px' class='hr hr-invisible   avia-builder-el-8  el_after_av_social_share  el_before_av_comments_list '><span class='hr-inner ' ><span class='hr-inner-style'><\/span><\/span><\/div>\n<div  class='av-buildercomment  av-blog-meta-html-info-disabled av-blog-meta-tag-disabled  '><\/div>\n","protected":false},"excerpt":{"rendered":"","protected":false},"author":1,"featured_media":35511,"comment_status":"open","ping_status":"open","sticky":false,"template":"","format":"standard","meta":{"footnotes":""},"categories":[58],"tags":[],"class_list":["post-35510","post","type-post","status-publish","format-standard","has-post-thumbnail","hentry","category-agricultura"],"jetpack_featured_media_url":"https:\/\/radiorevelacionfm.cl\/wp-content\/uploads\/2023\/10\/1z9a8890-copy-1_optimized-1.jpg","_links":{"self":[{"href":"https:\/\/radiorevelacionfm.cl\/index.php?rest_route=\/wp\/v2\/posts\/35510","targetHints":{"allow":["GET"]}}],"collection":[{"href":"https:\/\/radiorevelacionfm.cl\/index.php?rest_route=\/wp\/v2\/posts"}],"about":[{"href":"https:\/\/radiorevelacionfm.cl\/index.php?rest_route=\/wp\/v2\/types\/post"}],"author":[{"embeddable":true,"href":"https:\/\/radiorevelacionfm.cl\/index.php?rest_route=\/wp\/v2\/users\/1"}],"replies":[{"embeddable":true,"href":"https:\/\/radiorevelacionfm.cl\/index.php?rest_route=%2Fwp%2Fv2%2Fcomments&post=35510"}],"version-history":[{"count":1,"href":"https:\/\/radiorevelacionfm.cl\/index.php?rest_route=\/wp\/v2\/posts\/35510\/revisions"}],"predecessor-version":[{"id":35512,"href":"https:\/\/radiorevelacionfm.cl\/index.php?rest_route=\/wp\/v2\/posts\/35510\/revisions\/35512"}],"wp:featuredmedia":[{"embeddable":true,"href":"https:\/\/radiorevelacionfm.cl\/index.php?rest_route=\/wp\/v2\/media\/35511"}],"wp:attachment":[{"href":"https:\/\/radiorevelacionfm.cl\/index.php?rest_route=%2Fwp%2Fv2%2Fmedia&parent=35510"}],"wp:term":[{"taxonomy":"category","embeddable":true,"href":"https:\/\/radiorevelacionfm.cl\/index.php?rest_route=%2Fwp%2Fv2%2Fcategories&post=35510"},{"taxonomy":"post_tag","embeddable":true,"href":"https:\/\/radiorevelacionfm.cl\/index.php?rest_route=%2Fwp%2Fv2%2Ftags&post=35510"}],"curies":[{"name":"wp","href":"https:\/\/api.w.org\/{rel}","templated":true}]}}