{"id":3551,"date":"2021-04-27T10:32:19","date_gmt":"2021-04-27T13:32:19","guid":{"rendered":"https:\/\/radiorevelacionfm.cl\/?p=3551"},"modified":"2021-04-27T10:32:19","modified_gmt":"2021-04-27T13:32:19","slug":"94-anos-al-servicio-del-pais-carabineros-de-aysen-centinelas-de-la-frontera","status":"publish","type":"post","link":"https:\/\/radiorevelacionfm.cl\/?p=3551","title":{"rendered":"94 a\u00f1os al servicio del pa\u00eds: Carabineros de Ays\u00e9n centinelas de la frontera"},"content":{"rendered":"<div class=\"flex_column av_one_full  flex_column_div av-zero-column-padding first  avia-builder-el-0  el_before_av_one_full  avia-builder-el-first  \" style='border-radius:0px; '><div  class='avia-image-container  av-styling-    avia-builder-el-1  avia-builder-el-no-sibling  avia-align-center '  itemprop=\"image\" itemscope=\"itemscope\" itemtype=\"https:\/\/schema.org\/ImageObject\"  ><div class='avia-image-container-inner'><div class='avia-image-overlay-wrap'><img decoding=\"async\" class='wp-image-0 avia-img-lazy-loading-not-0 avia_image' src=\"https:\/\/radiorevelacionfm.cl\/wp-content\/uploads\/2021\/04\/img-20210325-wa0017_optimized.jpg\" alt='' title=''   itemprop=\"thumbnailUrl\"  \/><\/div><\/div><\/div><\/div><div class=\"flex_column av_one_full  flex_column_div av-zero-column-padding first  avia-builder-el-2  el_after_av_one_full  el_before_av_one_full  column-top-margin\" style='border-radius:0px; '><section class=\"av_textblock_section \"  itemscope=\"itemscope\" itemtype=\"https:\/\/schema.org\/BlogPosting\" itemprop=\"blogPost\" ><div class='avia_textblock  '   itemprop=\"text\" ><p style=\"text-align: center;\"><strong><span style=\"font-size: 18pt;\">94 a\u00f1os al servicio del pa\u00eds: Carabineros de Ays\u00e9n centinelas de la frontera<\/span><\/strong><\/p>\n<div id=\"gtx-trans\" style=\"position: absolute; left: -50px; top: 4.31534px;\">\n<div class=\"gtx-trans-icon\"><\/div>\n<\/div>\n<\/div><\/section><\/div><div class=\"flex_column av_one_full  flex_column_div av-zero-column-padding first  avia-builder-el-4  el_after_av_one_full  el_before_av_hr  column-top-margin\" style='border-radius:0px; '><section class=\"av_textblock_section \"  itemscope=\"itemscope\" itemtype=\"https:\/\/schema.org\/BlogPosting\" itemprop=\"blogPost\" ><div class='avia_textblock  '   itemprop=\"text\" ><p class=\"v1MsoNormal\" style=\"text-align: justify;\"><span lang=\"ES-CL\">La Instituci\u00f3n mantiene 14 cuarteles en igual n\u00famero de pasos habilitados y 8 cuarteles rurales, resguardando 1.170 km. de frontera y vigilando 133 hitos.<\/span><\/p>\n<p class=\"v1MsoNormal\" style=\"text-align: justify;\">Desde el a\u00f1o 1927 -hace 94 a\u00f1os- el Carabinero en la frontera es sin\u00f3nimo de presencia, soberan\u00eda, chilenidad, solidaridad, auxilio y protecci\u00f3n, lo que se traduce en vigilancia, seguridad y defensa de los l\u00edmites internacionales terrestres, como asimismo, en integraci\u00f3n con las comunidades y quienes residen en los sectores m\u00e1s apartados y de dif\u00edcil acceso de nuestro territorio.<\/p>\n<p class=\"v1MsoNormal\" style=\"text-align: justify;\"><span lang=\"ES-CL\">En la Regi\u00f3n de Ays\u00e9n, mediante la Orden General N\u00b02.265 de fecha 29.04.2014, se cre\u00f3 la Subprefectura Rural Fronteriza de la Prefectura N\u00b027 \u00abAys\u00e9n\u00bb, que tiene como misi\u00f3n ejercer el control, gesti\u00f3n y coordinaci\u00f3n de los servicios de Frontera y Rurales de unidades y destacamentos dependientes de esta Repartici\u00f3n.<\/span><\/p>\n<p class=\"v1MsoNormal\" style=\"text-align: justify;\">Para la protecci\u00f3n y resguardo de los 1.170 km. de frontera terrestre nacional con la Rep\u00fablica Argentina, la Instituci\u00f3n cuenta -en la regi\u00f3n- con un despliegue operativo permanente de 15 cuarteles en 14 pasos \u2013hoy en d\u00eda cerrados por alerta sanitaria a ra\u00edz de la pandemia por Covid19- de los cuales dos son Comisar\u00edas, una Subcomisar\u00eda, cinco Tenencias, seis Retenes y una Avanzada, los cuales previo a esta crisis de salud funcionan en forma permanente permitiendo el tr\u00e1nsito de personas y mercanc\u00edas como parte del intercambio entre Chile y Argentina, existiendo de igual forma 24 pasos no habilitados y 133 Hitos Fronterizos.<\/p>\n<p class=\"v1MsoNormal\" style=\"text-align: justify;\"><b>Rol de integraci\u00f3n<\/b><\/p>\n<p class=\"v1MsoNormal\" style=\"text-align: justify;\">Se trata de inh\u00f3spitos lugares, donde el fr\u00edo, la nieve, las distancias, la soledad de la cordillera y el c\u00f3ndor andino, suelen ser los \u00fanicos acompa\u00f1antes de este solitario patrullar, tareas en las que el caballo se convierte en el principal medio para apoyar la funci\u00f3n policial, posibilitando llegar hasta apartados rincones de esta dispersa y accidentada geograf\u00eda.<\/p>\n<p class=\"v1MsoNormal\" style=\"text-align: justify;\"><span lang=\"ES-CL\">Es en estos lugares en que el rol integrador se mezcla con el servicio a la comunidad, donde el personal se entrevista con pobladores con la finalidad verificar sus condiciones de salud, necesidades y brindar una mayor sensaci\u00f3n de seguridad, junto con chequear el ingreso ilegal de personas al pa\u00eds, el contrabando y otros delitos asociados a fronteras.<\/span><\/p>\n<p class=\"v1MsoNormal\" style=\"text-align: justify;\"><span lang=\"ES-CL\">Se trata de patrullajes en los que carabineros fortalece la comunicaci\u00f3n y relaci\u00f3n con los lugare\u00f1os, contribuyendo a apoyar a los residentes en la coordinaci\u00f3n de horas para atenci\u00f3n m\u00e9dica, transportando insumos, v\u00edveres o mercader\u00eda.<\/span><\/p>\n<p class=\"v1MsoNormal\" style=\"text-align: justify;\"><span lang=\"ES-CL\">Carabineros cumple labores subsidiarias en 11 pasos fronterizos ejerciendo el control migratorio, de ingreso, egreso y reingreso de personas al territorio nacional, fiscalizaci\u00f3n de la permanencia de extranjeros en el pa\u00eds, sumado al control aduanero y fitozoosanitario.<\/span><\/p>\n<\/div><\/section><\/div><div  style='height:50px' class='hr hr-invisible   avia-builder-el-6  el_after_av_one_full  el_before_av_social_share '><span class='hr-inner ' ><span class='hr-inner-style'><\/span><\/span><\/div><\/p>\n<div  class='av-social-sharing-box  avia-builder-el-7  el_after_av_hr  el_before_av_hr  '><div class='av-share-box'><h5 class='av-share-link-description av-no-toc '>Compartir esta noticia<\/h5><ul class='av-share-box-list noLightbox'><li class='av-share-link av-social-link-facebook' ><a target=\"_blank\" aria-label=\"Compartir en Facebook\" href='https:\/\/www.facebook.com\/sharer.php?u=https:\/\/radiorevelacionfm.cl\/?p=3551&#038;t=94%20a%C3%B1os%20al%20servicio%20del%20pa%C3%ADs%3A%20Carabineros%20de%20Ays%C3%A9n%20centinelas%20de%20la%20frontera' aria-hidden='false' data-av_icon='\ue8f3' data-av_iconfont='entypo-fontello' title='' data-avia-related-tooltip='Compartir en Facebook' rel=\"noopener\"><span class='avia_hidden_link_text'>Compartir en Facebook<\/span><\/a><\/li><li class='av-share-link av-social-link-twitter' ><a target=\"_blank\" aria-label=\"Compartir en Twitter\" href='https:\/\/twitter.com\/share?text=94%20a%C3%B1os%20al%20servicio%20del%20pa%C3%ADs%3A%20Carabineros%20de%20Ays%C3%A9n%20centinelas%20de%20la%20frontera&#038;url=https:\/\/radiorevelacionfm.cl\/?p=3551' aria-hidden='false' data-av_icon='\ue8f1' data-av_iconfont='entypo-fontello' title='' data-avia-related-tooltip='Compartir en Twitter' rel=\"noopener\"><span class='avia_hidden_link_text'>Compartir en Twitter<\/span><\/a><\/li><li class='av-share-link av-social-link-whatsapp' ><a target=\"_blank\" aria-label=\"Compartir en Whatsapp\" href='https:\/\/api.whatsapp.com\/send?text=https:\/\/radiorevelacionfm.cl\/?p=3551' aria-hidden='false' data-av_icon='\uf232' data-av_iconfont='entypo-fontello' title='' data-avia-related-tooltip='Compartir en Whatsapp' rel=\"noopener\"><span class='avia_hidden_link_text'>Compartir en Whatsapp<\/span><\/a><\/li><li class='av-share-link av-social-link-linkedin' ><a target=\"_blank\" aria-label=\"Compartir en LinkedIn\" href='https:\/\/linkedin.com\/shareArticle?mini=true&#038;title=94%20a%C3%B1os%20al%20servicio%20del%20pa%C3%ADs%3A%20Carabineros%20de%20Ays%C3%A9n%20centinelas%20de%20la%20frontera&#038;url=https:\/\/radiorevelacionfm.cl\/?p=3551' aria-hidden='false' data-av_icon='\ue8fc' data-av_iconfont='entypo-fontello' title='' data-avia-related-tooltip='Compartir en LinkedIn' rel=\"noopener\"><span class='avia_hidden_link_text'>Compartir en LinkedIn<\/span><\/a><\/li><li class='av-share-link av-social-link-mail' ><a  aria-label=\"Compartir por correo\" href='mailto:?subject=94%20a%C3%B1os%20al%20servicio%20del%20pa%C3%ADs%3A%20Carabineros%20de%20Ays%C3%A9n%20centinelas%20de%20la%20frontera&#038;body=https:\/\/radiorevelacionfm.cl\/?p=3551' aria-hidden='false' data-av_icon='\ue805' data-av_iconfont='entypo-fontello' title='' data-avia-related-tooltip='Compartir por correo'><span class='avia_hidden_link_text'>Compartir por correo<\/span><\/a><\/li><\/ul><\/div><\/div>\n<div  style='height:50px' class='hr hr-invisible   avia-builder-el-8  el_after_av_social_share  el_before_av_comments_list '><span class='hr-inner ' ><span class='hr-inner-style'><\/span><\/span><\/div>\n<div  class='av-buildercomment  av-blog-meta-html-info-disabled av-blog-meta-tag-disabled  '><\/div>\n","protected":false},"excerpt":{"rendered":"","protected":false},"author":1,"featured_media":0,"comment_status":"open","ping_status":"open","sticky":false,"template":"","format":"standard","meta":{"footnotes":""},"categories":[38],"tags":[],"class_list":["post-3551","post","type-post","status-publish","format-standard","hentry","category-regional"],"jetpack_featured_media_url":"","_links":{"self":[{"href":"https:\/\/radiorevelacionfm.cl\/index.php?rest_route=\/wp\/v2\/posts\/3551","targetHints":{"allow":["GET"]}}],"collection":[{"href":"https:\/\/radiorevelacionfm.cl\/index.php?rest_route=\/wp\/v2\/posts"}],"about":[{"href":"https:\/\/radiorevelacionfm.cl\/index.php?rest_route=\/wp\/v2\/types\/post"}],"author":[{"embeddable":true,"href":"https:\/\/radiorevelacionfm.cl\/index.php?rest_route=\/wp\/v2\/users\/1"}],"replies":[{"embeddable":true,"href":"https:\/\/radiorevelacionfm.cl\/index.php?rest_route=%2Fwp%2Fv2%2Fcomments&post=3551"}],"version-history":[{"count":1,"href":"https:\/\/radiorevelacionfm.cl\/index.php?rest_route=\/wp\/v2\/posts\/3551\/revisions"}],"predecessor-version":[{"id":3553,"href":"https:\/\/radiorevelacionfm.cl\/index.php?rest_route=\/wp\/v2\/posts\/3551\/revisions\/3553"}],"wp:attachment":[{"href":"https:\/\/radiorevelacionfm.cl\/index.php?rest_route=%2Fwp%2Fv2%2Fmedia&parent=3551"}],"wp:term":[{"taxonomy":"category","embeddable":true,"href":"https:\/\/radiorevelacionfm.cl\/index.php?rest_route=%2Fwp%2Fv2%2Fcategories&post=3551"},{"taxonomy":"post_tag","embeddable":true,"href":"https:\/\/radiorevelacionfm.cl\/index.php?rest_route=%2Fwp%2Fv2%2Ftags&post=3551"}],"curies":[{"name":"wp","href":"https:\/\/api.w.org\/{rel}","templated":true}]}}