{"id":35505,"date":"2023-10-01T15:12:31","date_gmt":"2023-10-01T18:12:31","guid":{"rendered":"https:\/\/radiorevelacionfm.cl\/?p=35505"},"modified":"2023-10-01T15:12:31","modified_gmt":"2023-10-01T18:12:31","slug":"conaf-informa-calendario-regional-de-quemas-de-desechos-silvo-agropecuarios-2023-2024","status":"publish","type":"post","link":"https:\/\/radiorevelacionfm.cl\/?p=35505","title":{"rendered":"CONAF informa calendario regional de quemas de desechos silvo-agropecuarios 2023-2024"},"content":{"rendered":"<div class=\"flex_column av_one_full  flex_column_div av-zero-column-padding first  avia-builder-el-0  el_before_av_one_full  avia-builder-el-first  \" style='border-radius:0px; '><div  class='avia-image-container  av-styling-    avia-builder-el-1  avia-builder-el-no-sibling  avia-align-center '  itemprop=\"image\" itemscope=\"itemscope\" itemtype=\"https:\/\/schema.org\/ImageObject\"  ><div class='avia-image-container-inner'><div class='avia-image-overlay-wrap'><img decoding=\"async\" class='wp-image-35506 avia-img-lazy-loading-not-35506 avia_image' src=\"https:\/\/radiorevelacionfm.cl\/wp-content\/uploads\/2023\/10\/quemas-2-1_optimized.jpeg\" alt='' title='quemas-2-(1)_optimized' height=\"600\" width=\"800\"  itemprop=\"thumbnailUrl\" srcset=\"https:\/\/radiorevelacionfm.cl\/wp-content\/uploads\/2023\/10\/quemas-2-1_optimized.jpeg 800w, https:\/\/radiorevelacionfm.cl\/wp-content\/uploads\/2023\/10\/quemas-2-1_optimized-300x225.jpeg 300w, https:\/\/radiorevelacionfm.cl\/wp-content\/uploads\/2023\/10\/quemas-2-1_optimized-768x576.jpeg 768w, https:\/\/radiorevelacionfm.cl\/wp-content\/uploads\/2023\/10\/quemas-2-1_optimized-705x529.jpeg 705w, https:\/\/radiorevelacionfm.cl\/wp-content\/uploads\/2023\/10\/quemas-2-1_optimized-450x338.jpeg 450w, https:\/\/radiorevelacionfm.cl\/wp-content\/uploads\/2023\/10\/quemas-2-1_optimized-600x450.jpeg 600w\" sizes=\"(max-width: 800px) 100vw, 800px\" \/><\/div><\/div><\/div><\/div><div class=\"flex_column av_one_full  flex_column_div av-zero-column-padding first  avia-builder-el-2  el_after_av_one_full  el_before_av_one_full  column-top-margin\" style='border-radius:0px; '><section class=\"av_textblock_section \"  itemscope=\"itemscope\" itemtype=\"https:\/\/schema.org\/BlogPosting\" itemprop=\"blogPost\" ><div class='avia_textblock  '   itemprop=\"text\" ><p style=\"text-align: center;\"><span style=\"font-size: 18pt;\"><b>CONAF informa calendario regional de quemas de desechos silvo-agropecuarios 2023-2024<\/b><\/span><\/p>\n<div id=\"gtx-trans\" style=\"position: absolute; left: -50px; top: 4.31534px;\">\n<div class=\"gtx-trans-icon\"><\/div>\n<\/div>\n<\/div><\/section><\/div><div class=\"flex_column av_one_full  flex_column_div av-zero-column-padding first  avia-builder-el-4  el_after_av_one_full  el_before_av_hr  column-top-margin\" style='border-radius:0px; '><section class=\"av_textblock_section \"  itemscope=\"itemscope\" itemtype=\"https:\/\/schema.org\/BlogPosting\" itemprop=\"blogPost\" ><div class='avia_textblock  '   itemprop=\"text\" ><div style=\"text-align: justify;\">\n<p>Con la llegada de primavera, los d\u00edas se hacen m\u00e1s largos; aparecen las alergias, pero tambi\u00e9n comienza el periodo m\u00e1s cr\u00edtico para la ocurrencia de incendios debido a la interacci\u00f3n de diversos factores como el crecimiento demogr\u00e1fico, el aumento de actividades al aire libre, el cambio en el uso de la tierra, el incremento y aparici\u00f3n de \u00e1reas pobladas, la mayor densidad vial y el cambio clim\u00e1tico.<\/p>\n<p>Ante esta situaci\u00f3n, y para reducir la ocurrencia y los da\u00f1os que causan los incendios forestales, la Corporaci\u00f3n Nacional Forestal, CONAF, cuenta desde 1980 con la facultad, otorgada por el Decreto Supremo 276 del Ministerio de Agricultura, de dise\u00f1ar y difundir un calendario regional que indica las fechas y lugares donde se pueden realizar quemas controladas.<\/p>\n<p>Al respecto, se entiende por quema controlada el uso responsable del fuego para eliminar vegetaci\u00f3n, residuos agr\u00edcolas o forestales en forma dirigida, circunscrita o limitada a un \u00e1rea previamente determinada, conforme a normas t\u00e9cnicas preestablecida, con el fin de mantener el fuego bajo control.<\/p>\n<p>\u00abEl principal elemento t\u00e9cnico que se considera para definir fechas y territorialidad, son las condiciones clim\u00e1ticas y ambientales que como se puede entender en una regi\u00f3n tan grande como Ays\u00e9n, son muy heterog\u00e9neas. Lo que se busca es evitar las quemas cuando las medidas t\u00e9cnicas no aseguren mantener el fuego bajo control y exista riesgo de que se transforme en un incendio\u00bb, explica Loreto Pedrasa, directora regional de CONAF.<\/p>\n<p>En la pr\u00e1ctica, lo que se ha definido para efectos de calendario de quemas, es la divisi\u00f3n \u00a0de la regi\u00f3n en sector Oriental y Occidental, ya que cada uno de ellos tiene caracter\u00edsticas diferentes de clima y vegetaci\u00f3n y por ende un comportamiento del fuego diferente.<\/p>\n<p>Finalmente, cabe recordar que el calendario vigente establece la prohibici\u00f3n de realizar quemas controladas en toda la regi\u00f3n entre el 15 de diciembre y el 15 de marzo; que se pueden realizar quemas todos los d\u00edas del a\u00f1o a partir del 16 de marzo y hasta el 14 de diciembre en el sector occidental de la regi\u00f3n, mientras que en el oriental hay autorizaci\u00f3n para quemar durante los primeros 15 d\u00edas de cada mes, solo entre abril y diciembre.<\/p>\n<\/div>\n<div><\/div>\n<\/div><\/section><\/div><div  style='height:50px' class='hr hr-invisible   avia-builder-el-6  el_after_av_one_full  el_before_av_social_share '><span class='hr-inner ' ><span class='hr-inner-style'><\/span><\/span><\/div><\/p>\n<div  class='av-social-sharing-box  avia-builder-el-7  el_after_av_hr  el_before_av_hr  '><div class='av-share-box'><h5 class='av-share-link-description av-no-toc '>Compartir esta noticia<\/h5><ul class='av-share-box-list noLightbox'><li class='av-share-link av-social-link-facebook' ><a target=\"_blank\" aria-label=\"Compartir en Facebook\" href='https:\/\/www.facebook.com\/sharer.php?u=https:\/\/radiorevelacionfm.cl\/?p=35505&#038;t=CONAF%20informa%20calendario%20regional%20de%20quemas%20de%20desechos%20silvo-agropecuarios%202023-2024' aria-hidden='false' data-av_icon='\ue8f3' data-av_iconfont='entypo-fontello' title='' data-avia-related-tooltip='Compartir en Facebook' rel=\"noopener\"><span class='avia_hidden_link_text'>Compartir en Facebook<\/span><\/a><\/li><li class='av-share-link av-social-link-twitter' ><a target=\"_blank\" aria-label=\"Compartir en Twitter\" href='https:\/\/twitter.com\/share?text=CONAF%20informa%20calendario%20regional%20de%20quemas%20de%20desechos%20silvo-agropecuarios%202023-2024&#038;url=https:\/\/radiorevelacionfm.cl\/?p=35505' aria-hidden='false' data-av_icon='\ue8f1' data-av_iconfont='entypo-fontello' title='' data-avia-related-tooltip='Compartir en Twitter' rel=\"noopener\"><span class='avia_hidden_link_text'>Compartir en Twitter<\/span><\/a><\/li><li class='av-share-link av-social-link-whatsapp' ><a target=\"_blank\" aria-label=\"Compartir en Whatsapp\" href='https:\/\/api.whatsapp.com\/send?text=https:\/\/radiorevelacionfm.cl\/?p=35505' aria-hidden='false' data-av_icon='\uf232' data-av_iconfont='entypo-fontello' title='' data-avia-related-tooltip='Compartir en Whatsapp' rel=\"noopener\"><span class='avia_hidden_link_text'>Compartir en Whatsapp<\/span><\/a><\/li><li class='av-share-link av-social-link-linkedin' ><a target=\"_blank\" aria-label=\"Compartir en LinkedIn\" href='https:\/\/linkedin.com\/shareArticle?mini=true&#038;title=CONAF%20informa%20calendario%20regional%20de%20quemas%20de%20desechos%20silvo-agropecuarios%202023-2024&#038;url=https:\/\/radiorevelacionfm.cl\/?p=35505' aria-hidden='false' data-av_icon='\ue8fc' data-av_iconfont='entypo-fontello' title='' data-avia-related-tooltip='Compartir en LinkedIn' rel=\"noopener\"><span class='avia_hidden_link_text'>Compartir en LinkedIn<\/span><\/a><\/li><li class='av-share-link av-social-link-mail' ><a  aria-label=\"Compartir por correo\" href='mailto:?subject=CONAF%20informa%20calendario%20regional%20de%20quemas%20de%20desechos%20silvo-agropecuarios%202023-2024&#038;body=https:\/\/radiorevelacionfm.cl\/?p=35505' aria-hidden='false' data-av_icon='\ue805' data-av_iconfont='entypo-fontello' title='' data-avia-related-tooltip='Compartir por correo'><span class='avia_hidden_link_text'>Compartir por correo<\/span><\/a><\/li><\/ul><\/div><\/div>\n<div  style='height:50px' class='hr hr-invisible   avia-builder-el-8  el_after_av_social_share  el_before_av_comments_list '><span class='hr-inner ' ><span class='hr-inner-style'><\/span><\/span><\/div>\n<div  class='av-buildercomment  av-blog-meta-html-info-disabled av-blog-meta-tag-disabled  '><\/div>\n","protected":false},"excerpt":{"rendered":"","protected":false},"author":1,"featured_media":35506,"comment_status":"open","ping_status":"open","sticky":false,"template":"","format":"standard","meta":{"footnotes":""},"categories":[38],"tags":[],"class_list":["post-35505","post","type-post","status-publish","format-standard","has-post-thumbnail","hentry","category-regional"],"jetpack_featured_media_url":"https:\/\/radiorevelacionfm.cl\/wp-content\/uploads\/2023\/10\/quemas-2-1_optimized.jpeg","_links":{"self":[{"href":"https:\/\/radiorevelacionfm.cl\/index.php?rest_route=\/wp\/v2\/posts\/35505","targetHints":{"allow":["GET"]}}],"collection":[{"href":"https:\/\/radiorevelacionfm.cl\/index.php?rest_route=\/wp\/v2\/posts"}],"about":[{"href":"https:\/\/radiorevelacionfm.cl\/index.php?rest_route=\/wp\/v2\/types\/post"}],"author":[{"embeddable":true,"href":"https:\/\/radiorevelacionfm.cl\/index.php?rest_route=\/wp\/v2\/users\/1"}],"replies":[{"embeddable":true,"href":"https:\/\/radiorevelacionfm.cl\/index.php?rest_route=%2Fwp%2Fv2%2Fcomments&post=35505"}],"version-history":[{"count":1,"href":"https:\/\/radiorevelacionfm.cl\/index.php?rest_route=\/wp\/v2\/posts\/35505\/revisions"}],"predecessor-version":[{"id":35507,"href":"https:\/\/radiorevelacionfm.cl\/index.php?rest_route=\/wp\/v2\/posts\/35505\/revisions\/35507"}],"wp:featuredmedia":[{"embeddable":true,"href":"https:\/\/radiorevelacionfm.cl\/index.php?rest_route=\/wp\/v2\/media\/35506"}],"wp:attachment":[{"href":"https:\/\/radiorevelacionfm.cl\/index.php?rest_route=%2Fwp%2Fv2%2Fmedia&parent=35505"}],"wp:term":[{"taxonomy":"category","embeddable":true,"href":"https:\/\/radiorevelacionfm.cl\/index.php?rest_route=%2Fwp%2Fv2%2Fcategories&post=35505"},{"taxonomy":"post_tag","embeddable":true,"href":"https:\/\/radiorevelacionfm.cl\/index.php?rest_route=%2Fwp%2Fv2%2Ftags&post=35505"}],"curies":[{"name":"wp","href":"https:\/\/api.w.org\/{rel}","templated":true}]}}