{"id":35502,"date":"2023-10-01T12:35:31","date_gmt":"2023-10-01T15:35:31","guid":{"rendered":"https:\/\/radiorevelacionfm.cl\/?p=35502"},"modified":"2023-10-01T12:35:31","modified_gmt":"2023-10-01T15:35:31","slug":"significativos-reconocimientos-y-exposiciones-en-seminario-por-la-democracia-a-50-anos-del-golpe-de-estado","status":"publish","type":"post","link":"https:\/\/radiorevelacionfm.cl\/?p=35502","title":{"rendered":"Significativos reconocimientos y exposiciones en Seminario por la Democracia a 50 a\u00f1os del Golpe de Estado"},"content":{"rendered":"<div class=\"flex_column av_one_full  flex_column_div av-zero-column-padding first  avia-builder-el-0  el_before_av_one_full  avia-builder-el-first  \" style='border-radius:0px; '><div  class='avia-image-container  av-styling-    avia-builder-el-1  avia-builder-el-no-sibling  avia-align-center '  itemprop=\"image\" itemscope=\"itemscope\" itemtype=\"https:\/\/schema.org\/ImageObject\"  ><div class='avia-image-container-inner'><div class='avia-image-overlay-wrap'><img decoding=\"async\" class='wp-image-35503 avia-img-lazy-loading-not-35503 avia_image' src=\"https:\/\/radiorevelacionfm.cl\/wp-content\/uploads\/2023\/10\/img_2910-1_optimized.jpg\" alt='' title='img_2910-(1)_optimized' height=\"600\" width=\"1099\"  itemprop=\"thumbnailUrl\" srcset=\"https:\/\/radiorevelacionfm.cl\/wp-content\/uploads\/2023\/10\/img_2910-1_optimized.jpg 1099w, https:\/\/radiorevelacionfm.cl\/wp-content\/uploads\/2023\/10\/img_2910-1_optimized-300x164.jpg 300w, https:\/\/radiorevelacionfm.cl\/wp-content\/uploads\/2023\/10\/img_2910-1_optimized-1030x562.jpg 1030w, https:\/\/radiorevelacionfm.cl\/wp-content\/uploads\/2023\/10\/img_2910-1_optimized-768x419.jpg 768w, https:\/\/radiorevelacionfm.cl\/wp-content\/uploads\/2023\/10\/img_2910-1_optimized-705x385.jpg 705w, https:\/\/radiorevelacionfm.cl\/wp-content\/uploads\/2023\/10\/img_2910-1_optimized-450x246.jpg 450w, https:\/\/radiorevelacionfm.cl\/wp-content\/uploads\/2023\/10\/img_2910-1_optimized-600x328.jpg 600w\" sizes=\"(max-width: 1099px) 100vw, 1099px\" \/><\/div><\/div><\/div><\/div><div class=\"flex_column av_one_full  flex_column_div av-zero-column-padding first  avia-builder-el-2  el_after_av_one_full  el_before_av_one_full  column-top-margin\" style='border-radius:0px; '><section class=\"av_textblock_section \"  itemscope=\"itemscope\" itemtype=\"https:\/\/schema.org\/BlogPosting\" itemprop=\"blogPost\" ><div class='avia_textblock  '   itemprop=\"text\" ><p style=\"font-weight: 400; text-align: center;\"><span style=\"font-size: 18pt;\"><strong>Significativos reconocimientos y exposiciones en Seminario <\/strong><strong>por la Democracia a 50 a\u00f1os del Golpe de Estado \u00a0<\/strong><\/span><\/p>\n<div id=\"gtx-trans\" style=\"position: absolute; left: -50px; top: 4.31534px;\">\n<div class=\"gtx-trans-icon\"><\/div>\n<\/div>\n<\/div><\/section><\/div><div class=\"flex_column av_one_full  flex_column_div av-zero-column-padding first  avia-builder-el-4  el_after_av_one_full  el_before_av_hr  column-top-margin\" style='border-radius:0px; '><section class=\"av_textblock_section \"  itemscope=\"itemscope\" itemtype=\"https:\/\/schema.org\/BlogPosting\" itemprop=\"blogPost\" ><div class='avia_textblock  '   itemprop=\"text\" ><p style=\"font-weight: 400; text-align: justify;\">Significativos reconocimientos y exposiciones se realizaron en el Seminario por la Democracia a los 50 a\u00f1os del Golpe de Estado, organizado en Coyhaique por el Colegio de Soci\u00f3logas y Soci\u00f3logos cap\u00edtulo regional Ays\u00e9n, con apoyo del Gobierno Regional y de la Delegaci\u00f3n Presidencial Regional.<\/p>\n<p style=\"font-weight: 400; text-align: justify;\">La instancia fue encabezada por el presidente del gremio, Rub\u00e9n \u00c1lvarez, junto a la Gobernadora Andrea Mac\u00edas, el Delegado Presidencial Rodrigo Araya, el Prefecto de Carabineros, coronel Fuad Chab\u00e1n, la diputada Mercedes Bulnes, seremis de Gobierno, Tatiana Pl\u00e1, Desarrollo Social y Familia, Karina Acevedo, y MOP Patricio Sanhueza; la consejera Paula Acu\u00f1a y la concejala Ana Mar\u00eda Navarrete, junto a dirigentes de organizaciones de derechos humanos y asistentes de la comunidad.<\/p>\n<p style=\"font-weight: 400; text-align: justify;\">Las exposiciones del abogado Roberto Celed\u00f3n Fern\u00e1ndez y la soci\u00f3loga Julia Cubillos Romo fueron destacadas por Rub\u00e9n \u00c1lvarez junto con la convocatoria que logr\u00f3 el seminario con m\u00e1s de 60 asistentes.<\/p>\n<p style=\"font-weight: 400; text-align: justify;\">\u201cUn balance s\u00faper positivo. Tuvimos un marco de p\u00fablico importante. Hay un esfuerzo tremendo de parte de los colegas de las colegas para esta actividad. Dos charlas que, en definitiva, por s\u00ed solas cada una, pudi\u00e9ramos estar hablando todo el d\u00eda. Y, por supuesto, la disposici\u00f3n de la gente a poder participar en este tipo de actividades\u201d, destac\u00f3.<\/p>\n<p style=\"font-weight: 400; text-align: justify;\">El Delegado Rodrigo Araya subray\u00f3 la relevancia de la memoria para la democracia y para el futuro del pa\u00eds. \u201cLa conmemoraci\u00f3n de los 50 a\u00f1os del Golpe c\u00edvico-militar es una actividad muy relevante y permanente durante todo el a\u00f1o. Nosotros queremos poner en valor que la memoria es fundamental para tener conciencia y recordar que el di\u00e1logo, la participaci\u00f3n, el debate, la democracia, son tremendamente valiosos\u201d, expres\u00f3.<\/p>\n<p style=\"font-weight: 400; text-align: justify;\">El abogado Roberto Celed\u00f3n a\u00f1adi\u00f3 que \u201cha sido tambi\u00e9n una experiencia extraordinaria en que nos une el inter\u00e9s de pensar en Chile, tener a Chile en el centro de nuestras preocupaciones y tener esperanza, porque los derechos humanos es una invocaci\u00f3n y un llamado de acci\u00f3n que atraviesa toda frontera, toda ideolog\u00eda, pero que est\u00e1 destinada a servir a la humanidad para que no haya ninguna forma de opresi\u00f3n a nadie\u201d, indic\u00f3.<\/p>\n<p style=\"font-weight: 400; text-align: justify;\">Por su parte, Julia Cubillos concluy\u00f3 que \u201cla importancia que tiene haber generado este espacio de reflexi\u00f3n y conversaci\u00f3n sobre los desaf\u00edos que enfrentamos, es fundamental, porque la construcci\u00f3n de la democracia es un proceso al que tenemos que contribuir todos los d\u00edas por parte de los distintos ciudadanos que vivimos en esta regi\u00f3n. Estar conversando permanentemente de los aspectos que nos unen, de cu\u00e1les son los aspectos en los que tenemos posiciones diferentes, pero donde tenemos que llegar a un acuerdo, es un ejercicio en s\u00ed mismo democr\u00e1tico\u201d.<\/p>\n<p style=\"font-weight: 400; text-align: justify;\">Como parte de los reconocimientos se entreg\u00f3 un presente al soci\u00f3logo Ariel Elgueta Vel\u00e1squez por su aporte a trav\u00e9s del libro \u201cLa Obra del Presidente Allende en la Patagonia Central\u201d; as\u00ed como tambi\u00e9n a la cofundadora y expresidenta de la Agrupaci\u00f3n de Derechos Humanos de Coyhaique, Nin\u00f3n Neira Vera.<\/p>\n<p style=\"font-weight: 400; text-align: justify;\">Adem\u00e1s hubo un di\u00e1logo con dirigentes de la Agrupaci\u00f3n Cultural y Productiva Biblioteca Trinchera Utop\u00eda, Agrupaci\u00f3n de Ex Presos Pol\u00edticos y torturados Jos\u00e9 Felmer, Flores Nativas y Agrupaci\u00f3n PRAIS Ays\u00e9n, entre otros.<\/p>\n<\/div><\/section><\/div><div  style='height:50px' class='hr hr-invisible   avia-builder-el-6  el_after_av_one_full  el_before_av_social_share '><span class='hr-inner ' ><span class='hr-inner-style'><\/span><\/span><\/div><\/p>\n<div  class='av-social-sharing-box  avia-builder-el-7  el_after_av_hr  el_before_av_hr  '><div class='av-share-box'><h5 class='av-share-link-description av-no-toc '>Compartir esta noticia<\/h5><ul class='av-share-box-list noLightbox'><li class='av-share-link av-social-link-facebook' ><a target=\"_blank\" aria-label=\"Compartir en Facebook\" href='https:\/\/www.facebook.com\/sharer.php?u=https:\/\/radiorevelacionfm.cl\/?p=35502&#038;t=Significativos%20reconocimientos%20y%20exposiciones%20en%20Seminario%20por%20la%20Democracia%20a%2050%20a%C3%B1os%20del%20Golpe%20de%20Estado' aria-hidden='false' data-av_icon='\ue8f3' data-av_iconfont='entypo-fontello' title='' data-avia-related-tooltip='Compartir en Facebook' rel=\"noopener\"><span class='avia_hidden_link_text'>Compartir en Facebook<\/span><\/a><\/li><li class='av-share-link av-social-link-twitter' ><a target=\"_blank\" aria-label=\"Compartir en Twitter\" href='https:\/\/twitter.com\/share?text=Significativos%20reconocimientos%20y%20exposiciones%20en%20Seminario%20por%20la%20Democracia%20a%2050%20a%C3%B1os%20del%20Golpe%20de%20Estado&#038;url=https:\/\/radiorevelacionfm.cl\/?p=35502' aria-hidden='false' data-av_icon='\ue8f1' data-av_iconfont='entypo-fontello' title='' data-avia-related-tooltip='Compartir en Twitter' rel=\"noopener\"><span class='avia_hidden_link_text'>Compartir en Twitter<\/span><\/a><\/li><li class='av-share-link av-social-link-whatsapp' ><a target=\"_blank\" aria-label=\"Compartir en Whatsapp\" href='https:\/\/api.whatsapp.com\/send?text=https:\/\/radiorevelacionfm.cl\/?p=35502' aria-hidden='false' data-av_icon='\uf232' data-av_iconfont='entypo-fontello' title='' data-avia-related-tooltip='Compartir en Whatsapp' rel=\"noopener\"><span class='avia_hidden_link_text'>Compartir en Whatsapp<\/span><\/a><\/li><li class='av-share-link av-social-link-linkedin' ><a target=\"_blank\" aria-label=\"Compartir en LinkedIn\" href='https:\/\/linkedin.com\/shareArticle?mini=true&#038;title=Significativos%20reconocimientos%20y%20exposiciones%20en%20Seminario%20por%20la%20Democracia%20a%2050%20a%C3%B1os%20del%20Golpe%20de%20Estado&#038;url=https:\/\/radiorevelacionfm.cl\/?p=35502' aria-hidden='false' data-av_icon='\ue8fc' data-av_iconfont='entypo-fontello' title='' data-avia-related-tooltip='Compartir en LinkedIn' rel=\"noopener\"><span class='avia_hidden_link_text'>Compartir en LinkedIn<\/span><\/a><\/li><li class='av-share-link av-social-link-mail' ><a  aria-label=\"Compartir por correo\" href='mailto:?subject=Significativos%20reconocimientos%20y%20exposiciones%20en%20Seminario%20por%20la%20Democracia%20a%2050%20a%C3%B1os%20del%20Golpe%20de%20Estado&#038;body=https:\/\/radiorevelacionfm.cl\/?p=35502' aria-hidden='false' data-av_icon='\ue805' data-av_iconfont='entypo-fontello' title='' data-avia-related-tooltip='Compartir por correo'><span class='avia_hidden_link_text'>Compartir por correo<\/span><\/a><\/li><\/ul><\/div><\/div>\n<div  style='height:50px' class='hr hr-invisible   avia-builder-el-8  el_after_av_social_share  el_before_av_comments_list '><span class='hr-inner ' ><span class='hr-inner-style'><\/span><\/span><\/div>\n<div  class='av-buildercomment  av-blog-meta-html-info-disabled av-blog-meta-tag-disabled  '><\/div>\n","protected":false},"excerpt":{"rendered":"","protected":false},"author":1,"featured_media":35503,"comment_status":"open","ping_status":"open","sticky":false,"template":"","format":"standard","meta":{"footnotes":""},"categories":[38],"tags":[],"class_list":["post-35502","post","type-post","status-publish","format-standard","has-post-thumbnail","hentry","category-regional"],"jetpack_featured_media_url":"https:\/\/radiorevelacionfm.cl\/wp-content\/uploads\/2023\/10\/img_2910-1_optimized.jpg","_links":{"self":[{"href":"https:\/\/radiorevelacionfm.cl\/index.php?rest_route=\/wp\/v2\/posts\/35502","targetHints":{"allow":["GET"]}}],"collection":[{"href":"https:\/\/radiorevelacionfm.cl\/index.php?rest_route=\/wp\/v2\/posts"}],"about":[{"href":"https:\/\/radiorevelacionfm.cl\/index.php?rest_route=\/wp\/v2\/types\/post"}],"author":[{"embeddable":true,"href":"https:\/\/radiorevelacionfm.cl\/index.php?rest_route=\/wp\/v2\/users\/1"}],"replies":[{"embeddable":true,"href":"https:\/\/radiorevelacionfm.cl\/index.php?rest_route=%2Fwp%2Fv2%2Fcomments&post=35502"}],"version-history":[{"count":1,"href":"https:\/\/radiorevelacionfm.cl\/index.php?rest_route=\/wp\/v2\/posts\/35502\/revisions"}],"predecessor-version":[{"id":35504,"href":"https:\/\/radiorevelacionfm.cl\/index.php?rest_route=\/wp\/v2\/posts\/35502\/revisions\/35504"}],"wp:featuredmedia":[{"embeddable":true,"href":"https:\/\/radiorevelacionfm.cl\/index.php?rest_route=\/wp\/v2\/media\/35503"}],"wp:attachment":[{"href":"https:\/\/radiorevelacionfm.cl\/index.php?rest_route=%2Fwp%2Fv2%2Fmedia&parent=35502"}],"wp:term":[{"taxonomy":"category","embeddable":true,"href":"https:\/\/radiorevelacionfm.cl\/index.php?rest_route=%2Fwp%2Fv2%2Fcategories&post=35502"},{"taxonomy":"post_tag","embeddable":true,"href":"https:\/\/radiorevelacionfm.cl\/index.php?rest_route=%2Fwp%2Fv2%2Ftags&post=35502"}],"curies":[{"name":"wp","href":"https:\/\/api.w.org\/{rel}","templated":true}]}}