{"id":35499,"date":"2023-10-02T10:14:30","date_gmt":"2023-10-02T13:14:30","guid":{"rendered":"https:\/\/radiorevelacionfm.cl\/?p=35499"},"modified":"2023-10-02T10:14:30","modified_gmt":"2023-10-02T13:14:30","slug":"en-puerto-aysen-sostuvieron-encuentro-por-la-reforma-de-pensiones-y-pacto-fiscal-recogiendo-diversas-opiniones-de-dirigentes-y-comunidad","status":"publish","type":"post","link":"https:\/\/radiorevelacionfm.cl\/?p=35499","title":{"rendered":"En Puerto Ays\u00e9n sostuvieron encuentro por la Reforma de Pensiones y Pacto Fiscal recogiendo diversas opiniones de dirigentes y comunidad"},"content":{"rendered":"<div class=\"flex_column av_one_full  flex_column_div av-zero-column-padding first  avia-builder-el-0  el_before_av_one_full  avia-builder-el-first  \" style='border-radius:0px; '><div  class='avia-image-container  av-styling-    avia-builder-el-1  avia-builder-el-no-sibling  avia-align-center '  itemprop=\"image\" itemscope=\"itemscope\" itemtype=\"https:\/\/schema.org\/ImageObject\"  ><div class='avia-image-container-inner'><div class='avia-image-overlay-wrap'><img decoding=\"async\" class='wp-image-35500 avia-img-lazy-loading-not-35500 avia_image' src=\"https:\/\/radiorevelacionfm.cl\/wp-content\/uploads\/2023\/10\/dialogopensiones_pactofiscal_ptoaysen-1_optimized.jpg\" alt='' title='dialogopensiones_pactofiscal_ptoaysen-(1)_optimized' height=\"600\" width=\"800\"  itemprop=\"thumbnailUrl\" srcset=\"https:\/\/radiorevelacionfm.cl\/wp-content\/uploads\/2023\/10\/dialogopensiones_pactofiscal_ptoaysen-1_optimized.jpg 800w, https:\/\/radiorevelacionfm.cl\/wp-content\/uploads\/2023\/10\/dialogopensiones_pactofiscal_ptoaysen-1_optimized-300x225.jpg 300w, https:\/\/radiorevelacionfm.cl\/wp-content\/uploads\/2023\/10\/dialogopensiones_pactofiscal_ptoaysen-1_optimized-768x576.jpg 768w, https:\/\/radiorevelacionfm.cl\/wp-content\/uploads\/2023\/10\/dialogopensiones_pactofiscal_ptoaysen-1_optimized-705x529.jpg 705w, https:\/\/radiorevelacionfm.cl\/wp-content\/uploads\/2023\/10\/dialogopensiones_pactofiscal_ptoaysen-1_optimized-450x338.jpg 450w, https:\/\/radiorevelacionfm.cl\/wp-content\/uploads\/2023\/10\/dialogopensiones_pactofiscal_ptoaysen-1_optimized-600x450.jpg 600w\" sizes=\"(max-width: 800px) 100vw, 800px\" \/><\/div><\/div><\/div><\/div><div class=\"flex_column av_one_full  flex_column_div av-zero-column-padding first  avia-builder-el-2  el_after_av_one_full  el_before_av_one_full  column-top-margin\" style='border-radius:0px; '><section class=\"av_textblock_section \"  itemscope=\"itemscope\" itemtype=\"https:\/\/schema.org\/BlogPosting\" itemprop=\"blogPost\" ><div class='avia_textblock  '   itemprop=\"text\" ><p style=\"text-align: center;\"><span style=\"font-size: 18pt;\"><b>En Puerto Ays\u00e9n sostuvieron encuentro por la Reforma de Pensiones y Pacto Fiscal recogiendo diversas opiniones de dirigentes y comunidad<\/b><\/span><\/p>\n<div id=\"gtx-trans\" style=\"position: absolute; left: -50px; top: 4.31534px;\">\n<div class=\"gtx-trans-icon\"><\/div>\n<\/div>\n<\/div><\/section><\/div><div class=\"flex_column av_one_full  flex_column_div av-zero-column-padding first  avia-builder-el-4  el_after_av_one_full  el_before_av_hr  column-top-margin\" style='border-radius:0px; '><section class=\"av_textblock_section \"  itemscope=\"itemscope\" itemtype=\"https:\/\/schema.org\/BlogPosting\" itemprop=\"blogPost\" ><div class='avia_textblock  '   itemprop=\"text\" ><p class=\"v1MsoNormal\" style=\"text-align: justify;\">En la Casa de la Cultura se realiz\u00f3 el di\u00e1logo ciudadano por la Reforma de Pensiones y Pacto Fiscal, asistiendo dirigentes y comunidad en general. El encuentro se desarroll\u00f3 en dos horas y media aproximadamente con el Delegado Provincial de Ays\u00e9n, Jorge D\u00edaz Guzm\u00e1n, presentaci\u00f3n sobre la Reforma de Pensiones por parte del Seremi de Trabajo y Previsi\u00f3n Social, Rodrigo D\u00edaz Cordaro, y luego del Pacto Fiscal, por su par de Econom\u00eda, Fomento y Turismo, Felipe Rojas Pizarro, seguido de un conversatorio cuya moderadora fue la Seremi de Gobierno, Tatiana Pl\u00e1 \u00c1lvarez, contando tambi\u00e9n con la presencia del Alcalde(s) de Ays\u00e9n, Marcos Co\u00f1uecar.<\/p>\n<p class=\"v1MsoNormal\" style=\"text-align: justify;\"><span lang=\"ES\">Con respecto al ejercicio del di\u00e1logo, el Delegado Provincial de Ays\u00e9n, Jorge D\u00edaz Guzm\u00e1n, mencion\u00f3, \u00abYo creo que estamos en una fase de la discusi\u00f3n p\u00fablica, que requiere mucha pedagog\u00eda pero al mismo tiempo, las personas que est\u00e1n a cargo de las distintas carteras, en este caso Trabajo, Previsi\u00f3n, Econom\u00eda, tambi\u00e9n necesitan escuchar voces de la ciudadan\u00eda, voces de la gente com\u00fan y corriente, y por lo tanto, esta retroalimentaci\u00f3n entre quienes est\u00e1n explicando una pol\u00edtica p\u00fablica, como es la reforma previsional o el pacto fiscal, tiene que tener una retroalimentaci\u00f3n de la ciudadan\u00eda que est\u00e1 en el territorio. Eso es lo importante de estos di\u00e1logos, m\u00e1s all\u00e1 de la catarsis que cada uno pueda hacer, lo importante son los insumos que se rescatan tanto de la ciudadan\u00eda por parte de lo que dicen los Seremis y tambi\u00e9n la autoridad pol\u00edtica, respecto de lo que dice la ciudadan\u00eda y eso es muy importante en una democracia\u00bb.<\/span><\/p>\n<p class=\"v1MsoNormal\" style=\"text-align: justify;\"><span lang=\"ES\">A su vez, el Seremi Rodrigo D\u00edaz Cordaro, de Trabajo y Previsi\u00f3n Social, destac\u00f3 la instancia de di\u00e1logo, acercando la informaci\u00f3n a los territorios y la necesidad de subir hoy las pensiones, \u00abNos interesaba informar a la comunidad de Ays\u00e9n, ac\u00e1 en terreno, que ellos de primera fuente entendieran porqu\u00e9 es importante subir las pensiones hoy d\u00eda y no esperar treinta a\u00f1os m\u00e1s, porqu\u00e9 este sistema tiene que ser contributivo, desde el lado del aporte del empleador, donde el empleador tambi\u00e9n es parte de la soluci\u00f3n para mejorar pensiones. Nos vamos muy contentos y satisfechos de poder haber escuchado a las personas, de poder aclarar dudas, tambi\u00e9n hubo disenso, dialogar es importante: poder conversar, que la gente se informe de primera fuente y que se entienda y valore porqu\u00e9 es importante subir las pensiones hoy d\u00eda\u00bb.<\/span><\/p>\n<p class=\"v1MsoNormal\" style=\"text-align: justify;\"><span lang=\"ES\">La voluntad de di\u00e1logo fue recalcada por la Seremi de Gobierno, Tatiana Pl\u00e1, \u00abDestacamos hoy d\u00eda en Puerto Ays\u00e9n la importancia de dialogar, con mucho respeto, tuvimos la opini\u00f3n de diferentes personas que son dirigentes y que representan, por ejemplo, a las personas mayores. En este di\u00e1logo la importancia de la opini\u00f3n de las personas, de darles a conocer y demostrarles de primera fuente como lo hemos dicho con los Seremis del Trabajo y de Econom\u00eda, en qu\u00e9 consiste este Proyecto de la Ley de Reforma de Pensiones y el Pacto Fiscal, y que nosotros como Gobierno lo que hemos impulsado es que con di\u00e1logo y con la voluntad de los diferentes actores pol\u00edticos podamos llegar a un acuerdo para poder tener, despu\u00e9s de tres intentos, una reforma de pensiones, que le de ahora a las personas mayores, mejores pensiones\u00bb.<\/span><\/p>\n<p class=\"v1MsoNormal\" style=\"text-align: justify;\"><span lang=\"ES\">\u00abEste di\u00e1logo fue uno m\u00e1s de la serie de di\u00e1logos que hemos ido realizando en la regi\u00f3n, en el marco de mejores pensiones y Pacto Fiscal para el desarrollo. Particularmente, el Pacto Fiscal para el Desarrollo, lo que promueve es una serie de iniciativas que tienen que ver con c\u00f3mo hacer m\u00e1s eficiente el gasto p\u00fablico, c\u00f3mo evaluar el gasto p\u00fablico, pero tambi\u00e9n c\u00f3mo recaudar recursos a trav\u00e9s de un sistema tributario moderno, en que se definen ciertos principios. La invitaci\u00f3n a la ciudadan\u00eda es a informarse, a conocer estas medidas y, de alguna manera, tambi\u00e9n apoyarlas pol\u00edticamente para que nuestros parlamentarios, nuestras organizaciones tambi\u00e9n promuevan este tipo de iniciativas en pos del crecimiento, el desarrollo de la regi\u00f3n y del pa\u00eds\u00bb, mencion\u00f3 por su parte el Seremi de Econom\u00eda, Fomento y Turismo, Felipe Rojas.<\/span><\/p>\n<p class=\"v1MsoNormal\" style=\"text-align: justify;\"><span lang=\"ES\">Entre las dirigentas que participaron, estuvo Rosa Navarro Ru\u00edz, presidenta de la Uni\u00f3n Comunal de Adultos Mayores, UCAM, Trapananda Ays\u00e9n, quien llam\u00f3 a informarse, \u00abFue provechosa, la informaci\u00f3n fue clara sobre la reforma de pensiones. Somos adultos mayores que ya estamos jubilados y para los futuros, as\u00ed es que satisfecha por esta participaci\u00f3n de los adultos mayores que estuvieron ac\u00e1, ojal\u00e1 hubieran sido muchas m\u00e1s las personas que est\u00e9n ac\u00e1, porque uno cuando est\u00e1 informado puede opinar, a su manera y bueno, yo contenta con todo lo que he aprendido con toda la informaci\u00f3n que est\u00e1 dando el Seremi del Trabajo, el Seremi de Econom\u00eda y la Seremi de Gobierno. Ojal\u00e1 cuando los llamen las autoridades, concurran, especialmente los dirigentes y con sus bases para que est\u00e9n informados y puedan ver\u00bb.<\/span><\/p>\n<p class=\"v1MsoNormal\" style=\"text-align: justify;\"><span lang=\"ES\">La dirigenta de Puerto Ays\u00e9n agreg\u00f3, \u00abSobre esta reforma previsional que tenemos, tambi\u00e9n hacerle un llamado a nuestra comunidad, que estemos atentos a c\u00f3mo votan nuestros parlamentarios cuando esta ley llegue al Congreso. Depende de ellos que nuestros sueldos y nuestras pensiones suban, as\u00ed es que puede haber mucho trabajo de funcionarios, pero quien tiene que dar el s\u00ed para que suban nuestros sueldos son los parlamentarios, as\u00ed es que personalmente estar\u00e9 atenta cuando sea la elecci\u00f3n, trataremos tambi\u00e9n que nuestros parlamentarios vengan a la UCAM, para poder informar tambi\u00e9n cu\u00e1l es la opini\u00f3n de ellos y la opini\u00f3n que tenemos tambi\u00e9n como ciudadan\u00eda\u00bb, coment\u00f3 Rosa Navarro.<\/span><\/p>\n<p class=\"v1MsoNormal\" style=\"text-align: justify;\"><span lang=\"ES\">Otra de las asistentes fue Rosa Ch\u00e1vez, quien valor\u00f3 el encuentro, \u00abMe pareci\u00f3 muy bueno porque creo que esto es informar a la comunidad, uno tiene el deber tambi\u00e9n de asistir, de venir a enterarse de todo lo que se est\u00e1 tratando de hacer, la reforma no es malo, es algo que se est\u00e1 viendo que va a dar un buen fruto a todos, a los pensionados que a futuro vamos a tener mejores pensiones, porque hoy d\u00eda, debemos decir que las pensiones son miserables, sino fuera por la PGU hoy d\u00eda la AFP nos est\u00e1 entregando miserias pero el sistema est\u00e1 as\u00ed y nadie ha querido ponerle el cascabel al gato. As\u00ed es que hoy d\u00eda, que en este Gobierno se est\u00e9 dando esto, yo lo valoro. Esto es sin ning\u00fan partido pol\u00edtico, es solo pensando en todas las personas que vamos avanzando hacia una jubilaci\u00f3n\u00bb.<\/span><\/p>\n<p class=\"v1MsoNormal\" style=\"text-align: justify;\">En la ocasi\u00f3n tambi\u00e9n surgieron consultas con respecto a otros temas, por ejemplo, sobre el beneficio del Bono por Hijo, las que fueron aclaradas.<\/p>\n<\/div><\/section><\/div><div  style='height:50px' class='hr hr-invisible   avia-builder-el-6  el_after_av_one_full  el_before_av_social_share '><span class='hr-inner ' ><span class='hr-inner-style'><\/span><\/span><\/div><\/p>\n<div  class='av-social-sharing-box  avia-builder-el-7  el_after_av_hr  el_before_av_hr  '><div class='av-share-box'><h5 class='av-share-link-description av-no-toc '>Compartir esta noticia<\/h5><ul class='av-share-box-list noLightbox'><li class='av-share-link av-social-link-facebook' ><a target=\"_blank\" aria-label=\"Compartir en Facebook\" href='https:\/\/www.facebook.com\/sharer.php?u=https:\/\/radiorevelacionfm.cl\/?p=35499&#038;t=En%20Puerto%20Ays%C3%A9n%20sostuvieron%20encuentro%20por%20la%20Reforma%20de%20Pensiones%20y%20Pacto%20Fiscal%20recogiendo%20diversas%20opiniones%20de%20dirigentes%20y%20comunidad' aria-hidden='false' data-av_icon='\ue8f3' data-av_iconfont='entypo-fontello' title='' data-avia-related-tooltip='Compartir en Facebook' rel=\"noopener\"><span class='avia_hidden_link_text'>Compartir en Facebook<\/span><\/a><\/li><li class='av-share-link av-social-link-twitter' ><a target=\"_blank\" aria-label=\"Compartir en Twitter\" href='https:\/\/twitter.com\/share?text=En%20Puerto%20Ays%C3%A9n%20sostuvieron%20encuentro%20por%20la%20Reforma%20de%20Pensiones%20y%20Pacto%20Fiscal%20recogiendo%20diversas%20opiniones%20de%20dirigentes%20y%20comunidad&#038;url=https:\/\/radiorevelacionfm.cl\/?p=35499' aria-hidden='false' data-av_icon='\ue8f1' data-av_iconfont='entypo-fontello' title='' data-avia-related-tooltip='Compartir en Twitter' rel=\"noopener\"><span class='avia_hidden_link_text'>Compartir en Twitter<\/span><\/a><\/li><li class='av-share-link av-social-link-whatsapp' ><a target=\"_blank\" aria-label=\"Compartir en Whatsapp\" href='https:\/\/api.whatsapp.com\/send?text=https:\/\/radiorevelacionfm.cl\/?p=35499' aria-hidden='false' data-av_icon='\uf232' data-av_iconfont='entypo-fontello' title='' data-avia-related-tooltip='Compartir en Whatsapp' rel=\"noopener\"><span class='avia_hidden_link_text'>Compartir en Whatsapp<\/span><\/a><\/li><li class='av-share-link av-social-link-linkedin' ><a target=\"_blank\" aria-label=\"Compartir en LinkedIn\" href='https:\/\/linkedin.com\/shareArticle?mini=true&#038;title=En%20Puerto%20Ays%C3%A9n%20sostuvieron%20encuentro%20por%20la%20Reforma%20de%20Pensiones%20y%20Pacto%20Fiscal%20recogiendo%20diversas%20opiniones%20de%20dirigentes%20y%20comunidad&#038;url=https:\/\/radiorevelacionfm.cl\/?p=35499' aria-hidden='false' data-av_icon='\ue8fc' data-av_iconfont='entypo-fontello' title='' data-avia-related-tooltip='Compartir en LinkedIn' rel=\"noopener\"><span class='avia_hidden_link_text'>Compartir en LinkedIn<\/span><\/a><\/li><li class='av-share-link av-social-link-mail' ><a  aria-label=\"Compartir por correo\" href='mailto:?subject=En%20Puerto%20Ays%C3%A9n%20sostuvieron%20encuentro%20por%20la%20Reforma%20de%20Pensiones%20y%20Pacto%20Fiscal%20recogiendo%20diversas%20opiniones%20de%20dirigentes%20y%20comunidad&#038;body=https:\/\/radiorevelacionfm.cl\/?p=35499' aria-hidden='false' data-av_icon='\ue805' data-av_iconfont='entypo-fontello' title='' data-avia-related-tooltip='Compartir por correo'><span class='avia_hidden_link_text'>Compartir por correo<\/span><\/a><\/li><\/ul><\/div><\/div>\n<div  style='height:50px' class='hr hr-invisible   avia-builder-el-8  el_after_av_social_share  el_before_av_comments_list '><span class='hr-inner ' ><span class='hr-inner-style'><\/span><\/span><\/div>\n<div  class='av-buildercomment  av-blog-meta-html-info-disabled av-blog-meta-tag-disabled  '><\/div>\n","protected":false},"excerpt":{"rendered":"","protected":false},"author":1,"featured_media":35500,"comment_status":"open","ping_status":"open","sticky":false,"template":"","format":"standard","meta":{"footnotes":""},"categories":[56],"tags":[],"class_list":["post-35499","post","type-post","status-publish","format-standard","has-post-thumbnail","hentry","category-trabajo"],"jetpack_featured_media_url":"https:\/\/radiorevelacionfm.cl\/wp-content\/uploads\/2023\/10\/dialogopensiones_pactofiscal_ptoaysen-1_optimized.jpg","_links":{"self":[{"href":"https:\/\/radiorevelacionfm.cl\/index.php?rest_route=\/wp\/v2\/posts\/35499","targetHints":{"allow":["GET"]}}],"collection":[{"href":"https:\/\/radiorevelacionfm.cl\/index.php?rest_route=\/wp\/v2\/posts"}],"about":[{"href":"https:\/\/radiorevelacionfm.cl\/index.php?rest_route=\/wp\/v2\/types\/post"}],"author":[{"embeddable":true,"href":"https:\/\/radiorevelacionfm.cl\/index.php?rest_route=\/wp\/v2\/users\/1"}],"replies":[{"embeddable":true,"href":"https:\/\/radiorevelacionfm.cl\/index.php?rest_route=%2Fwp%2Fv2%2Fcomments&post=35499"}],"version-history":[{"count":1,"href":"https:\/\/radiorevelacionfm.cl\/index.php?rest_route=\/wp\/v2\/posts\/35499\/revisions"}],"predecessor-version":[{"id":35501,"href":"https:\/\/radiorevelacionfm.cl\/index.php?rest_route=\/wp\/v2\/posts\/35499\/revisions\/35501"}],"wp:featuredmedia":[{"embeddable":true,"href":"https:\/\/radiorevelacionfm.cl\/index.php?rest_route=\/wp\/v2\/media\/35500"}],"wp:attachment":[{"href":"https:\/\/radiorevelacionfm.cl\/index.php?rest_route=%2Fwp%2Fv2%2Fmedia&parent=35499"}],"wp:term":[{"taxonomy":"category","embeddable":true,"href":"https:\/\/radiorevelacionfm.cl\/index.php?rest_route=%2Fwp%2Fv2%2Fcategories&post=35499"},{"taxonomy":"post_tag","embeddable":true,"href":"https:\/\/radiorevelacionfm.cl\/index.php?rest_route=%2Fwp%2Fv2%2Ftags&post=35499"}],"curies":[{"name":"wp","href":"https:\/\/api.w.org\/{rel}","templated":true}]}}