{"id":35494,"date":"2023-09-30T11:07:49","date_gmt":"2023-09-30T14:07:49","guid":{"rendered":"https:\/\/radiorevelacionfm.cl\/?p=35494"},"modified":"2023-09-30T11:07:49","modified_gmt":"2023-09-30T14:07:49","slug":"mujeres-con-energia-de-edelaysen-premia-a-emprendedoras-de-la-region","status":"publish","type":"post","link":"https:\/\/radiorevelacionfm.cl\/?p=35494","title":{"rendered":"\u201cMujeres con Energ\u00eda\u201d de Edelaysen premia a emprendedoras de la regi\u00f3n"},"content":{"rendered":"<div class=\"flex_column av_one_full  flex_column_div av-zero-column-padding first  avia-builder-el-0  el_before_av_one_full  avia-builder-el-first  \" style='border-radius:0px; '><div  class='avia-image-container  av-styling-    avia-builder-el-1  avia-builder-el-no-sibling  avia-align-center '  itemprop=\"image\" itemscope=\"itemscope\" itemtype=\"https:\/\/schema.org\/ImageObject\"  ><div class='avia-image-container-inner'><div class='avia-image-overlay-wrap'><img decoding=\"async\" class='wp-image-35496 avia-img-lazy-loading-not-35496 avia_image' src=\"https:\/\/radiorevelacionfm.cl\/wp-content\/uploads\/2023\/09\/MUJERES-CON-ENERGIA-ANA-MARIA-3-1-1.jpeg\" alt='' title='MUJERES CON ENERG\u00cdA ANA MAR\u00cdA (3) (1) (1)' height=\"600\" width=\"800\"  itemprop=\"thumbnailUrl\" srcset=\"https:\/\/radiorevelacionfm.cl\/wp-content\/uploads\/2023\/09\/MUJERES-CON-ENERGIA-ANA-MARIA-3-1-1.jpeg 800w, https:\/\/radiorevelacionfm.cl\/wp-content\/uploads\/2023\/09\/MUJERES-CON-ENERGIA-ANA-MARIA-3-1-1-300x225.jpeg 300w, https:\/\/radiorevelacionfm.cl\/wp-content\/uploads\/2023\/09\/MUJERES-CON-ENERGIA-ANA-MARIA-3-1-1-768x576.jpeg 768w, https:\/\/radiorevelacionfm.cl\/wp-content\/uploads\/2023\/09\/MUJERES-CON-ENERGIA-ANA-MARIA-3-1-1-705x529.jpeg 705w, https:\/\/radiorevelacionfm.cl\/wp-content\/uploads\/2023\/09\/MUJERES-CON-ENERGIA-ANA-MARIA-3-1-1-450x338.jpeg 450w, https:\/\/radiorevelacionfm.cl\/wp-content\/uploads\/2023\/09\/MUJERES-CON-ENERGIA-ANA-MARIA-3-1-1-600x450.jpeg 600w\" sizes=\"(max-width: 800px) 100vw, 800px\" \/><\/div><\/div><\/div><\/div>\n<div class=\"flex_column av_one_full  flex_column_div av-zero-column-padding first  avia-builder-el-2  el_after_av_one_full  el_before_av_one_full  column-top-margin\" style='border-radius:0px; '><section class=\"av_textblock_section \"  itemscope=\"itemscope\" itemtype=\"https:\/\/schema.org\/BlogPosting\" itemprop=\"blogPost\" ><div class='avia_textblock  '   itemprop=\"text\" ><p style=\"text-align: center;\"><strong><span style=\"font-size: 18pt;\">\u201cMujeres con Energ\u00eda\u201d de Edelaysen premia a emprendedoras de la regi\u00f3n<\/span><\/strong><\/p>\n<div id=\"gtx-trans\" style=\"position: absolute; left: -50px; top: 4.31534px;\">\n<div class=\"gtx-trans-icon\"><\/div>\n<\/div>\n<\/div><\/section><\/div><div class=\"flex_column av_one_full  flex_column_div av-zero-column-padding first  avia-builder-el-4  el_after_av_one_full  el_before_av_hr  column-top-margin\" style='border-radius:0px; '><section class=\"av_textblock_section \"  itemscope=\"itemscope\" itemtype=\"https:\/\/schema.org\/BlogPosting\" itemprop=\"blogPost\" ><div class='avia_textblock  '   itemprop=\"text\" ><p style=\"text-align: justify;\"><em>Las 24 mejores alumnas de la 4\u00b0 Academia de Emprendimiento, impulsada por Grupo Saesa, fueron reconocidas con la entrega de $1 mill\u00f3n para incentivar el desarrollo de sus proyectos de negocios.<\/em><\/p>\n<p style=\"text-align: justify;\">Tras cinco semanas de capacitaci\u00f3n culmin\u00f3 la cuarta versi\u00f3n del programa \u201cMujeres con Energ\u00eda\u201d de Grupo Saesa, en la que participaron m\u00e1s de 130 emprendedoras del sur del pa\u00eds.<\/p>\n<p style=\"text-align: justify;\">De las alumnas, Grupo Saesa premi\u00f3 a aquellas con mejores calificaciones, entreg\u00e1ndoles un mill\u00f3n de pesos de libre disposici\u00f3n.<\/p>\n<p style=\"text-align: justify;\">En Edelaysen, las ganadoras fueron Ana Mar\u00eda Jim\u00e9nez de la localidad de Ma\u00f1ihuales quien tiene un hospedaje y lavander\u00eda; Karen Izamar de la comuna de Cochrane con el emprendimiento de embutidos artesanales y M\u00f3nica Elgueta de la comuna de Chait\u00e9n quien tiene un local comercial.<\/p>\n<p style=\"text-align: justify;\">De acuerdo con ello, Ana Mar\u00eda Jim\u00e9nez,\u00a0una de las emprendedoras destacada por sus calificaciones, quien orgullosa manifest\u00f3 que: \u201cMe gust\u00f3 mucho el curso aparte que igual hay que agradecer, porque son cursos car\u00edsimos que uno nunca los va a tomar y tambi\u00e9n agradecerle a Edelaysen por este premio que me entreg\u00f3 porque es primera vez que me gano un premio, as\u00ed que muy agradecida y lo otro, el premio voy a ver en qu\u00e9 lo voy a invertir pero de seguro va a ser en mi hospedaje, en lavander\u00eda, en alguna cosa lo voy a invertir as\u00ed que muchas gracias por el premio\u201d.<\/p>\n<p style=\"text-align: justify;\">\u201cComo\u00a0Edelaysen estamos muy orgullosos de la acogida que tuvo entre las clientas esta nueva edici\u00f3n de nuestro programa en la regi\u00f3n. La academia es una oportunidad que busca impactar positivamente en sus emprendimientos, empoderarlas y brindarles herramientas que sean de utilidad para estas mujeres del sur del pa\u00eds. As\u00ed transformamos y mejoramos vidas para clientas, familias y comunidades\u201d, destac\u00f3 el jefe de Servicio al Cliente Patricio Raimilla.<\/p>\n<p style=\"text-align: justify;\">A trav\u00e9s del reconocimiento y la capacitaci\u00f3n, \u201cMujeres con Energ\u00eda\u201d busca ser un aporte para aquellas mujeres empresarias y trabajadoras de todas las edades -desde \u00d1uble a Ays\u00e9n, con negocios de primera o segunda categor\u00eda. Al finalizar esta nueva versi\u00f3n de la academia,\u00a0el programa de Grupo Saesa ya ha apoyado a m\u00e1s de 300 emprendedoras pertenecientes a las comunidades de los territorios en los que opera con\u00a0clases virtuales, en coordinaci\u00f3n con el Centro de Negocios Puerto Varas de Sercotec y el Instituto Profesional AIEP.<\/p>\n<\/div><\/section><\/div><\/p>\n<div  style='height:50px' class='hr hr-invisible   avia-builder-el-6  el_after_av_one_full  el_before_av_social_share '><span class='hr-inner ' ><span class='hr-inner-style'><\/span><\/span><\/div>\n<div  class='av-social-sharing-box  avia-builder-el-7  el_after_av_hr  el_before_av_hr  '><div class='av-share-box'><h5 class='av-share-link-description av-no-toc '>Compartir esta noticia<\/h5><ul class='av-share-box-list noLightbox'><li class='av-share-link av-social-link-facebook' ><a target=\"_blank\" aria-label=\"Compartir en Facebook\" href='https:\/\/www.facebook.com\/sharer.php?u=https:\/\/radiorevelacionfm.cl\/?p=35494&#038;t=%E2%80%9CMujeres%20con%20Energ%C3%ADa%E2%80%9D%20de%20Edelaysen%20premia%20a%20emprendedoras%20de%20la%20regi%C3%B3n' aria-hidden='false' data-av_icon='\ue8f3' data-av_iconfont='entypo-fontello' title='' data-avia-related-tooltip='Compartir en Facebook' rel=\"noopener\"><span class='avia_hidden_link_text'>Compartir en Facebook<\/span><\/a><\/li><li class='av-share-link av-social-link-twitter' ><a target=\"_blank\" aria-label=\"Compartir en Twitter\" href='https:\/\/twitter.com\/share?text=%E2%80%9CMujeres%20con%20Energ%C3%ADa%E2%80%9D%20de%20Edelaysen%20premia%20a%20emprendedoras%20de%20la%20regi%C3%B3n&#038;url=https:\/\/radiorevelacionfm.cl\/?p=35494' aria-hidden='false' data-av_icon='\ue8f1' data-av_iconfont='entypo-fontello' title='' data-avia-related-tooltip='Compartir en Twitter' rel=\"noopener\"><span class='avia_hidden_link_text'>Compartir en Twitter<\/span><\/a><\/li><li class='av-share-link av-social-link-whatsapp' ><a target=\"_blank\" aria-label=\"Compartir en Whatsapp\" href='https:\/\/api.whatsapp.com\/send?text=https:\/\/radiorevelacionfm.cl\/?p=35494' aria-hidden='false' data-av_icon='\uf232' data-av_iconfont='entypo-fontello' title='' data-avia-related-tooltip='Compartir en Whatsapp' rel=\"noopener\"><span class='avia_hidden_link_text'>Compartir en Whatsapp<\/span><\/a><\/li><li class='av-share-link av-social-link-linkedin' ><a target=\"_blank\" aria-label=\"Compartir en LinkedIn\" href='https:\/\/linkedin.com\/shareArticle?mini=true&#038;title=%E2%80%9CMujeres%20con%20Energ%C3%ADa%E2%80%9D%20de%20Edelaysen%20premia%20a%20emprendedoras%20de%20la%20regi%C3%B3n&#038;url=https:\/\/radiorevelacionfm.cl\/?p=35494' aria-hidden='false' data-av_icon='\ue8fc' data-av_iconfont='entypo-fontello' title='' data-avia-related-tooltip='Compartir en LinkedIn' rel=\"noopener\"><span class='avia_hidden_link_text'>Compartir en LinkedIn<\/span><\/a><\/li><li class='av-share-link av-social-link-mail' ><a  aria-label=\"Compartir por correo\" href='mailto:?subject=%E2%80%9CMujeres%20con%20Energ%C3%ADa%E2%80%9D%20de%20Edelaysen%20premia%20a%20emprendedoras%20de%20la%20regi%C3%B3n&#038;body=https:\/\/radiorevelacionfm.cl\/?p=35494' aria-hidden='false' data-av_icon='\ue805' data-av_iconfont='entypo-fontello' title='' data-avia-related-tooltip='Compartir por correo'><span class='avia_hidden_link_text'>Compartir por correo<\/span><\/a><\/li><\/ul><\/div><\/div>\n<div  style='height:50px' class='hr hr-invisible   avia-builder-el-8  el_after_av_social_share  el_before_av_comments_list '><span class='hr-inner ' ><span class='hr-inner-style'><\/span><\/span><\/div>\n<div  class='av-buildercomment  av-blog-meta-html-info-disabled av-blog-meta-tag-disabled  '><\/div>\n","protected":false},"excerpt":{"rendered":"","protected":false},"author":1,"featured_media":35496,"comment_status":"open","ping_status":"open","sticky":false,"template":"","format":"standard","meta":{"footnotes":""},"categories":[38],"tags":[],"class_list":["post-35494","post","type-post","status-publish","format-standard","has-post-thumbnail","hentry","category-regional"],"jetpack_featured_media_url":"https:\/\/radiorevelacionfm.cl\/wp-content\/uploads\/2023\/09\/MUJERES-CON-ENERGIA-ANA-MARIA-3-1-1.jpeg","_links":{"self":[{"href":"https:\/\/radiorevelacionfm.cl\/index.php?rest_route=\/wp\/v2\/posts\/35494","targetHints":{"allow":["GET"]}}],"collection":[{"href":"https:\/\/radiorevelacionfm.cl\/index.php?rest_route=\/wp\/v2\/posts"}],"about":[{"href":"https:\/\/radiorevelacionfm.cl\/index.php?rest_route=\/wp\/v2\/types\/post"}],"author":[{"embeddable":true,"href":"https:\/\/radiorevelacionfm.cl\/index.php?rest_route=\/wp\/v2\/users\/1"}],"replies":[{"embeddable":true,"href":"https:\/\/radiorevelacionfm.cl\/index.php?rest_route=%2Fwp%2Fv2%2Fcomments&post=35494"}],"version-history":[{"count":2,"href":"https:\/\/radiorevelacionfm.cl\/index.php?rest_route=\/wp\/v2\/posts\/35494\/revisions"}],"predecessor-version":[{"id":35498,"href":"https:\/\/radiorevelacionfm.cl\/index.php?rest_route=\/wp\/v2\/posts\/35494\/revisions\/35498"}],"wp:featuredmedia":[{"embeddable":true,"href":"https:\/\/radiorevelacionfm.cl\/index.php?rest_route=\/wp\/v2\/media\/35496"}],"wp:attachment":[{"href":"https:\/\/radiorevelacionfm.cl\/index.php?rest_route=%2Fwp%2Fv2%2Fmedia&parent=35494"}],"wp:term":[{"taxonomy":"category","embeddable":true,"href":"https:\/\/radiorevelacionfm.cl\/index.php?rest_route=%2Fwp%2Fv2%2Fcategories&post=35494"},{"taxonomy":"post_tag","embeddable":true,"href":"https:\/\/radiorevelacionfm.cl\/index.php?rest_route=%2Fwp%2Fv2%2Ftags&post=35494"}],"curies":[{"name":"wp","href":"https:\/\/api.w.org\/{rel}","templated":true}]}}