{"id":35490,"date":"2023-09-29T19:44:48","date_gmt":"2023-09-29T22:44:48","guid":{"rendered":"https:\/\/radiorevelacionfm.cl\/?p=35490"},"modified":"2023-09-29T19:44:48","modified_gmt":"2023-09-29T22:44:48","slug":"recuperan-vehiculo-sustraido-a-taxista-en-puerto-aysen-y-continua-busqueda-de-autores-del-hecho","status":"publish","type":"post","link":"https:\/\/radiorevelacionfm.cl\/?p=35490","title":{"rendered":"Recuperan veh\u00edculo sustra\u00eddo a taxista en Puerto Ays\u00e9n y contin\u00faa b\u00fasqueda de autores del hecho"},"content":{"rendered":"<div class=\"flex_column av_one_full  flex_column_div av-zero-column-padding first  avia-builder-el-0  el_before_av_one_full  avia-builder-el-first  \" style='border-radius:0px; '><div  class='avia-image-container  av-styling-    avia-builder-el-1  avia-builder-el-no-sibling  avia-align-center '  itemprop=\"image\" itemscope=\"itemscope\" itemtype=\"https:\/\/schema.org\/ImageObject\"  ><div class='avia-image-container-inner'><div class='avia-image-overlay-wrap'><img decoding=\"async\" class='wp-image-35491 avia-img-lazy-loading-not-35491 avia_image' src=\"https:\/\/radiorevelacionfm.cl\/wp-content\/uploads\/2023\/09\/ba6b8494-5819-42c6-82b4-936ecb1b4776_optimized-1_optimized-1.jpg\" alt='' title='ba6b8494-5819-42c6-82b4-936ecb1b4776_optimized-(1)_optimized (1)' height=\"682\" width=\"764\"  itemprop=\"thumbnailUrl\" srcset=\"https:\/\/radiorevelacionfm.cl\/wp-content\/uploads\/2023\/09\/ba6b8494-5819-42c6-82b4-936ecb1b4776_optimized-1_optimized-1.jpg 764w, https:\/\/radiorevelacionfm.cl\/wp-content\/uploads\/2023\/09\/ba6b8494-5819-42c6-82b4-936ecb1b4776_optimized-1_optimized-1-300x268.jpg 300w, https:\/\/radiorevelacionfm.cl\/wp-content\/uploads\/2023\/09\/ba6b8494-5819-42c6-82b4-936ecb1b4776_optimized-1_optimized-1-705x629.jpg 705w, https:\/\/radiorevelacionfm.cl\/wp-content\/uploads\/2023\/09\/ba6b8494-5819-42c6-82b4-936ecb1b4776_optimized-1_optimized-1-450x402.jpg 450w, https:\/\/radiorevelacionfm.cl\/wp-content\/uploads\/2023\/09\/ba6b8494-5819-42c6-82b4-936ecb1b4776_optimized-1_optimized-1-600x536.jpg 600w\" sizes=\"(max-width: 764px) 100vw, 764px\" \/><\/div><\/div><\/div><\/div><div class=\"flex_column av_one_full  flex_column_div av-zero-column-padding first  avia-builder-el-2  el_after_av_one_full  el_before_av_one_full  column-top-margin\" style='border-radius:0px; '><section class=\"av_textblock_section \"  itemscope=\"itemscope\" itemtype=\"https:\/\/schema.org\/BlogPosting\" itemprop=\"blogPost\" ><div class='avia_textblock  '   itemprop=\"text\" ><p style=\"text-align: center;\"><strong><span style=\"font-size: 18pt;\">Recuperan veh\u00edculo sustra\u00eddo a taxista en Puerto Ays\u00e9n y contin\u00faa b\u00fasqueda de autores del hecho<\/span><\/strong><\/p>\n<div id=\"gtx-trans\" style=\"position: absolute; left: -50px; top: 4.31534px;\">\n<div class=\"gtx-trans-icon\"><\/div>\n<\/div>\n<\/div><\/section><\/div><div class=\"flex_column av_one_full  flex_column_div av-zero-column-padding first  avia-builder-el-4  el_after_av_one_full  el_before_av_hr  column-top-margin\" style='border-radius:0px; '><section class=\"av_textblock_section \"  itemscope=\"itemscope\" itemtype=\"https:\/\/schema.org\/BlogPosting\" itemprop=\"blogPost\" ><div class='avia_textblock  '   itemprop=\"text\" ><p class=\"v1MsoNormal\" style=\"text-align: justify;\">Diligencias desarrolladas por Carabineros de la 2da. Comisar\u00eda de Puerto Ays\u00e9n permitieron recuperar un taxi b\u00e1sico que desconocidos sustrajeron a su conductor la tarde del jueves tras haber sido intimidado mediante arma blanca camino al sector Bah\u00eda Acantilada.<\/p>\n<p class=\"v1MsoNormal\" style=\"text-align: justify;\">Seg\u00fan los primeros antecedentes, el transportista -tras un comunicado- recogi\u00f3 a dos pasajeros en el sector central de la ciudad, quienes le solicitaron ser trasladados hacia el sector rural antes mencionado, siendo intimidado en el trayecto -resultando con lesiones leves- y abandonado en el lugar, sufriendo la sustracci\u00f3n del m\u00f3vil.<\/p>\n<p class=\"v1MsoNormal\" style=\"text-align: justify;\">\u00abEn horas de la noche, Carabineros recibi\u00f3 un comunicado al nivel de emergencias 133, donde un conductor denunciaba que le hab\u00edan sustra\u00eddo su taxi b\u00e1sico mientras se encontraba trabajando. Los Carabineros se entrevistan con la v\u00edctima quien se\u00f1ala que fue requerido para realizar una carrera y en ese instante en que se desplazaba hacia su destino, uno de los individuos lo abord\u00f3 por la espalda, mientras que el acompa\u00f1ante que se encontraba en el asiento del copiloto lo intimid\u00f3 con un arma blanca, lo hicieron descender del veh\u00edculo y le sustraen el taxi b\u00e1sico y se dan a la fuga\u00bb, indic\u00f3 el Comisario de Puerto Ays\u00e9n, Teniente Coronel Patricio Bustos.<\/p>\n<p class=\"v1MsoNormal\" style=\"text-align: justify;\">Diligencias desarrolladas por Carabineros permiti\u00f3 en horas de la madrugada localizar el m\u00f3vil en un sector rural de la comuna, en tanto que las indagatorias contin\u00faan a cargo de personal especializado.<\/p>\n<p class=\"v1MsoNormal\" style=\"text-align: justify;\">\u00abEn horas de la madrugada, nuestros carabineros que se encontraban de servicio encontraron el m\u00f3vil, siendo los antecedentes comunicados al Ministerio P\u00fablico, donde el fiscal de turno dispuso diligencias de investigaci\u00f3n por parte del Laboratorio de Criminal\u00edstica (Labocar), como tambi\u00e9n de la Secci\u00f3n de Investigaci\u00f3n Policial (SIP) de la 2da. Comisar\u00eda\u00bb, indic\u00f3 el Oficial Jefe.<\/p>\n<p class=\"v1MsoNormal\" style=\"text-align: justify;\">Hasta el cierre de esta edici\u00f3n, el personal especializado contin\u00faa el desarrollo de diversas diligencias de su especialidad, empadronamientos de testigos, b\u00fasqueda de registros de c\u00e1maras de seguridad, sumado al trabajo con la Central C\u00e1maras de Seguridad del municipio, orientados a establecer el recorrido y esclarecer el hecho.<\/p>\n<p class=\"v1MsoNormal\" style=\"text-align: justify;\">Cabe hacer presente que, desde el mes de enero al 24 de septiembre del presente a\u00f1o, Carabineros ha recuperado un total de 26 veh\u00edculos sustra\u00eddos en la regi\u00f3n de Ays\u00e9n y ha detenido a 130 personas por receptaci\u00f3n y robo.<\/p>\n<\/div><\/section><\/div><div  style='height:50px' class='hr hr-invisible   avia-builder-el-6  el_after_av_one_full  el_before_av_social_share '><span class='hr-inner ' ><span class='hr-inner-style'><\/span><\/span><\/div><\/p>\n<div  class='av-social-sharing-box  avia-builder-el-7  el_after_av_hr  el_before_av_hr  '><div class='av-share-box'><h5 class='av-share-link-description av-no-toc '>Compartir esta noticia<\/h5><ul class='av-share-box-list noLightbox'><li class='av-share-link av-social-link-facebook' ><a target=\"_blank\" aria-label=\"Compartir en Facebook\" href='https:\/\/www.facebook.com\/sharer.php?u=https:\/\/radiorevelacionfm.cl\/?p=35490&#038;t=Recuperan%20veh%C3%ADculo%20sustra%C3%ADdo%20a%20taxista%20en%20Puerto%20Ays%C3%A9n%20y%20contin%C3%BAa%20b%C3%BAsqueda%20de%20autores%20del%20hecho' aria-hidden='false' data-av_icon='\ue8f3' data-av_iconfont='entypo-fontello' title='' data-avia-related-tooltip='Compartir en Facebook' rel=\"noopener\"><span class='avia_hidden_link_text'>Compartir en Facebook<\/span><\/a><\/li><li class='av-share-link av-social-link-twitter' ><a target=\"_blank\" aria-label=\"Compartir en Twitter\" href='https:\/\/twitter.com\/share?text=Recuperan%20veh%C3%ADculo%20sustra%C3%ADdo%20a%20taxista%20en%20Puerto%20Ays%C3%A9n%20y%20contin%C3%BAa%20b%C3%BAsqueda%20de%20autores%20del%20hecho&#038;url=https:\/\/radiorevelacionfm.cl\/?p=35490' aria-hidden='false' data-av_icon='\ue8f1' data-av_iconfont='entypo-fontello' title='' data-avia-related-tooltip='Compartir en Twitter' rel=\"noopener\"><span class='avia_hidden_link_text'>Compartir en Twitter<\/span><\/a><\/li><li class='av-share-link av-social-link-whatsapp' ><a target=\"_blank\" aria-label=\"Compartir en Whatsapp\" href='https:\/\/api.whatsapp.com\/send?text=https:\/\/radiorevelacionfm.cl\/?p=35490' aria-hidden='false' data-av_icon='\uf232' data-av_iconfont='entypo-fontello' title='' data-avia-related-tooltip='Compartir en Whatsapp' rel=\"noopener\"><span class='avia_hidden_link_text'>Compartir en Whatsapp<\/span><\/a><\/li><li class='av-share-link av-social-link-linkedin' ><a target=\"_blank\" aria-label=\"Compartir en LinkedIn\" href='https:\/\/linkedin.com\/shareArticle?mini=true&#038;title=Recuperan%20veh%C3%ADculo%20sustra%C3%ADdo%20a%20taxista%20en%20Puerto%20Ays%C3%A9n%20y%20contin%C3%BAa%20b%C3%BAsqueda%20de%20autores%20del%20hecho&#038;url=https:\/\/radiorevelacionfm.cl\/?p=35490' aria-hidden='false' data-av_icon='\ue8fc' data-av_iconfont='entypo-fontello' title='' data-avia-related-tooltip='Compartir en LinkedIn' rel=\"noopener\"><span class='avia_hidden_link_text'>Compartir en LinkedIn<\/span><\/a><\/li><li class='av-share-link av-social-link-mail' ><a  aria-label=\"Compartir por correo\" href='mailto:?subject=Recuperan%20veh%C3%ADculo%20sustra%C3%ADdo%20a%20taxista%20en%20Puerto%20Ays%C3%A9n%20y%20contin%C3%BAa%20b%C3%BAsqueda%20de%20autores%20del%20hecho&#038;body=https:\/\/radiorevelacionfm.cl\/?p=35490' aria-hidden='false' data-av_icon='\ue805' data-av_iconfont='entypo-fontello' title='' data-avia-related-tooltip='Compartir por correo'><span class='avia_hidden_link_text'>Compartir por correo<\/span><\/a><\/li><\/ul><\/div><\/div>\n<div  style='height:50px' class='hr hr-invisible   avia-builder-el-8  el_after_av_social_share  el_before_av_comments_list '><span class='hr-inner ' ><span class='hr-inner-style'><\/span><\/span><\/div>\n<div  class='av-buildercomment  av-blog-meta-html-info-disabled av-blog-meta-tag-disabled  '><\/div>\n","protected":false},"excerpt":{"rendered":"","protected":false},"author":1,"featured_media":35491,"comment_status":"open","ping_status":"open","sticky":false,"template":"","format":"standard","meta":{"footnotes":""},"categories":[36],"tags":[],"class_list":["post-35490","post","type-post","status-publish","format-standard","has-post-thumbnail","hentry","category-policial"],"jetpack_featured_media_url":"https:\/\/radiorevelacionfm.cl\/wp-content\/uploads\/2023\/09\/ba6b8494-5819-42c6-82b4-936ecb1b4776_optimized-1_optimized-1.jpg","_links":{"self":[{"href":"https:\/\/radiorevelacionfm.cl\/index.php?rest_route=\/wp\/v2\/posts\/35490","targetHints":{"allow":["GET"]}}],"collection":[{"href":"https:\/\/radiorevelacionfm.cl\/index.php?rest_route=\/wp\/v2\/posts"}],"about":[{"href":"https:\/\/radiorevelacionfm.cl\/index.php?rest_route=\/wp\/v2\/types\/post"}],"author":[{"embeddable":true,"href":"https:\/\/radiorevelacionfm.cl\/index.php?rest_route=\/wp\/v2\/users\/1"}],"replies":[{"embeddable":true,"href":"https:\/\/radiorevelacionfm.cl\/index.php?rest_route=%2Fwp%2Fv2%2Fcomments&post=35490"}],"version-history":[{"count":1,"href":"https:\/\/radiorevelacionfm.cl\/index.php?rest_route=\/wp\/v2\/posts\/35490\/revisions"}],"predecessor-version":[{"id":35492,"href":"https:\/\/radiorevelacionfm.cl\/index.php?rest_route=\/wp\/v2\/posts\/35490\/revisions\/35492"}],"wp:featuredmedia":[{"embeddable":true,"href":"https:\/\/radiorevelacionfm.cl\/index.php?rest_route=\/wp\/v2\/media\/35491"}],"wp:attachment":[{"href":"https:\/\/radiorevelacionfm.cl\/index.php?rest_route=%2Fwp%2Fv2%2Fmedia&parent=35490"}],"wp:term":[{"taxonomy":"category","embeddable":true,"href":"https:\/\/radiorevelacionfm.cl\/index.php?rest_route=%2Fwp%2Fv2%2Fcategories&post=35490"},{"taxonomy":"post_tag","embeddable":true,"href":"https:\/\/radiorevelacionfm.cl\/index.php?rest_route=%2Fwp%2Fv2%2Ftags&post=35490"}],"curies":[{"name":"wp","href":"https:\/\/api.w.org\/{rel}","templated":true}]}}