{"id":35487,"date":"2023-09-30T11:00:52","date_gmt":"2023-09-30T14:00:52","guid":{"rendered":"https:\/\/radiorevelacionfm.cl\/?p=35487"},"modified":"2023-09-30T11:00:52","modified_gmt":"2023-09-30T14:00:52","slug":"enfasis-en-la-reactivacion-economica-y-derechos-sociales-destacan-en-proyecto-de-presupuesto-fiscal-2024","status":"publish","type":"post","link":"https:\/\/radiorevelacionfm.cl\/?p=35487","title":{"rendered":"\u00c9nfasis en la reactivaci\u00f3n econ\u00f3mica y derechos sociales destacan en proyecto de presupuesto fiscal 2024"},"content":{"rendered":"<div class=\"flex_column av_one_full  flex_column_div av-zero-column-padding first  avia-builder-el-0  el_before_av_one_full  avia-builder-el-first  \" style='border-radius:0px; '><div  class='avia-image-container  av-styling-    avia-builder-el-1  avia-builder-el-no-sibling  avia-align-center '  itemprop=\"image\" itemscope=\"itemscope\" itemtype=\"https:\/\/schema.org\/ImageObject\"  ><div class='avia-image-container-inner'><div class='avia-image-overlay-wrap'><img decoding=\"async\" class='wp-image-35488 avia-img-lazy-loading-not-35488 avia_image' src=\"https:\/\/radiorevelacionfm.cl\/wp-content\/uploads\/2023\/09\/b-2-1-1.jpeg\" alt='' title='b (2) (1) (1)' height=\"600\" width=\"1079\"  itemprop=\"thumbnailUrl\" srcset=\"https:\/\/radiorevelacionfm.cl\/wp-content\/uploads\/2023\/09\/b-2-1-1.jpeg 1079w, https:\/\/radiorevelacionfm.cl\/wp-content\/uploads\/2023\/09\/b-2-1-1-300x167.jpeg 300w, https:\/\/radiorevelacionfm.cl\/wp-content\/uploads\/2023\/09\/b-2-1-1-1030x573.jpeg 1030w, https:\/\/radiorevelacionfm.cl\/wp-content\/uploads\/2023\/09\/b-2-1-1-768x427.jpeg 768w, https:\/\/radiorevelacionfm.cl\/wp-content\/uploads\/2023\/09\/b-2-1-1-705x392.jpeg 705w, https:\/\/radiorevelacionfm.cl\/wp-content\/uploads\/2023\/09\/b-2-1-1-450x250.jpeg 450w, https:\/\/radiorevelacionfm.cl\/wp-content\/uploads\/2023\/09\/b-2-1-1-600x334.jpeg 600w\" sizes=\"(max-width: 1079px) 100vw, 1079px\" \/><\/div><\/div><\/div><\/div><div class=\"flex_column av_one_full  flex_column_div av-zero-column-padding first  avia-builder-el-2  el_after_av_one_full  el_before_av_one_full  column-top-margin\" style='border-radius:0px; '><section class=\"av_textblock_section \"  itemscope=\"itemscope\" itemtype=\"https:\/\/schema.org\/BlogPosting\" itemprop=\"blogPost\" ><div class='avia_textblock  '   itemprop=\"text\" ><p style=\"text-align: center;\"><span style=\"font-size: 18pt;\"><b>\u00c9nfasis en la reactivaci\u00f3n econ\u00f3mica y derechos sociales destacan en proyecto de presupuesto fiscal 2024<\/b><\/span><\/p>\n<div id=\"gtx-trans\" style=\"position: absolute; left: -50px; top: 4.31534px;\">\n<div class=\"gtx-trans-icon\"><\/div>\n<\/div>\n<\/div><\/section><\/div><div class=\"flex_column av_one_full  flex_column_div av-zero-column-padding first  avia-builder-el-4  el_after_av_one_full  el_before_av_hr  column-top-margin\" style='border-radius:0px; '><section class=\"av_textblock_section \"  itemscope=\"itemscope\" itemtype=\"https:\/\/schema.org\/BlogPosting\" itemprop=\"blogPost\" ><div class='avia_textblock  '   itemprop=\"text\" ><p style=\"font-weight: 400; text-align: justify;\">El delegado presidencial Rodrigo Araya, destac\u00f3 la importancia que el Gobierno est\u00e1 dando a la reactivaci\u00f3n econ\u00f3mica en el proyecto de presupuesto fiscal 2024, que anunci\u00f3 este jueves el presidente Gabriel Boric. La autoridad regional indic\u00f3 que adem\u00e1s, se han establecido importantes aumentos de recursos para \u00e1reas como vivienda, salud y seguridad p\u00fablica, en el marco de un crecimiento del 3,5% global el gasto proyectado para el pr\u00f3ximo a\u00f1o.<\/p>\n<p style=\"font-weight: 400; text-align: justify;\">\u201cEs un presupuesto que vemos con esperanza porque habla de la reactivaci\u00f3n que viene el 2024. Nosotros hemos tenido como Gobierno un manejo responsable de los dineros fiscales. Por eso es que los indicadores econ\u00f3micos nos muestran un per\u00edodo de estabilidad y las \u00e1reas que vamos a fortalecer el pr\u00f3ximo a\u00f1o nos afectan directamente como regi\u00f3n\u201d, asegur\u00f3 el delegado.<\/p>\n<p style=\"font-weight: 400; text-align: justify;\">Los sectores que m\u00e1s crecer\u00edan en el presupuesto 2024 son los de salud, en 8,1%; vivienda, en 11,9%; educaci\u00f3n, en 4,2%; seguridad p\u00fablica, en 5,7%; emergencias, en 28%; cuidados, en 20% y cultura, en 6,8%. Para un \u00e1rea de alta sensibilidad como es la prevenci\u00f3n y combate de los incendios forestales, el Gobierno ha planteado un aumento del 28%.<\/p>\n<p style=\"font-weight: 400; text-align: justify;\">En el \u00e1rea de las proyecciones, se estima que a trav\u00e9s de la consolidaci\u00f3n de la inversi\u00f3n p\u00fablica, junto con el crecimiento de la econom\u00eda, se crear\u00e1n m\u00e1s de 100.000 empleos formales durante el 2024, en todo Chile.<\/p>\n<p style=\"font-weight: 400; text-align: justify;\">El delegado presidencial record\u00f3 que este a\u00f1o, el presupuesto del Gobierno se ha centrado en los ejes de la seguridad social, seguridad econ\u00f3mica y seguridad p\u00fablica y que esa priorizaci\u00f3n ha rendido frutos destacados.<\/p>\n<p style=\"font-weight: 400; text-align: justify;\">\u201cLa encuesta CASEN nos dice que hemos tenido los indicadores de pobreza m\u00e1s bajos en mucho tiempo, hemos contenido la inflaci\u00f3n y hemos tenido un manejo fiscal muy serio y efectivo. Pero tambi\u00e9n hemos avanzado en la jornada laboral de 40 horas y hemos instalado el Copago Cero. Tenemos por delante un escenario mucho mejor que cuando asumimos el Gobierno y los queremos invitar a participar activamente en el desarrollo de nuestro territorio\u201d, coment\u00f3 Rodrigo Araya.<\/p>\n<p style=\"font-weight: 400; text-align: justify;\">El proyecto de presupuesto fiscal del a\u00f1o 2024, anunciado por el presidente de la Rep\u00fablica, ser\u00e1 debatido en el Congreso Nacional, donde se definir\u00e1 su aprobaci\u00f3n.<\/p>\n<p style=\"font-weight: 400; text-align: justify;\">El delegado Rodrigo Araya afirm\u00f3 que para la regi\u00f3n de Ays\u00e9n este debate democr\u00e1tico es muy relevante, debido a que en nuestro territorio el rol del Estado es insustituible y que un adecuado financiamiento da esperanzas a las y los habitantes de las 10 comunas, de un mejor acceso a derechos como la salud y la seguridad p\u00fablica.<\/p>\n<\/div><\/section><\/div><div  style='height:50px' class='hr hr-invisible   avia-builder-el-6  el_after_av_one_full  el_before_av_social_share '><span class='hr-inner ' ><span class='hr-inner-style'><\/span><\/span><\/div><\/p>\n<div  class='av-social-sharing-box  avia-builder-el-7  el_after_av_hr  el_before_av_hr  '><div class='av-share-box'><h5 class='av-share-link-description av-no-toc '>Compartir esta noticia<\/h5><ul class='av-share-box-list noLightbox'><li class='av-share-link av-social-link-facebook' ><a target=\"_blank\" aria-label=\"Compartir en Facebook\" href='https:\/\/www.facebook.com\/sharer.php?u=https:\/\/radiorevelacionfm.cl\/?p=35487&#038;t=%C3%89nfasis%20en%20la%20reactivaci%C3%B3n%20econ%C3%B3mica%20y%20derechos%20sociales%20destacan%20en%20proyecto%20de%20presupuesto%20fiscal%202024' aria-hidden='false' data-av_icon='\ue8f3' data-av_iconfont='entypo-fontello' title='' data-avia-related-tooltip='Compartir en Facebook' rel=\"noopener\"><span class='avia_hidden_link_text'>Compartir en Facebook<\/span><\/a><\/li><li class='av-share-link av-social-link-twitter' ><a target=\"_blank\" aria-label=\"Compartir en Twitter\" href='https:\/\/twitter.com\/share?text=%C3%89nfasis%20en%20la%20reactivaci%C3%B3n%20econ%C3%B3mica%20y%20derechos%20sociales%20destacan%20en%20proyecto%20de%20presupuesto%20fiscal%202024&#038;url=https:\/\/radiorevelacionfm.cl\/?p=35487' aria-hidden='false' data-av_icon='\ue8f1' data-av_iconfont='entypo-fontello' title='' data-avia-related-tooltip='Compartir en Twitter' rel=\"noopener\"><span class='avia_hidden_link_text'>Compartir en Twitter<\/span><\/a><\/li><li class='av-share-link av-social-link-whatsapp' ><a target=\"_blank\" aria-label=\"Compartir en Whatsapp\" href='https:\/\/api.whatsapp.com\/send?text=https:\/\/radiorevelacionfm.cl\/?p=35487' aria-hidden='false' data-av_icon='\uf232' data-av_iconfont='entypo-fontello' title='' data-avia-related-tooltip='Compartir en Whatsapp' rel=\"noopener\"><span class='avia_hidden_link_text'>Compartir en Whatsapp<\/span><\/a><\/li><li class='av-share-link av-social-link-linkedin' ><a target=\"_blank\" aria-label=\"Compartir en LinkedIn\" href='https:\/\/linkedin.com\/shareArticle?mini=true&#038;title=%C3%89nfasis%20en%20la%20reactivaci%C3%B3n%20econ%C3%B3mica%20y%20derechos%20sociales%20destacan%20en%20proyecto%20de%20presupuesto%20fiscal%202024&#038;url=https:\/\/radiorevelacionfm.cl\/?p=35487' aria-hidden='false' data-av_icon='\ue8fc' data-av_iconfont='entypo-fontello' title='' data-avia-related-tooltip='Compartir en LinkedIn' rel=\"noopener\"><span class='avia_hidden_link_text'>Compartir en LinkedIn<\/span><\/a><\/li><li class='av-share-link av-social-link-mail' ><a  aria-label=\"Compartir por correo\" href='mailto:?subject=%C3%89nfasis%20en%20la%20reactivaci%C3%B3n%20econ%C3%B3mica%20y%20derechos%20sociales%20destacan%20en%20proyecto%20de%20presupuesto%20fiscal%202024&#038;body=https:\/\/radiorevelacionfm.cl\/?p=35487' aria-hidden='false' data-av_icon='\ue805' data-av_iconfont='entypo-fontello' title='' data-avia-related-tooltip='Compartir por correo'><span class='avia_hidden_link_text'>Compartir por correo<\/span><\/a><\/li><\/ul><\/div><\/div>\n<div  style='height:50px' class='hr hr-invisible   avia-builder-el-8  el_after_av_social_share  el_before_av_comments_list '><span class='hr-inner ' ><span class='hr-inner-style'><\/span><\/span><\/div>\n<div  class='av-buildercomment  av-blog-meta-html-info-disabled av-blog-meta-tag-disabled  '><\/div>\n","protected":false},"excerpt":{"rendered":"","protected":false},"author":1,"featured_media":35488,"comment_status":"open","ping_status":"open","sticky":false,"template":"","format":"standard","meta":{"footnotes":""},"categories":[38],"tags":[],"class_list":["post-35487","post","type-post","status-publish","format-standard","has-post-thumbnail","hentry","category-regional"],"jetpack_featured_media_url":"https:\/\/radiorevelacionfm.cl\/wp-content\/uploads\/2023\/09\/b-2-1-1.jpeg","_links":{"self":[{"href":"https:\/\/radiorevelacionfm.cl\/index.php?rest_route=\/wp\/v2\/posts\/35487","targetHints":{"allow":["GET"]}}],"collection":[{"href":"https:\/\/radiorevelacionfm.cl\/index.php?rest_route=\/wp\/v2\/posts"}],"about":[{"href":"https:\/\/radiorevelacionfm.cl\/index.php?rest_route=\/wp\/v2\/types\/post"}],"author":[{"embeddable":true,"href":"https:\/\/radiorevelacionfm.cl\/index.php?rest_route=\/wp\/v2\/users\/1"}],"replies":[{"embeddable":true,"href":"https:\/\/radiorevelacionfm.cl\/index.php?rest_route=%2Fwp%2Fv2%2Fcomments&post=35487"}],"version-history":[{"count":1,"href":"https:\/\/radiorevelacionfm.cl\/index.php?rest_route=\/wp\/v2\/posts\/35487\/revisions"}],"predecessor-version":[{"id":35489,"href":"https:\/\/radiorevelacionfm.cl\/index.php?rest_route=\/wp\/v2\/posts\/35487\/revisions\/35489"}],"wp:featuredmedia":[{"embeddable":true,"href":"https:\/\/radiorevelacionfm.cl\/index.php?rest_route=\/wp\/v2\/media\/35488"}],"wp:attachment":[{"href":"https:\/\/radiorevelacionfm.cl\/index.php?rest_route=%2Fwp%2Fv2%2Fmedia&parent=35487"}],"wp:term":[{"taxonomy":"category","embeddable":true,"href":"https:\/\/radiorevelacionfm.cl\/index.php?rest_route=%2Fwp%2Fv2%2Fcategories&post=35487"},{"taxonomy":"post_tag","embeddable":true,"href":"https:\/\/radiorevelacionfm.cl\/index.php?rest_route=%2Fwp%2Fv2%2Ftags&post=35487"}],"curies":[{"name":"wp","href":"https:\/\/api.w.org\/{rel}","templated":true}]}}