{"id":35478,"date":"2023-09-29T22:00:43","date_gmt":"2023-09-30T01:00:43","guid":{"rendered":"https:\/\/radiorevelacionfm.cl\/?p=35478"},"modified":"2023-09-29T22:00:43","modified_gmt":"2023-09-30T01:00:43","slug":"region-de-aysen-se-suma-a-campana-de-limpieza-de-playas","status":"publish","type":"post","link":"https:\/\/radiorevelacionfm.cl\/?p=35478","title":{"rendered":"Regi\u00f3n de Ays\u00e9n se suma a campa\u00f1a de limpieza de playas"},"content":{"rendered":"<div class=\"flex_column av_one_full  flex_column_div av-zero-column-padding first  avia-builder-el-0  el_before_av_one_full  avia-builder-el-first  \" style='border-radius:0px; '><div  class='avia-image-container  av-styling-    avia-builder-el-1  avia-builder-el-no-sibling  avia-align-center '  itemprop=\"image\" itemscope=\"itemscope\" itemtype=\"https:\/\/schema.org\/ImageObject\"  ><div class='avia-image-container-inner'><div class='avia-image-overlay-wrap'><img decoding=\"async\" class='wp-image-35479 avia-img-lazy-loading-not-35479 avia_image' src=\"https:\/\/radiorevelacionfm.cl\/wp-content\/uploads\/2023\/09\/20230929_134526753_ios-1-1_optimized-1.jpg\" alt='' title='20230929_134526753_ios-(1)-(1)_optimized (1)' height=\"600\" width=\"1067\"  itemprop=\"thumbnailUrl\" srcset=\"https:\/\/radiorevelacionfm.cl\/wp-content\/uploads\/2023\/09\/20230929_134526753_ios-1-1_optimized-1.jpg 1067w, https:\/\/radiorevelacionfm.cl\/wp-content\/uploads\/2023\/09\/20230929_134526753_ios-1-1_optimized-1-300x169.jpg 300w, https:\/\/radiorevelacionfm.cl\/wp-content\/uploads\/2023\/09\/20230929_134526753_ios-1-1_optimized-1-1030x579.jpg 1030w, https:\/\/radiorevelacionfm.cl\/wp-content\/uploads\/2023\/09\/20230929_134526753_ios-1-1_optimized-1-768x432.jpg 768w, https:\/\/radiorevelacionfm.cl\/wp-content\/uploads\/2023\/09\/20230929_134526753_ios-1-1_optimized-1-705x396.jpg 705w, https:\/\/radiorevelacionfm.cl\/wp-content\/uploads\/2023\/09\/20230929_134526753_ios-1-1_optimized-1-450x253.jpg 450w, https:\/\/radiorevelacionfm.cl\/wp-content\/uploads\/2023\/09\/20230929_134526753_ios-1-1_optimized-1-600x337.jpg 600w\" sizes=\"(max-width: 1067px) 100vw, 1067px\" \/><\/div><\/div><\/div><\/div><div class=\"flex_column av_one_full  flex_column_div av-zero-column-padding first  avia-builder-el-2  el_after_av_one_full  el_before_av_one_full  column-top-margin\" style='border-radius:0px; '><section class=\"av_textblock_section \"  itemscope=\"itemscope\" itemtype=\"https:\/\/schema.org\/BlogPosting\" itemprop=\"blogPost\" ><div class='avia_textblock  '   itemprop=\"text\" ><p style=\"text-align: center;\"><span style=\"font-size: 18pt;\"><strong>Regi\u00f3n de Ays\u00e9n se suma a campa\u00f1a de limpieza de playas<\/strong><\/span><\/p>\n<div id=\"gtx-trans\" style=\"position: absolute; left: -50px; top: 4.31534px;\">\n<div class=\"gtx-trans-icon\"><\/div>\n<\/div>\n<\/div><\/section><\/div><div class=\"flex_column av_one_full  flex_column_div av-zero-column-padding first  avia-builder-el-4  el_after_av_one_full  el_before_av_hr  column-top-margin\" style='border-radius:0px; '><section class=\"av_textblock_section \"  itemscope=\"itemscope\" itemtype=\"https:\/\/schema.org\/BlogPosting\" itemprop=\"blogPost\" ><div class='avia_textblock  '   itemprop=\"text\" ><p style=\"text-align: justify;\">Como ya es tradici\u00f3n, la \u00faltima semana de septiembre y ad portas al mes del medio ambiente, se activa la campa\u00f1a nacional de limpieza de playas liderada por Directemar junto a la colaboraci\u00f3n del ministerio del Medio Ambiente.<\/p>\n<p style=\"text-align: justify;\">Este viernes 29 y en conmemoraci\u00f3n del d\u00eda nacional de limpieza de playas, actores locales se reunieron en comitivas para recoger los residuos del borde costero de Puerto Chacabuco en playa Vi\u00f1a Mar; y en el Borde costero de la ribera sur del R\u00edo Ays\u00e9n en Puerto Ays\u00e9n.<\/p>\n<p style=\"text-align: justify;\">Las comitivas integradas cumplieron con la misi\u00f3n de la jornada, consistente en recoger masivamente desechos s\u00f3lidos para contribuir a la sensibilizaci\u00f3n de la comunidad en la modificaci\u00f3n de h\u00e1bitos, comportamientos y valores ambientales, remarcando que conductas poco sustentables y malos h\u00e1bitos provocan la contaminaci\u00f3n de \u00e9stos espacios, teniendo en consideraci\u00f3n que la existencia de residuos t\u00f3xicos en el mar, representa un problema a nivel mundial, que impacta negativamente sobre la biodiversidad, la salud p\u00fablica y las actividades productivas, recreativas y tur\u00edsticas que se desarrollan en nuestra regi\u00f3n y en todo el pa\u00eds.<\/p>\n<p style=\"text-align: justify;\">El Seremi del Medio Ambiente, Yoal D\u00edaz agradeci\u00f3 la colaboraci\u00f3n de los y las presentes en la actividad que sumaron 251 adultos, j\u00f3venes ni\u00f1os y ni\u00f1as \u201cEsta actividad ha sido un hito importante adem\u00e1s para la regi\u00f3n, por cuanto colabora con la sensibilizaci\u00f3n de una problem\u00e1tica que tenemos que es la gesti\u00f3n de residuos, tambi\u00e9n el cuidado que debemos tener en el respeto a los lugares que visitamos\u201d, declar\u00f3 la autoridad ambiental haciendo menci\u00f3n a los proyectos que ha llevado adelante la cartera del Medio Ambiente en materia de residuos como la ley REP, ley de pl\u00e1sticos de un solo uso y recientemente el proyecto de ley de residuos org\u00e1nicos, iniciativas cuyo \u00e9xito radica en la adherencia y compromiso ciudadano \u201cactividades como esta nos sirven porque se suman los ni\u00f1os, ni\u00f1as, industria y servicios p\u00fablicos a apoyar y este trabajo articulado vamos a seguir fortaleci\u00e9ndolo para una mejor gesti\u00f3n de los residuos\u201d, agreg\u00f3.<\/p>\n<p style=\"text-align: justify;\">As\u00ed tambi\u00e9n, seg\u00fan indic\u00f3 el Teniente primero y Capit\u00e1n de Puerto de Puerto Chacabuco, Sim\u00f3n Stuven, se recorri\u00f3\u00a0 una extensi\u00f3n de 2000 metros donde las cuadrillas recogieron m\u00e1s de 25 m3 de residuos de las playas, equivalentes a 1200 kg \u201cnos dividimos en dos sectores, agradecemos la participaci\u00f3n y el apoyo de muchos estudiantes, comunidad, empresas, municipio, la seremi del Medio Ambiente, la Armada, Carabineros y estamos muy contentos, lo importante de esto es la participaci\u00f3n de la ciudadan\u00eda y el cuidado del medio ambiente\u201d, destac\u00f3, relevando adem\u00e1s una invitaci\u00f3n a la comunidad a mejorar las pr\u00e1cticas y el cuidado de los espacios para que las jornadas de limpieza un d\u00eda dejen de ser necesarias.<\/p>\n<p style=\"text-align: justify;\">La actividad que est\u00e1 siendo replicada en todo el pa\u00eds forma parte del compromiso de las Fuerzas Armadas en el cuidado del medio ambiente en una acci\u00f3n, que a trav\u00e9s de la Armada y Directemar, se realiza en forma ininterrumpida desde 2008.<\/p>\n<p style=\"text-align: justify;\">Entre los residuos que fueron retirados de las playas se encontraron cabos, pl\u00e1sticos blandos y duros, vidrio y latas de bebida entre otros; un actor clave en la actividad fue la empresa de reciclajes Martino, que con el tren ecol\u00f3gico, que cuenta con el apoyo de Aquachile, realiz\u00f3 el retiro de los residuos reciclables \u201chacemos educaci\u00f3n ambiental y concientizamos principalmente con nuestro tren ecol\u00f3gico, hoy d\u00eda en puerto Chacabuco acompa\u00f1amos esta limpieza de playas que es una recolecci\u00f3n segregada, donde los residuos reciclables se van a una planta de reciclaje y los que no se llevar\u00e1n al relleno sanitario\u201d, concluy\u00f3.<\/p>\n<\/div><\/section><\/div><div  style='height:50px' class='hr hr-invisible   avia-builder-el-6  el_after_av_one_full  el_before_av_social_share '><span class='hr-inner ' ><span class='hr-inner-style'><\/span><\/span><\/div><\/p>\n<div  class='av-social-sharing-box  avia-builder-el-7  el_after_av_hr  el_before_av_hr  '><div class='av-share-box'><h5 class='av-share-link-description av-no-toc '>Compartir esta noticia<\/h5><ul class='av-share-box-list noLightbox'><li class='av-share-link av-social-link-facebook' ><a target=\"_blank\" aria-label=\"Compartir en Facebook\" href='https:\/\/www.facebook.com\/sharer.php?u=https:\/\/radiorevelacionfm.cl\/?p=35478&#038;t=Regi%C3%B3n%20de%20Ays%C3%A9n%20se%20suma%20a%20campa%C3%B1a%20de%20limpieza%20de%20playas' aria-hidden='false' data-av_icon='\ue8f3' data-av_iconfont='entypo-fontello' title='' data-avia-related-tooltip='Compartir en Facebook' rel=\"noopener\"><span class='avia_hidden_link_text'>Compartir en Facebook<\/span><\/a><\/li><li class='av-share-link av-social-link-twitter' ><a target=\"_blank\" aria-label=\"Compartir en Twitter\" href='https:\/\/twitter.com\/share?text=Regi%C3%B3n%20de%20Ays%C3%A9n%20se%20suma%20a%20campa%C3%B1a%20de%20limpieza%20de%20playas&#038;url=https:\/\/radiorevelacionfm.cl\/?p=35478' aria-hidden='false' data-av_icon='\ue8f1' data-av_iconfont='entypo-fontello' title='' data-avia-related-tooltip='Compartir en Twitter' rel=\"noopener\"><span class='avia_hidden_link_text'>Compartir en Twitter<\/span><\/a><\/li><li class='av-share-link av-social-link-whatsapp' ><a target=\"_blank\" aria-label=\"Compartir en Whatsapp\" href='https:\/\/api.whatsapp.com\/send?text=https:\/\/radiorevelacionfm.cl\/?p=35478' aria-hidden='false' data-av_icon='\uf232' data-av_iconfont='entypo-fontello' title='' data-avia-related-tooltip='Compartir en Whatsapp' rel=\"noopener\"><span class='avia_hidden_link_text'>Compartir en Whatsapp<\/span><\/a><\/li><li class='av-share-link av-social-link-linkedin' ><a target=\"_blank\" aria-label=\"Compartir en LinkedIn\" href='https:\/\/linkedin.com\/shareArticle?mini=true&#038;title=Regi%C3%B3n%20de%20Ays%C3%A9n%20se%20suma%20a%20campa%C3%B1a%20de%20limpieza%20de%20playas&#038;url=https:\/\/radiorevelacionfm.cl\/?p=35478' aria-hidden='false' data-av_icon='\ue8fc' data-av_iconfont='entypo-fontello' title='' data-avia-related-tooltip='Compartir en LinkedIn' rel=\"noopener\"><span class='avia_hidden_link_text'>Compartir en LinkedIn<\/span><\/a><\/li><li class='av-share-link av-social-link-mail' ><a  aria-label=\"Compartir por correo\" href='mailto:?subject=Regi%C3%B3n%20de%20Ays%C3%A9n%20se%20suma%20a%20campa%C3%B1a%20de%20limpieza%20de%20playas&#038;body=https:\/\/radiorevelacionfm.cl\/?p=35478' aria-hidden='false' data-av_icon='\ue805' data-av_iconfont='entypo-fontello' title='' data-avia-related-tooltip='Compartir por correo'><span class='avia_hidden_link_text'>Compartir por correo<\/span><\/a><\/li><\/ul><\/div><\/div>\n<div  style='height:50px' class='hr hr-invisible   avia-builder-el-8  el_after_av_social_share  el_before_av_comments_list '><span class='hr-inner ' ><span class='hr-inner-style'><\/span><\/span><\/div>\n<div  class='av-buildercomment  av-blog-meta-html-info-disabled av-blog-meta-tag-disabled  '><\/div>\n","protected":false},"excerpt":{"rendered":"","protected":false},"author":1,"featured_media":35479,"comment_status":"open","ping_status":"open","sticky":false,"template":"","format":"standard","meta":{"footnotes":""},"categories":[38],"tags":[],"class_list":["post-35478","post","type-post","status-publish","format-standard","has-post-thumbnail","hentry","category-regional"],"jetpack_featured_media_url":"https:\/\/radiorevelacionfm.cl\/wp-content\/uploads\/2023\/09\/20230929_134526753_ios-1-1_optimized-1.jpg","_links":{"self":[{"href":"https:\/\/radiorevelacionfm.cl\/index.php?rest_route=\/wp\/v2\/posts\/35478","targetHints":{"allow":["GET"]}}],"collection":[{"href":"https:\/\/radiorevelacionfm.cl\/index.php?rest_route=\/wp\/v2\/posts"}],"about":[{"href":"https:\/\/radiorevelacionfm.cl\/index.php?rest_route=\/wp\/v2\/types\/post"}],"author":[{"embeddable":true,"href":"https:\/\/radiorevelacionfm.cl\/index.php?rest_route=\/wp\/v2\/users\/1"}],"replies":[{"embeddable":true,"href":"https:\/\/radiorevelacionfm.cl\/index.php?rest_route=%2Fwp%2Fv2%2Fcomments&post=35478"}],"version-history":[{"count":1,"href":"https:\/\/radiorevelacionfm.cl\/index.php?rest_route=\/wp\/v2\/posts\/35478\/revisions"}],"predecessor-version":[{"id":35480,"href":"https:\/\/radiorevelacionfm.cl\/index.php?rest_route=\/wp\/v2\/posts\/35478\/revisions\/35480"}],"wp:featuredmedia":[{"embeddable":true,"href":"https:\/\/radiorevelacionfm.cl\/index.php?rest_route=\/wp\/v2\/media\/35479"}],"wp:attachment":[{"href":"https:\/\/radiorevelacionfm.cl\/index.php?rest_route=%2Fwp%2Fv2%2Fmedia&parent=35478"}],"wp:term":[{"taxonomy":"category","embeddable":true,"href":"https:\/\/radiorevelacionfm.cl\/index.php?rest_route=%2Fwp%2Fv2%2Fcategories&post=35478"},{"taxonomy":"post_tag","embeddable":true,"href":"https:\/\/radiorevelacionfm.cl\/index.php?rest_route=%2Fwp%2Fv2%2Ftags&post=35478"}],"curies":[{"name":"wp","href":"https:\/\/api.w.org\/{rel}","templated":true}]}}