{"id":35474,"date":"2023-09-29T16:09:03","date_gmt":"2023-09-29T19:09:03","guid":{"rendered":"https:\/\/radiorevelacionfm.cl\/?p=35474"},"modified":"2023-09-29T16:10:30","modified_gmt":"2023-09-29T19:10:30","slug":"raffaele-di-biase-y-programa-ruta-de-los-parques-de-la-patagonia-es-una-oportunidad-enorme-para-chile","status":"publish","type":"post","link":"https:\/\/radiorevelacionfm.cl\/?p=35474","title":{"rendered":"Raffaele Di Biase y Programa Ruta de Los Parques de la Patagonia: \u201cEs una oportunidad enorme para Chile\u201d"},"content":{"rendered":"<div class=\"flex_column av_one_full  flex_column_div av-zero-column-padding first  avia-builder-el-0  el_before_av_one_full  avia-builder-el-first  \" style='border-radius:0px; '><div  class='avia-image-container  av-styling-    avia-builder-el-1  avia-builder-el-no-sibling  avia-align-center '  itemprop=\"image\" itemscope=\"itemscope\" itemtype=\"https:\/\/schema.org\/ImageObject\"  ><div class='avia-image-container-inner'><div class='avia-image-overlay-wrap'><img decoding=\"async\" class='wp-image-35475 avia-img-lazy-loading-not-35475 avia_image' src=\"https:\/\/radiorevelacionfm.cl\/wp-content\/uploads\/2023\/09\/fotografia_dibiase-1-1.jpeg\" alt='' title='fotografia_dibiase (1) (1)' height=\"600\" width=\"900\"  itemprop=\"thumbnailUrl\" srcset=\"https:\/\/radiorevelacionfm.cl\/wp-content\/uploads\/2023\/09\/fotografia_dibiase-1-1.jpeg 900w, https:\/\/radiorevelacionfm.cl\/wp-content\/uploads\/2023\/09\/fotografia_dibiase-1-1-300x200.jpeg 300w, https:\/\/radiorevelacionfm.cl\/wp-content\/uploads\/2023\/09\/fotografia_dibiase-1-1-768x512.jpeg 768w, https:\/\/radiorevelacionfm.cl\/wp-content\/uploads\/2023\/09\/fotografia_dibiase-1-1-705x470.jpeg 705w, https:\/\/radiorevelacionfm.cl\/wp-content\/uploads\/2023\/09\/fotografia_dibiase-1-1-450x300.jpeg 450w, https:\/\/radiorevelacionfm.cl\/wp-content\/uploads\/2023\/09\/fotografia_dibiase-1-1-600x400.jpeg 600w\" sizes=\"(max-width: 900px) 100vw, 900px\" \/><\/div><\/div><\/div><\/div>\n<div class=\"flex_column av_one_full  flex_column_div av-zero-column-padding first  avia-builder-el-2  el_after_av_one_full  el_before_av_one_full  column-top-margin\" style='border-radius:0px; '><section class=\"av_textblock_section \"  itemscope=\"itemscope\" itemtype=\"https:\/\/schema.org\/BlogPosting\" itemprop=\"blogPost\" ><div class='avia_textblock  '   itemprop=\"text\" ><p style=\"text-align: center;\"><span style=\"font-size: 18pt;\"><b><span lang=\"es\">Raffaele Di Biase y Programa Ruta de Los Parques de la Patagonia: \u201cEs una oportunidad enorme para Chile\u201d<\/span><\/b><\/span><\/p>\n<div id=\"gtx-trans\" style=\"position: absolute; left: -50px; top: 4.31534px;\">\n<div class=\"gtx-trans-icon\"><\/div>\n<\/div>\n<\/div><\/section><\/div><div class=\"flex_column av_one_full  flex_column_div av-zero-column-padding first  avia-builder-el-4  el_after_av_one_full  el_before_av_hr  column-top-margin\" style='border-radius:0px; '><section class=\"av_textblock_section \"  itemscope=\"itemscope\" itemtype=\"https:\/\/schema.org\/BlogPosting\" itemprop=\"blogPost\" ><div class='avia_textblock  '   itemprop=\"text\" ><p style=\"font-weight: 400; text-align: justify;\">Como un \u201cproyecto so\u00f1ado\u201d y \u201cuna oportunidad enorme para Chile\u201d, calific\u00f3 Raffaele Di Biase, presidente del comit\u00e9 ejecutivo del Programa Estrat\u00e9gico Mesoregional Ruta de los Parques de la Patagonia, la iniciativa articulada por Corfo y que busca enlazar 17 parques nacionales como un destino de relevancia mundial y que busca dinamizar la actividad econ\u00f3mica a trav\u00e9s del turismo y mejorar la competitividad como consecuencia de la conservaci\u00f3n.<\/p>\n<p style=\"font-weight: 400; text-align: justify;\">Raffaele Di Biase, cofundador de BirdsChile, una de las empresas m\u00e1s prestigiosas de observaci\u00f3n de aves y fauna de Chile, es un connotado experto internacional en turismo de conservaci\u00f3n y encabeza el comit\u00e9 ejecutivo integrado por representantes p\u00fablicos y privados de las regiones de Los Lagos, Ays\u00e9n y Magallanes, instancia que tiene la responsabilidad de planificar y definir la gobernanza que regir\u00e1 el destino Ruta de Los Parques de la Patagonia en los pr\u00f3ximos a\u00f1os.<\/p>\n<p style=\"font-weight: 400; text-align: justify;\">Sobre el potencial mundial del proyecto que incorpora a tres regiones australes de Chile, destac\u00f3 que se trata de una oportunidad que ofrece grandes ventajas para posicionar al pa\u00eds como el primer destino de turismo como consecuencia de la conservaci\u00f3n.<\/p>\n<p><strong>M\u00daLTIPLES RECURSOS<\/strong><\/p>\n<p style=\"font-weight: 400; text-align: justify;\">\u201cEste proyecto re\u00fane en un s\u00f3lo macroterritorio de m\u00e1s de 2 mil kil\u00f3metros, m\u00e1s de 17 parques, incluidos tambi\u00e9n \u00e1reas silvestres privadas de conservaci\u00f3n, ecosistemas costeros, marinos, terrestres, los \u00faltimos bosques templados lluviosos, adem\u00e1s de bosques subant\u00e1rticos\u201d, enumera Di Biase, agregando que el proyecto no s\u00f3lo cuenta con los recursos naturales, sino que tambi\u00e9n se enfoca en proyectar destinos y experiencias que son tendencia a nivel global.<\/p>\n<p style=\"font-weight: 400; text-align: justify;\">Primero, indica que la pandemia gener\u00f3 un cambio cultural \u201cdonde cada vez m\u00e1s se est\u00e1 pensando en proyectar destinos y experiencias que antepongan el bienestar local de las personas, los territorios y en la salud de los ecosistemas\u201d.<\/p>\n<p style=\"font-weight: 400; text-align: justify;\">Como segundo aspecto, se refiere a la tendencia de los turistas de privilegiar actividades que promuevan quedarse m\u00e1s tiempo en los destinos, con \u201cvisitaciones con sentido, donde se considera el impacto que tienen los viajes y que se pueda distribuir el gasto del pasajero\u201d.<br \/>\nEn tercer t\u00e9rmino, profundiza el presidente del comit\u00e9 ejecutivo, \u201cestamos viviendo una emergencia clim\u00e1tica, por lo tanto, el turismo de conservaci\u00f3n tiene que tomar un rol activo, en cuanto a poder aportar a la mitigaci\u00f3n de la emergencia clim\u00e1tica y la proyecci\u00f3n de un turismo responsable, con sentido, de experiencias que pongan en valor a la cultura local, los ecosistemas, en este caso nuestros parques y nuestras \u00e1reas silvestres\u201d.<\/p>\n<p><strong>PROYECTO SO\u00d1ADO<\/strong><\/p>\n<p style=\"font-weight: 400; text-align: justify;\">\u201cPara m\u00ed es un proyecto so\u00f1ado y una oportunidad enorme del pa\u00eds y el sector turismo, de proyectarnos a nivel nacional e internacional, como un destino innovador, en cuanto a sostenibilidad, conservaci\u00f3n y turismo\u201d, apunta Raffaele Di Biase, responsable de BirdsChile, empresa premiada por sus pr\u00e1cticas de sustentabilidad y una de las pioneras y referentes en el desarrollo del turismo ornitol\u00f3gico en Chile.<\/p>\n<p style=\"font-weight: 400; text-align: justify;\">A su juicio, la Ruta de Los Parques tiene origen \u201cvirtuoso basado en la visi\u00f3n que tuvo y tiene la fundaci\u00f3n Tomkins (Rewilding Chile), de proyectar la ruta y proteger los territorios, para desarrollar actividades tur\u00edsticas que tengan como pilar la conservaci\u00f3n y la sustentabilidad\u201d.<\/p>\n<p style=\"font-weight: 400; text-align: justify;\">Asimismo, recuerda que el programa mesoregional surge como consecuencia de la expansi\u00f3n del exitoso programa territorial integrado de Corfo (PTI), ejecutado entre el 2020 y 2022 en la regi\u00f3n de Los Lagos.<\/p>\n<p style=\"font-weight: 400; text-align: justify;\">\u201cEstoy seguro de que este destino se puede transformar en uno de los m\u00e1s importantes del mundo, cuando estamos hablando de turismo como consecuencia de la conservaci\u00f3n y vinculaci\u00f3n con comunidad y territorio\u201d, enfatizando que el bienestar de los residentes locales ser\u00e1 considerado en la estrategia y \u201choja de ruta\u201d, concluye Raffaele Di Biase.<\/p>\n<\/div><\/section><\/div><\/p>\n<div  style='height:50px' class='hr hr-invisible   avia-builder-el-6  el_after_av_one_full  el_before_av_social_share '><span class='hr-inner ' ><span class='hr-inner-style'><\/span><\/span><\/div>\n<div  class='av-social-sharing-box  avia-builder-el-7  el_after_av_hr  el_before_av_hr  '><div class='av-share-box'><h5 class='av-share-link-description av-no-toc '>Compartir esta noticia<\/h5><ul class='av-share-box-list noLightbox'><li class='av-share-link av-social-link-facebook' ><a target=\"_blank\" aria-label=\"Compartir en Facebook\" href='https:\/\/www.facebook.com\/sharer.php?u=https:\/\/radiorevelacionfm.cl\/?p=35474&#038;t=Raffaele%20Di%20Biase%20y%20Programa%20Ruta%20de%20Los%20Parques%20de%20la%20Patagonia%3A%20%E2%80%9CEs%20una%20oportunidad%20enorme%20para%20Chile%E2%80%9D' aria-hidden='false' data-av_icon='\ue8f3' data-av_iconfont='entypo-fontello' title='' data-avia-related-tooltip='Compartir en Facebook' rel=\"noopener\"><span class='avia_hidden_link_text'>Compartir en Facebook<\/span><\/a><\/li><li class='av-share-link av-social-link-twitter' ><a target=\"_blank\" aria-label=\"Compartir en Twitter\" href='https:\/\/twitter.com\/share?text=Raffaele%20Di%20Biase%20y%20Programa%20Ruta%20de%20Los%20Parques%20de%20la%20Patagonia%3A%20%E2%80%9CEs%20una%20oportunidad%20enorme%20para%20Chile%E2%80%9D&#038;url=https:\/\/radiorevelacionfm.cl\/?p=35474' aria-hidden='false' data-av_icon='\ue8f1' data-av_iconfont='entypo-fontello' title='' data-avia-related-tooltip='Compartir en Twitter' rel=\"noopener\"><span class='avia_hidden_link_text'>Compartir en Twitter<\/span><\/a><\/li><li class='av-share-link av-social-link-whatsapp' ><a target=\"_blank\" aria-label=\"Compartir en Whatsapp\" href='https:\/\/api.whatsapp.com\/send?text=https:\/\/radiorevelacionfm.cl\/?p=35474' aria-hidden='false' data-av_icon='\uf232' data-av_iconfont='entypo-fontello' title='' data-avia-related-tooltip='Compartir en Whatsapp' rel=\"noopener\"><span class='avia_hidden_link_text'>Compartir en Whatsapp<\/span><\/a><\/li><li class='av-share-link av-social-link-linkedin' ><a target=\"_blank\" aria-label=\"Compartir en LinkedIn\" href='https:\/\/linkedin.com\/shareArticle?mini=true&#038;title=Raffaele%20Di%20Biase%20y%20Programa%20Ruta%20de%20Los%20Parques%20de%20la%20Patagonia%3A%20%E2%80%9CEs%20una%20oportunidad%20enorme%20para%20Chile%E2%80%9D&#038;url=https:\/\/radiorevelacionfm.cl\/?p=35474' aria-hidden='false' data-av_icon='\ue8fc' data-av_iconfont='entypo-fontello' title='' data-avia-related-tooltip='Compartir en LinkedIn' rel=\"noopener\"><span class='avia_hidden_link_text'>Compartir en LinkedIn<\/span><\/a><\/li><li class='av-share-link av-social-link-mail' ><a  aria-label=\"Compartir por correo\" href='mailto:?subject=Raffaele%20Di%20Biase%20y%20Programa%20Ruta%20de%20Los%20Parques%20de%20la%20Patagonia%3A%20%E2%80%9CEs%20una%20oportunidad%20enorme%20para%20Chile%E2%80%9D&#038;body=https:\/\/radiorevelacionfm.cl\/?p=35474' aria-hidden='false' data-av_icon='\ue805' data-av_iconfont='entypo-fontello' title='' data-avia-related-tooltip='Compartir por correo'><span class='avia_hidden_link_text'>Compartir por correo<\/span><\/a><\/li><\/ul><\/div><\/div>\n<div  style='height:50px' class='hr hr-invisible   avia-builder-el-8  el_after_av_social_share  el_before_av_comments_list '><span class='hr-inner ' ><span class='hr-inner-style'><\/span><\/span><\/div>\n<div  class='av-buildercomment  av-blog-meta-html-info-disabled av-blog-meta-tag-disabled  '><\/div>\n","protected":false},"excerpt":{"rendered":"","protected":false},"author":1,"featured_media":35475,"comment_status":"open","ping_status":"open","sticky":false,"template":"","format":"standard","meta":{"footnotes":""},"categories":[54],"tags":[],"class_list":["post-35474","post","type-post","status-publish","format-standard","has-post-thumbnail","hentry","category-turismo"],"jetpack_featured_media_url":"https:\/\/radiorevelacionfm.cl\/wp-content\/uploads\/2023\/09\/fotografia_dibiase-1-1.jpeg","_links":{"self":[{"href":"https:\/\/radiorevelacionfm.cl\/index.php?rest_route=\/wp\/v2\/posts\/35474","targetHints":{"allow":["GET"]}}],"collection":[{"href":"https:\/\/radiorevelacionfm.cl\/index.php?rest_route=\/wp\/v2\/posts"}],"about":[{"href":"https:\/\/radiorevelacionfm.cl\/index.php?rest_route=\/wp\/v2\/types\/post"}],"author":[{"embeddable":true,"href":"https:\/\/radiorevelacionfm.cl\/index.php?rest_route=\/wp\/v2\/users\/1"}],"replies":[{"embeddable":true,"href":"https:\/\/radiorevelacionfm.cl\/index.php?rest_route=%2Fwp%2Fv2%2Fcomments&post=35474"}],"version-history":[{"count":2,"href":"https:\/\/radiorevelacionfm.cl\/index.php?rest_route=\/wp\/v2\/posts\/35474\/revisions"}],"predecessor-version":[{"id":35477,"href":"https:\/\/radiorevelacionfm.cl\/index.php?rest_route=\/wp\/v2\/posts\/35474\/revisions\/35477"}],"wp:featuredmedia":[{"embeddable":true,"href":"https:\/\/radiorevelacionfm.cl\/index.php?rest_route=\/wp\/v2\/media\/35475"}],"wp:attachment":[{"href":"https:\/\/radiorevelacionfm.cl\/index.php?rest_route=%2Fwp%2Fv2%2Fmedia&parent=35474"}],"wp:term":[{"taxonomy":"category","embeddable":true,"href":"https:\/\/radiorevelacionfm.cl\/index.php?rest_route=%2Fwp%2Fv2%2Fcategories&post=35474"},{"taxonomy":"post_tag","embeddable":true,"href":"https:\/\/radiorevelacionfm.cl\/index.php?rest_route=%2Fwp%2Fv2%2Ftags&post=35474"}],"curies":[{"name":"wp","href":"https:\/\/api.w.org\/{rel}","templated":true}]}}