{"id":35471,"date":"2023-09-29T19:00:58","date_gmt":"2023-09-29T22:00:58","guid":{"rendered":"https:\/\/radiorevelacionfm.cl\/?p=35471"},"modified":"2023-09-29T19:00:58","modified_gmt":"2023-09-29T22:00:58","slug":"cicletada-y-charla-paleontologica-daran-el-vamos-al-festival-de-las-ciencias-en-coyhaique","status":"publish","type":"post","link":"https:\/\/radiorevelacionfm.cl\/?p=35471","title":{"rendered":"Cicletada y charla paleontol\u00f3gica dar\u00e1n el vamos al Festival de las Ciencias en Coyhaique"},"content":{"rendered":"<div class=\"flex_column av_one_full  flex_column_div av-zero-column-padding first  avia-builder-el-0  el_before_av_one_full  avia-builder-el-first  \" style='border-radius:0px; '><div  class='avia-image-container  av-styling-    avia-builder-el-1  avia-builder-el-no-sibling  avia-align-center '  itemprop=\"image\" itemscope=\"itemscope\" itemtype=\"https:\/\/schema.org\/ImageObject\"  ><div class='avia-image-container-inner'><div class='avia-image-overlay-wrap'><img decoding=\"async\" class='wp-image-35472 avia-img-lazy-loading-not-35472 avia_image' src=\"https:\/\/radiorevelacionfm.cl\/wp-content\/uploads\/2023\/09\/aysen-cicletada-v2-1_optimized-1.jpg\" alt='' title='aysen-cicletada-v2-(1)_optimized (1)' height=\"600\" width=\"1152\"  itemprop=\"thumbnailUrl\" srcset=\"https:\/\/radiorevelacionfm.cl\/wp-content\/uploads\/2023\/09\/aysen-cicletada-v2-1_optimized-1.jpg 1152w, https:\/\/radiorevelacionfm.cl\/wp-content\/uploads\/2023\/09\/aysen-cicletada-v2-1_optimized-1-300x156.jpg 300w, https:\/\/radiorevelacionfm.cl\/wp-content\/uploads\/2023\/09\/aysen-cicletada-v2-1_optimized-1-1030x536.jpg 1030w, https:\/\/radiorevelacionfm.cl\/wp-content\/uploads\/2023\/09\/aysen-cicletada-v2-1_optimized-1-768x400.jpg 768w, https:\/\/radiorevelacionfm.cl\/wp-content\/uploads\/2023\/09\/aysen-cicletada-v2-1_optimized-1-705x367.jpg 705w, https:\/\/radiorevelacionfm.cl\/wp-content\/uploads\/2023\/09\/aysen-cicletada-v2-1_optimized-1-450x234.jpg 450w, https:\/\/radiorevelacionfm.cl\/wp-content\/uploads\/2023\/09\/aysen-cicletada-v2-1_optimized-1-600x313.jpg 600w\" sizes=\"(max-width: 1152px) 100vw, 1152px\" \/><\/div><\/div><\/div><\/div><div class=\"flex_column av_one_full  flex_column_div av-zero-column-padding first  avia-builder-el-2  el_after_av_one_full  el_before_av_one_full  column-top-margin\" style='border-radius:0px; '><section class=\"av_textblock_section \"  itemscope=\"itemscope\" itemtype=\"https:\/\/schema.org\/BlogPosting\" itemprop=\"blogPost\" ><div class='avia_textblock  '   itemprop=\"text\" ><p style=\"text-align: center;\"><strong><span style=\"font-size: 18pt;\">Cicletada y charla paleontol\u00f3gica dar\u00e1n el vamos al Festival de las Ciencias en Coyhaique<\/span><\/strong><\/p>\n<h1 style=\"text-align: center;\"><\/h1>\n<div id=\"gtx-trans\" style=\"position: absolute; left: -50px; top: 4.31534px;\">\n<div class=\"gtx-trans-icon\"><\/div>\n<\/div>\n<\/div><\/section><\/div><div class=\"flex_column av_one_full  flex_column_div av-zero-column-padding first  avia-builder-el-4  el_after_av_one_full  el_before_av_hr  column-top-margin\" style='border-radius:0px; '><section class=\"av_textblock_section \"  itemscope=\"itemscope\" itemtype=\"https:\/\/schema.org\/BlogPosting\" itemprop=\"blogPost\" ><div class='avia_textblock  '   itemprop=\"text\" ><p class=\"v1gmail-MsoSubtitle\" style=\"text-align: justify;\"><i><span lang=\"es\">Desde este domingo la comunidad podr\u00e1 disfrutar de una serie de actividades dise\u00f1adas especialmente para destacar la generaci\u00f3n del conocimiento y la tecnolog\u00eda que se realiza en la regi\u00f3n.<\/span><\/i><\/p>\n<p class=\"v1MsoNormal\" style=\"text-align: justify;\"><span lang=\"es\">Octubre inicia con el Festival de las Ciencias, el evento m\u00e1s grande de las ciencias y los conocimientos a nivel nacional organizado por el Ministerio de Ciencia, Tecnolog\u00eda, Conocimiento e Innovaci\u00f3n (MinCiencia), y que invita a participar a ni\u00f1as, ni\u00f1os, j\u00f3venes y adultos de todas las edades en cientos de actividades en m\u00e1s de 60 comunas a lo largo de todo el pa\u00eds, para que descubran la ciencia que les rodea y los conocimientos que poseen.<\/span><\/p>\n<p class=\"v1MsoNormal\" style=\"text-align: justify;\"><span lang=\"es\">En Coyhaique la actividad inaugural se realizar\u00e1 el domingo 1 de octubre a las 16 horas con una cicletada familiar organizada por el Museo Regional de Ays\u00e9n junto a Cicleayque. El lugar de encuentro ser\u00e1 la Plaza Pentagonal, donde comenzar\u00e1 un recorrido por diferentes puntos de la ciudad para culminar en el museo con la charla \u00abEl plesiosaurio y otros grandes descubrimientos de Ays\u00e9n\u00bb, a cargo del paleont\u00f3logo Leonardo P\u00e9rez.<\/span><\/p>\n<p class=\"v1MsoNormal\" style=\"text-align: justify;\"><span lang=\"es\">El 5 de octubre el Instituto Forestal (INFOR) realizar\u00e1 un taller pr\u00e1ctico en el Liceo Bicentenario Rural Cerro Castillo sobre el uso de le\u00f1a de calidad, dirigido a los estudiantes del recinto.<\/span><\/p>\n<p class=\"v1MsoNormal\" style=\"text-align: justify;\"><span lang=\"es\">Los d\u00edas 6 y 7 de octubre las familias tambi\u00e9n podr\u00e1n participar de una feria interactiva en el Museo Regional, donde expondr\u00e1n diversas organizaciones, instituciones y emprendimientos relacionados con el arte y la ciencia. \u00c9sta contempla talleres de origami, arte digital y realidad aumentada, fotograf\u00eda, fabricaci\u00f3n de instrumentos, adem\u00e1s de demostraciones de pintura, cuenta cuentos, m\u00fasica y m\u00e1s.<\/span><\/p>\n<p class=\"v1MsoNormal\" style=\"text-align: justify;\"><span lang=\"es\">La Seremi de Ciencia, Ver\u00f3nica Vallejos, coment\u00f3 que el Festival de las Ciencias es una gran oportunidad para que \u00ablas personas, independiente a su edad, puedan conocer desde un punto de vista diferente el entorno que habitan y descubrir los conocimientos que se han generado. En esta ocasi\u00f3n el Museo Regional de Ays\u00e9n, junto a otras instituciones asociadas, est\u00e1n organizando una serie de actividades pensadas en fomentar la generaci\u00f3n de saberes, resaltando el valor cient\u00edfico principalmente. As\u00ed que les invito a visitar la p\u00e1gina web\u00a0<a href=\"http:\/\/www.festivaldelasciencias.cl\/\" target=\"_blank\" rel=\"noopener noreferrer\">https:\/\/festivaldelasciencias.cl\/<\/a>, donde podr\u00e1n ver toda la oferta de actividades, los lugares y horarios donde se van a realizar\u00bb.<\/span><\/p>\n<p class=\"v1MsoNormal\" style=\"text-align: justify;\"><span lang=\"es\">\u00abEste evento tiene como objetivo acercar la ciencia y la tecnolog\u00eda a la ciudadan\u00eda, a trav\u00e9s de actividades educativas, l\u00fadicas y participativas, y como museo hemos querido combinar la ciencia regional con la creaci\u00f3n art\u00edstica de nuestro territorio. Queremos que disfruten de esta oportunidad \u00fanica de aprender, experimentar y sorprenderse con todo lo que hemos preparado en conjunto con muchos colaboradores\u00bb, concluy\u00f3 Gustavo Saldivia, director del Museo Regional de Ays\u00e9n.<\/span><\/p>\n<\/div><\/section><\/div><div  style='height:50px' class='hr hr-invisible   avia-builder-el-6  el_after_av_one_full  el_before_av_social_share '><span class='hr-inner ' ><span class='hr-inner-style'><\/span><\/span><\/div><\/p>\n<div  class='av-social-sharing-box  avia-builder-el-7  el_after_av_hr  el_before_av_hr  '><div class='av-share-box'><h5 class='av-share-link-description av-no-toc '>Compartir esta noticia<\/h5><ul class='av-share-box-list noLightbox'><li class='av-share-link av-social-link-facebook' ><a target=\"_blank\" aria-label=\"Compartir en Facebook\" href='https:\/\/www.facebook.com\/sharer.php?u=https:\/\/radiorevelacionfm.cl\/?p=35471&#038;t=Cicletada%20y%20charla%20paleontol%C3%B3gica%20dar%C3%A1n%20el%20vamos%20al%20Festival%20de%20las%20Ciencias%20en%20Coyhaique' aria-hidden='false' data-av_icon='\ue8f3' data-av_iconfont='entypo-fontello' title='' data-avia-related-tooltip='Compartir en Facebook' rel=\"noopener\"><span class='avia_hidden_link_text'>Compartir en Facebook<\/span><\/a><\/li><li class='av-share-link av-social-link-twitter' ><a target=\"_blank\" aria-label=\"Compartir en Twitter\" href='https:\/\/twitter.com\/share?text=Cicletada%20y%20charla%20paleontol%C3%B3gica%20dar%C3%A1n%20el%20vamos%20al%20Festival%20de%20las%20Ciencias%20en%20Coyhaique&#038;url=https:\/\/radiorevelacionfm.cl\/?p=35471' aria-hidden='false' data-av_icon='\ue8f1' data-av_iconfont='entypo-fontello' title='' data-avia-related-tooltip='Compartir en Twitter' rel=\"noopener\"><span class='avia_hidden_link_text'>Compartir en Twitter<\/span><\/a><\/li><li class='av-share-link av-social-link-whatsapp' ><a target=\"_blank\" aria-label=\"Compartir en Whatsapp\" href='https:\/\/api.whatsapp.com\/send?text=https:\/\/radiorevelacionfm.cl\/?p=35471' aria-hidden='false' data-av_icon='\uf232' data-av_iconfont='entypo-fontello' title='' data-avia-related-tooltip='Compartir en Whatsapp' rel=\"noopener\"><span class='avia_hidden_link_text'>Compartir en Whatsapp<\/span><\/a><\/li><li class='av-share-link av-social-link-linkedin' ><a target=\"_blank\" aria-label=\"Compartir en LinkedIn\" href='https:\/\/linkedin.com\/shareArticle?mini=true&#038;title=Cicletada%20y%20charla%20paleontol%C3%B3gica%20dar%C3%A1n%20el%20vamos%20al%20Festival%20de%20las%20Ciencias%20en%20Coyhaique&#038;url=https:\/\/radiorevelacionfm.cl\/?p=35471' aria-hidden='false' data-av_icon='\ue8fc' data-av_iconfont='entypo-fontello' title='' data-avia-related-tooltip='Compartir en LinkedIn' rel=\"noopener\"><span class='avia_hidden_link_text'>Compartir en LinkedIn<\/span><\/a><\/li><li class='av-share-link av-social-link-mail' ><a  aria-label=\"Compartir por correo\" href='mailto:?subject=Cicletada%20y%20charla%20paleontol%C3%B3gica%20dar%C3%A1n%20el%20vamos%20al%20Festival%20de%20las%20Ciencias%20en%20Coyhaique&#038;body=https:\/\/radiorevelacionfm.cl\/?p=35471' aria-hidden='false' data-av_icon='\ue805' data-av_iconfont='entypo-fontello' title='' data-avia-related-tooltip='Compartir por correo'><span class='avia_hidden_link_text'>Compartir por correo<\/span><\/a><\/li><\/ul><\/div><\/div>\n<div  style='height:50px' class='hr hr-invisible   avia-builder-el-8  el_after_av_social_share  el_before_av_comments_list '><span class='hr-inner ' ><span class='hr-inner-style'><\/span><\/span><\/div>\n<div  class='av-buildercomment  av-blog-meta-html-info-disabled av-blog-meta-tag-disabled  '><\/div>\n","protected":false},"excerpt":{"rendered":"","protected":false},"author":1,"featured_media":35472,"comment_status":"open","ping_status":"open","sticky":false,"template":"","format":"standard","meta":{"footnotes":""},"categories":[53],"tags":[],"class_list":["post-35471","post","type-post","status-publish","format-standard","has-post-thumbnail","hentry","category-ciencia"],"jetpack_featured_media_url":"https:\/\/radiorevelacionfm.cl\/wp-content\/uploads\/2023\/09\/aysen-cicletada-v2-1_optimized-1.jpg","_links":{"self":[{"href":"https:\/\/radiorevelacionfm.cl\/index.php?rest_route=\/wp\/v2\/posts\/35471","targetHints":{"allow":["GET"]}}],"collection":[{"href":"https:\/\/radiorevelacionfm.cl\/index.php?rest_route=\/wp\/v2\/posts"}],"about":[{"href":"https:\/\/radiorevelacionfm.cl\/index.php?rest_route=\/wp\/v2\/types\/post"}],"author":[{"embeddable":true,"href":"https:\/\/radiorevelacionfm.cl\/index.php?rest_route=\/wp\/v2\/users\/1"}],"replies":[{"embeddable":true,"href":"https:\/\/radiorevelacionfm.cl\/index.php?rest_route=%2Fwp%2Fv2%2Fcomments&post=35471"}],"version-history":[{"count":1,"href":"https:\/\/radiorevelacionfm.cl\/index.php?rest_route=\/wp\/v2\/posts\/35471\/revisions"}],"predecessor-version":[{"id":35473,"href":"https:\/\/radiorevelacionfm.cl\/index.php?rest_route=\/wp\/v2\/posts\/35471\/revisions\/35473"}],"wp:featuredmedia":[{"embeddable":true,"href":"https:\/\/radiorevelacionfm.cl\/index.php?rest_route=\/wp\/v2\/media\/35472"}],"wp:attachment":[{"href":"https:\/\/radiorevelacionfm.cl\/index.php?rest_route=%2Fwp%2Fv2%2Fmedia&parent=35471"}],"wp:term":[{"taxonomy":"category","embeddable":true,"href":"https:\/\/radiorevelacionfm.cl\/index.php?rest_route=%2Fwp%2Fv2%2Fcategories&post=35471"},{"taxonomy":"post_tag","embeddable":true,"href":"https:\/\/radiorevelacionfm.cl\/index.php?rest_route=%2Fwp%2Fv2%2Ftags&post=35471"}],"curies":[{"name":"wp","href":"https:\/\/api.w.org\/{rel}","templated":true}]}}