{"id":35468,"date":"2023-09-29T18:04:52","date_gmt":"2023-09-29T21:04:52","guid":{"rendered":"https:\/\/radiorevelacionfm.cl\/?p=35468"},"modified":"2023-09-29T18:04:52","modified_gmt":"2023-09-29T21:04:52","slug":"en-coyhaique-presentan-nuevo-modelo-de-diagnostico-clinico-especializado-para-ninos-ninas-y-adolescentes-victimas-de-vulneracion-de-derechos","status":"publish","type":"post","link":"https:\/\/radiorevelacionfm.cl\/?p=35468","title":{"rendered":"En Coyhaique presentan nuevo modelo de Diagn\u00f3stico Cl\u00ednico Especializado para ni\u00f1os, ni\u00f1as y adolescentes v\u00edctimas de vulneraci\u00f3n de derechos"},"content":{"rendered":"<div class=\"flex_column av_one_full  flex_column_div av-zero-column-padding first  avia-builder-el-0  el_before_av_one_full  avia-builder-el-first  \" style='border-radius:0px; '><div  class='avia-image-container  av-styling-    avia-builder-el-1  avia-builder-el-no-sibling  avia-align-center '  itemprop=\"image\" itemscope=\"itemscope\" itemtype=\"https:\/\/schema.org\/ImageObject\"  ><div class='avia-image-container-inner'><div class='avia-image-overlay-wrap'><img decoding=\"async\" class='wp-image-35469 avia-img-lazy-loading-not-35469 avia_image' src=\"https:\/\/radiorevelacionfm.cl\/wp-content\/uploads\/2023\/09\/foto-mesa-por-la-infancia-2_optimized-1_optimized-1.jpg\" alt='' title='foto-mesa-por-la-infancia-(2)_optimized-(1)_optimized (1)' height=\"600\" width=\"1361\"  itemprop=\"thumbnailUrl\" srcset=\"https:\/\/radiorevelacionfm.cl\/wp-content\/uploads\/2023\/09\/foto-mesa-por-la-infancia-2_optimized-1_optimized-1.jpg 1361w, https:\/\/radiorevelacionfm.cl\/wp-content\/uploads\/2023\/09\/foto-mesa-por-la-infancia-2_optimized-1_optimized-1-300x132.jpg 300w, https:\/\/radiorevelacionfm.cl\/wp-content\/uploads\/2023\/09\/foto-mesa-por-la-infancia-2_optimized-1_optimized-1-1030x454.jpg 1030w, https:\/\/radiorevelacionfm.cl\/wp-content\/uploads\/2023\/09\/foto-mesa-por-la-infancia-2_optimized-1_optimized-1-768x339.jpg 768w, https:\/\/radiorevelacionfm.cl\/wp-content\/uploads\/2023\/09\/foto-mesa-por-la-infancia-2_optimized-1_optimized-1-705x311.jpg 705w, https:\/\/radiorevelacionfm.cl\/wp-content\/uploads\/2023\/09\/foto-mesa-por-la-infancia-2_optimized-1_optimized-1-450x198.jpg 450w, https:\/\/radiorevelacionfm.cl\/wp-content\/uploads\/2023\/09\/foto-mesa-por-la-infancia-2_optimized-1_optimized-1-600x265.jpg 600w\" sizes=\"(max-width: 1361px) 100vw, 1361px\" \/><\/div><\/div><\/div><\/div><div class=\"flex_column av_one_full  flex_column_div av-zero-column-padding first  avia-builder-el-2  el_after_av_one_full  el_before_av_one_full  column-top-margin\" style='border-radius:0px; '><section class=\"av_textblock_section \"  itemscope=\"itemscope\" itemtype=\"https:\/\/schema.org\/BlogPosting\" itemprop=\"blogPost\" ><div class='avia_textblock  '   itemprop=\"text\" ><p style=\"text-align: center;\"><strong><span style=\"font-size: 18pt;\">En Coyhaique presentan nuevo modelo de Diagn\u00f3stico Cl\u00ednico Especializado para ni\u00f1os, ni\u00f1as y adolescentes v\u00edctimas de vulneraci\u00f3n de derechos<\/span><\/strong><\/p>\n<div id=\"gtx-trans\" style=\"position: absolute; left: -50px; top: 4.31534px;\">\n<div class=\"gtx-trans-icon\"><\/div>\n<\/div>\n<\/div><\/section><\/div><div class=\"flex_column av_one_full  flex_column_div av-zero-column-padding first  avia-builder-el-4  el_after_av_one_full  el_before_av_hr  column-top-margin\" style='border-radius:0px; '><section class=\"av_textblock_section \"  itemscope=\"itemscope\" itemtype=\"https:\/\/schema.org\/BlogPosting\" itemprop=\"blogPost\" ><div class='avia_textblock  '   itemprop=\"text\" ><p class=\"v1MsoNormal\" style=\"text-align: justify;\">La Mesa Intersectorial por la Infancia de la jurisdicci\u00f3n Coyhaique sesion\u00f3 el pasado martes 26 de septiembre, con el objetivo de conocer el nuevo modelo de Diagn\u00f3stico Cl\u00ednico Especializado (DCE), que se implementar\u00e1 en la regi\u00f3n a partir del mes de diciembre. Este modelo permitir\u00e1 la elaboraci\u00f3n de Planes de Intervenci\u00f3n Individual (PII) cuando se constate una vulneraci\u00f3n de derechos, siendo la \u00fanica puerta de entrada a la red de protecci\u00f3n especializada.<\/p>\n<p class=\"v1MsoNormal\" style=\"text-align: justify;\">La instancia, desarrollada de manera virtual, cont\u00f3 con la presencia del presidente de la Corte de Apelaciones de Coyhaique, ministro Jos\u00e9 Ignacio Mora, la ministra Natalia Rencoret Oliva, encargada de Asuntos Familia de la jurisdicci\u00f3n, Samuel Navarro, Seremi de Justicia y Derechos Humanos, profesionales de la Seremi de Desarrollo Social y Familia,\u00a0representantes de la Defensor\u00eda de la Ni\u00f1ez y Adolescencia, programas de representaci\u00f3n jur\u00eddica a ni\u00f1os, ni\u00f1as y adolescentes de la regi\u00f3n, \u00a0el Servicio de Salud Ays\u00e9n, jueces, administradores, consejeros t\u00e9cnicos y funcionarios judiciales.<\/p>\n<p class=\"v1MsoNormal\" style=\"text-align: justify;\">La exposici\u00f3n estuvo a cargo de la directora (s) del Servicio de Protecci\u00f3n Especializada a la Ni\u00f1ez y Adolescencia, Gabriela Opazo.<\/p>\n<p class=\"v1MsoNormal\" style=\"text-align: justify;\">En relaci\u00f3n a esto, el ministro Jos\u00e9 Ignacio Mora afirm\u00f3: \u00abSin duda, estamos ante un cambio de paradigma y un gran desaf\u00edo que apunta a un exhaustivo an\u00e1lisis de la situaci\u00f3n de cada ni\u00f1o, ni\u00f1a y adolescente, y que a su vez permitir\u00e1 definir un plan personalizado e integral para cada caso\u00bb.<\/p>\n<p class=\"v1MsoNormal\" style=\"text-align: justify;\">\u00abEsta l\u00ednea program\u00e1tica, establecida por el legislador, permitir\u00e1 una mayor eficiencia y efectividad en el abordaje de la situaci\u00f3n proteccional de los ni\u00f1os y ni\u00f1as, en comparaci\u00f3n con los diagn\u00f3sticos ambulatorios denominados DAM, cuya tardanza a nivel nacional se ha hecho evidente. Adem\u00e1s, plantea el uso de t\u00e9cnicas que responden a la experiencia internacional y se concluir\u00e1 con un producto que el tribunal podr\u00e1 apreciar y estudiar, en el cual se propone la l\u00ednea de atenci\u00f3n y programa que debiese ser elegido para la restituci\u00f3n de los derechos vulnerados\u00bb, indic\u00f3 la ministra Natalia Rencoret.<\/p>\n<p class=\"v1MsoNormal\" style=\"text-align: justify;\">La directora (s) Gabriela Opazo Pino expres\u00f3: \u00abNuestro Servicio de Protecci\u00f3n Especializada present\u00f3 a la Mesa T\u00e9cnica Interinstitucional, liderada por la Corte de Apelaciones, los avances en la implementaci\u00f3n de la primera l\u00ednea de acci\u00f3n del Servicio: Diagn\u00f3stico cl\u00ednico, seguimiento de casos y Pericia\u00bb.<\/p>\n<p class=\"v1MsoNormal\" style=\"text-align: justify;\">Agreg\u00f3: \u00abAgradecemos, por supuesto, a los ministros, magistrados, consejeros y consejeras t\u00e9cnicas y otras instituciones que asistieron a la instancia, ya que esta implementaci\u00f3n y la entrada en funcionamiento de este proyecto, es un hito hist\u00f3rico, ya que va a marcar una serie de cambios en nuestra oferta proteccional, que va a mejorar significativamente la calidad de atenci\u00f3n para ni\u00f1os, ni\u00f1as y adolescentes, as\u00ed como tambi\u00e9n va a permitir que nuestra Direcci\u00f3n Regional llegue a m\u00e1s ni\u00f1os, ni\u00f1as y adolescentes del territorio. La regi\u00f3n de Ays\u00e9n contar\u00e1 con tres proyectos de Diagn\u00f3stico cl\u00ednico, lo que implica un aumento del 66% en las plazas que corresponden a la cantidad de ni\u00f1os que vamos a poder atender\u00bb.<\/p>\n<p class=\"v1MsoNormal\" style=\"text-align: justify;\"><b>De Diagn\u00f3stico Ambulatorio (DAM) a Diagn\u00f3stico Cl\u00ednico Especializado (DCE)<\/b><\/p>\n<p class=\"v1MsoNormal\" style=\"text-align: justify;\">En la actualidad, la regi\u00f3n cuenta con dos proyectos de Diagn\u00f3stico Ambulatorio<b>\u00a0(<\/b>DAM) y una capacidad de 123 plazas, lo que se ver\u00e1 mejorado con la nueva oferta program\u00e1tica del Diagn\u00f3stico Cl\u00ednico Especializado que incluye tres proyectos con un total de 204 plazas, lo que significa un aumento del 66% de la capacidad actual. Se proyecta que DCE inicie en el territorio regional el 1 de diciembre, para lo cual se ha iniciado un proceso de capacitaci\u00f3n que incluye a profesionales del Servicio de Protecci\u00f3n Especializada, del proyecto DAM y de oferta especializada, as\u00ed como a colaboradores acreditados.<\/p>\n<\/div><\/section><\/div><div  style='height:50px' class='hr hr-invisible   avia-builder-el-6  el_after_av_one_full  el_before_av_social_share '><span class='hr-inner ' ><span class='hr-inner-style'><\/span><\/span><\/div><\/p>\n<div  class='av-social-sharing-box  avia-builder-el-7  el_after_av_hr  el_before_av_hr  '><div class='av-share-box'><h5 class='av-share-link-description av-no-toc '>Compartir esta noticia<\/h5><ul class='av-share-box-list noLightbox'><li class='av-share-link av-social-link-facebook' ><a target=\"_blank\" aria-label=\"Compartir en Facebook\" href='https:\/\/www.facebook.com\/sharer.php?u=https:\/\/radiorevelacionfm.cl\/?p=35468&#038;t=En%20Coyhaique%20presentan%20nuevo%20modelo%20de%20Diagn%C3%B3stico%20Cl%C3%ADnico%20Especializado%20para%20ni%C3%B1os%2C%20ni%C3%B1as%20y%20adolescentes%20v%C3%ADctimas%20de%20vulneraci%C3%B3n%20de%20derechos' aria-hidden='false' data-av_icon='\ue8f3' data-av_iconfont='entypo-fontello' title='' data-avia-related-tooltip='Compartir en Facebook' rel=\"noopener\"><span class='avia_hidden_link_text'>Compartir en Facebook<\/span><\/a><\/li><li class='av-share-link av-social-link-twitter' ><a target=\"_blank\" aria-label=\"Compartir en Twitter\" href='https:\/\/twitter.com\/share?text=En%20Coyhaique%20presentan%20nuevo%20modelo%20de%20Diagn%C3%B3stico%20Cl%C3%ADnico%20Especializado%20para%20ni%C3%B1os%2C%20ni%C3%B1as%20y%20adolescentes%20v%C3%ADctimas%20de%20vulneraci%C3%B3n%20de%20derechos&#038;url=https:\/\/radiorevelacionfm.cl\/?p=35468' aria-hidden='false' data-av_icon='\ue8f1' data-av_iconfont='entypo-fontello' title='' data-avia-related-tooltip='Compartir en Twitter' rel=\"noopener\"><span class='avia_hidden_link_text'>Compartir en Twitter<\/span><\/a><\/li><li class='av-share-link av-social-link-whatsapp' ><a target=\"_blank\" aria-label=\"Compartir en Whatsapp\" href='https:\/\/api.whatsapp.com\/send?text=https:\/\/radiorevelacionfm.cl\/?p=35468' aria-hidden='false' data-av_icon='\uf232' data-av_iconfont='entypo-fontello' title='' data-avia-related-tooltip='Compartir en Whatsapp' rel=\"noopener\"><span class='avia_hidden_link_text'>Compartir en Whatsapp<\/span><\/a><\/li><li class='av-share-link av-social-link-linkedin' ><a target=\"_blank\" aria-label=\"Compartir en LinkedIn\" href='https:\/\/linkedin.com\/shareArticle?mini=true&#038;title=En%20Coyhaique%20presentan%20nuevo%20modelo%20de%20Diagn%C3%B3stico%20Cl%C3%ADnico%20Especializado%20para%20ni%C3%B1os%2C%20ni%C3%B1as%20y%20adolescentes%20v%C3%ADctimas%20de%20vulneraci%C3%B3n%20de%20derechos&#038;url=https:\/\/radiorevelacionfm.cl\/?p=35468' aria-hidden='false' data-av_icon='\ue8fc' data-av_iconfont='entypo-fontello' title='' data-avia-related-tooltip='Compartir en LinkedIn' rel=\"noopener\"><span class='avia_hidden_link_text'>Compartir en LinkedIn<\/span><\/a><\/li><li class='av-share-link av-social-link-mail' ><a  aria-label=\"Compartir por correo\" href='mailto:?subject=En%20Coyhaique%20presentan%20nuevo%20modelo%20de%20Diagn%C3%B3stico%20Cl%C3%ADnico%20Especializado%20para%20ni%C3%B1os%2C%20ni%C3%B1as%20y%20adolescentes%20v%C3%ADctimas%20de%20vulneraci%C3%B3n%20de%20derechos&#038;body=https:\/\/radiorevelacionfm.cl\/?p=35468' aria-hidden='false' data-av_icon='\ue805' data-av_iconfont='entypo-fontello' title='' data-avia-related-tooltip='Compartir por correo'><span class='avia_hidden_link_text'>Compartir por correo<\/span><\/a><\/li><\/ul><\/div><\/div>\n<div  style='height:50px' class='hr hr-invisible   avia-builder-el-8  el_after_av_social_share  el_before_av_comments_list '><span class='hr-inner ' ><span class='hr-inner-style'><\/span><\/span><\/div>\n<div  class='av-buildercomment  av-blog-meta-html-info-disabled av-blog-meta-tag-disabled  '><\/div>\n","protected":false},"excerpt":{"rendered":"","protected":false},"author":1,"featured_media":35469,"comment_status":"open","ping_status":"open","sticky":false,"template":"","format":"standard","meta":{"footnotes":""},"categories":[38],"tags":[],"class_list":["post-35468","post","type-post","status-publish","format-standard","has-post-thumbnail","hentry","category-regional"],"jetpack_featured_media_url":"https:\/\/radiorevelacionfm.cl\/wp-content\/uploads\/2023\/09\/foto-mesa-por-la-infancia-2_optimized-1_optimized-1.jpg","_links":{"self":[{"href":"https:\/\/radiorevelacionfm.cl\/index.php?rest_route=\/wp\/v2\/posts\/35468","targetHints":{"allow":["GET"]}}],"collection":[{"href":"https:\/\/radiorevelacionfm.cl\/index.php?rest_route=\/wp\/v2\/posts"}],"about":[{"href":"https:\/\/radiorevelacionfm.cl\/index.php?rest_route=\/wp\/v2\/types\/post"}],"author":[{"embeddable":true,"href":"https:\/\/radiorevelacionfm.cl\/index.php?rest_route=\/wp\/v2\/users\/1"}],"replies":[{"embeddable":true,"href":"https:\/\/radiorevelacionfm.cl\/index.php?rest_route=%2Fwp%2Fv2%2Fcomments&post=35468"}],"version-history":[{"count":1,"href":"https:\/\/radiorevelacionfm.cl\/index.php?rest_route=\/wp\/v2\/posts\/35468\/revisions"}],"predecessor-version":[{"id":35470,"href":"https:\/\/radiorevelacionfm.cl\/index.php?rest_route=\/wp\/v2\/posts\/35468\/revisions\/35470"}],"wp:featuredmedia":[{"embeddable":true,"href":"https:\/\/radiorevelacionfm.cl\/index.php?rest_route=\/wp\/v2\/media\/35469"}],"wp:attachment":[{"href":"https:\/\/radiorevelacionfm.cl\/index.php?rest_route=%2Fwp%2Fv2%2Fmedia&parent=35468"}],"wp:term":[{"taxonomy":"category","embeddable":true,"href":"https:\/\/radiorevelacionfm.cl\/index.php?rest_route=%2Fwp%2Fv2%2Fcategories&post=35468"},{"taxonomy":"post_tag","embeddable":true,"href":"https:\/\/radiorevelacionfm.cl\/index.php?rest_route=%2Fwp%2Fv2%2Ftags&post=35468"}],"curies":[{"name":"wp","href":"https:\/\/api.w.org\/{rel}","templated":true}]}}